{"id":296645,"date":"2025-08-04T21:44:14","date_gmt":"2025-08-04T21:44:14","guid":{"rendered":"https:\/\/www.europesays.com\/fr\/296645\/"},"modified":"2025-08-04T21:44:14","modified_gmt":"2025-08-04T21:44:14","slug":"la-ville-de-lyon-a-renove-ses-4-ehpad","status":"publish","type":"post","link":"https:\/\/www.europesays.com\/fr\/296645\/","title":{"rendered":"La Ville de Lyon a r\u00e9nov\u00e9 ses 4 EHPAD"},"content":{"rendered":"<p>En 2020 la Ville de Lyon a lanc\u00e9 un vaste plan de r\u00e9habilitation de ses Etablissements d\u2019H\u00e9bergement pour Personnes Ag\u00e9es D\u00e9pendantes. A moins d\u2019un an de la fin du mandat, ces chantiers arrivent \u00e0 leurs fins. C\u2019est notamment le cas pour l\u2019EHPAD de l\u2019Etoile du Jour dans le 5eme arrondissement<\/p>\n<p>Une fa\u00e7ade enti\u00e8rement neuve, de nouveaux espaces, de nouvelles chambres ou encore une nouvelle terrasse\u2026 L\u2019<strong><a href=\"https:\/\/www.lyon.fr\/lieu\/etablissements-personnes-agees-dependantes-ehpad\/ehpad-letoile-du-jour\" target=\"_blank\" rel=\"noreferrer noopener\">EHPAD l\u2019Etoile du Jour<\/a><\/strong> a, en 5 ans, v\u00e9cu une v\u00e9ritable m\u00e9tamorphose. Un projet de <strong>r\u00e9novation<\/strong> en plusieurs phases qui aura co\u00fbt\u00e9 plus de 12 millions d\u2019euros. Mais la <a href=\"https:\/\/www.lyon.fr\/vie-pratique\/seniors\/les-etablissements-dhebergement-pour-personnes-agees-dependantes-ehpad\" target=\"_blank\" rel=\"noreferrer noopener\">Ville de Lyon<\/a> a r\u00e9nov\u00e9 ses 4 EHPAD\u2026<\/p>\n<p>Ecoutez le podcast<\/p>\n<p>R\u00e9novation des 4 EHPAD de la Ville de Lyon<\/p>\n<p><strong>Sandrine Petit<\/strong>, directrice de l\u2019\u00e9tablissement du 5\u00e8me arrondissement, explique ce qui a \u00e9t\u00e9 fait : \u201cCe sont des <strong>travaux colossaux<\/strong> qui ont d\u00e9but\u00e9 en octobre 2019. Et m\u00eame bien avant, puisqu\u2019il y a eu tout un <strong>groupe de r\u00e9flexions<\/strong> sur l\u2019<strong>EHPAD de demain<\/strong>. L\u2019<strong>EHPAD<\/strong> qu\u2019on voulait concevoir. Et effectivement, dans les grandes phases, \u00e7a a \u00e9t\u00e9, d\u00e9j\u00e0 une phase de construction de toute une zone administrative. Avec cr\u00e9ation de <strong>25 nouvelles chambres<\/strong> ainsi que le devant du b\u00e2timent. Construction \u00e9galement \u00e0 l\u2019arri\u00e8re du b\u00e2timent, on a cr\u00e9\u00e9 une <strong>cuisine<\/strong> et une <strong>nouvelle lingerie<\/strong> qui n\u2019est pas encore fonctionnelle, mais qui le sera d\u2019ici peu. Et puis, il y a eu r\u00e9novation de l\u2019ensemble des <strong>parties communes<\/strong> qui \u00e9taient v\u00e9tustes\u2026\u201d\u00a0<\/p>\n<p>Ecoutez aussi : <a href=\"https:\/\/www.lyondemain.fr\/bistrot-bertha-ehpad-girondines\/\" target=\"_blank\" rel=\"noreferrer noopener\">Bistrot Bertha veut cr\u00e9er des lieux de vie ordinaires en EHPAD<\/a><\/p>\n<p>Une r\u00e9novation \u00e0 la fois thermique et structurelle des EHPAD <\/p>\n<p>Ces <strong>travaux<\/strong> men\u00e9s dans l\u2019EHPAD du cinqui\u00e8me arrondissement ne sont pas les seuls. La r\u00e9sidence appartient au <strong><a href=\"https:\/\/www.lyon.fr\/lieu\/structures-sociales\/centre-communal-daction-sociale\" target=\"_blank\" rel=\"noreferrer noopener\">Centre Communal d\u2019Actions Sociales de Lyon<\/a><\/strong>. Le <strong>CCAS<\/strong> poss\u00e8de un total de <strong>4 EHPAD<\/strong> sur le territoire. Lesquels ont eux tous \u00e9t\u00e9 r\u00e9nov\u00e9s par la<strong> Ville de Lyon<\/strong>, pour un total de pr\u00e8s de 40 millions d\u2019euros.<\/p>\n<p><strong>Alexandre Chevalier<\/strong>, adjoint au maire d\u00e9l\u00e9gu\u00e9 aux <strong>liens interg\u00e9n\u00e9rationnels<\/strong> et \u00e0 la <strong>qualit\u00e9 de vie des a\u00een\u00e9s<\/strong>, explique les objectifs derri\u00e8re ces travaux : \u201cLa <strong>r\u00e9novation<\/strong> avait d\u2019abord pour objectif de monter la <strong>capacit\u00e9 d\u2019accueil<\/strong>. Donc l\u00e0 aujourd\u2019hui, nos 4 EHPAD peuvent accueillir <strong>90 r\u00e9sidents<\/strong>, ce qui n\u2019\u00e9tait pas le cas pr\u00e9c\u00e9demment. L\u2019autre objectif principal, c\u2019\u00e9tait aussi la <strong>r\u00e9novation thermique<\/strong>, parce qu\u2019on avait des vraies <strong>passoires \u00e9nerg\u00e9tiques<\/strong>. Aussi bien l\u2019hiver avec des fuites de chaleur assez importantes. L\u2019\u00e9t\u00e9, les sites n\u2019\u00e9taient pas assez prot\u00e9g\u00e9s, ils devenaient ainsi des bouilloires. L\u2019autre objectif, c\u2019\u00e9tait aussi d\u2019<strong>am\u00e9liorer l\u2019accueil <\/strong>pour les r\u00e9sidents, et aussi pour le personnel. On avait quand m\u00eame certains b\u00e2timents qui n\u2019\u00e9taient pas adapt\u00e9s ou mal adapt\u00e9s en tout cas aux exigences professionnelles\u2026\u201d<\/p>\n<p>Ecoutez aussi :<a href=\"https:\/\/www.lyondemain.fr\/lyon-activites-en-ehpad\/\" target=\"_blank\" rel=\"noreferrer noopener\"> A Lyon, des activit\u00e9s en EHPAD, qu\u2019on n\u2019attend pas\u2026<\/a><\/p>\n<p><img loading=\"lazy\" decoding=\"async\" width=\"1200\" height=\"675\" src=\"https:\/\/www.europesays.com\/fr\/wp-content\/uploads\/2025\/08\/4-EHPAD-LEtoile-du-Jour.png\" alt=\" 4 EHPAD\" class=\"wp-image-250843\"  \/>L\u2019Etoile du Jour<\/p>\n<p>J\u2019aime \u00e7a\u00a0:<\/p>\n<p>J\u2019aime chargement\u2026<\/p>\n<p><a class=\"sd-link-color\"\/><\/p>\n<p>\n\tArticles similaires\n<\/p>\n<p>\t\t\t\t<img decoding=\"async\" src=\"https:\/\/www.europesays.com\/fr\/wp-content\/uploads\/2025\/08\/1754343854_470_7866158698e17e8ed633c05e8f8e7fe5d9e057ad78661c4dc34e413abb6b9f19\" alt=\"G\u00e9rald Bouchon\"\/><\/p>\n<p>Pionnier des radios libres, passionn\u00e9 de radio, journaliste et dirigeant de m\u00e9dias \u00e9co-responsables..<\/p>\n","protected":false},"excerpt":{"rendered":"En 2020 la Ville de Lyon a lanc\u00e9 un vaste plan de r\u00e9habilitation de ses Etablissements d\u2019H\u00e9bergement pour&hellip;\n","protected":false},"author":2,"featured_media":296646,"comment_status":"","ping_status":"","sticky":false,"template":"","format":"standard","meta":{"footnotes":""},"categories":[1889],"tags":[1111,11,43700,2430,43701,43702,12216,1777,674,1011,27,43703,23383,2428,12,2571,716,26016,25,3552,3291],"class_list":{"0":"post-296645","1":"post","2":"type-post","3":"status-publish","4":"format-standard","5":"has-post-thumbnail","7":"category-lyon","8":"tag-actu","9":"tag-actualites","10":"tag-alexandre-chevalier","11":"tag-auvergne-rhone-alpes","12":"tag-ccas-de-lyon","13":"tag-centre-communal-daction-sociale","14":"tag-ehpad","15":"tag-eu","16":"tag-europe","17":"tag-fr","18":"tag-france","19":"tag-letoile-du-jour","20":"tag-lien-intergenerationnel","21":"tag-lyon","22":"tag-news","23":"tag-personnes-agees","24":"tag-renovation","25":"tag-renovation-energetique","26":"tag-republique-francaise","27":"tag-seniors","28":"tag-ville-de-lyon"},"share_on_mastodon":{"url":"https:\/\/pubeurope.com\/@fr\/114972686201321341","error":""},"_links":{"self":[{"href":"https:\/\/www.europesays.com\/fr\/wp-json\/wp\/v2\/posts\/296645","targetHints":{"allow":["GET"]}}],"collection":[{"href":"https:\/\/www.europesays.com\/fr\/wp-json\/wp\/v2\/posts"}],"about":[{"href":"https:\/\/www.europesays.com\/fr\/wp-json\/wp\/v2\/types\/post"}],"author":[{"embeddable":true,"href":"https:\/\/www.europesays.com\/fr\/wp-json\/wp\/v2\/users\/2"}],"replies":[{"embeddable":true,"href":"https:\/\/www.europesays.com\/fr\/wp-json\/wp\/v2\/comments?post=296645"}],"version-history":[{"count":0,"href":"https:\/\/www.europesays.com\/fr\/wp-json\/wp\/v2\/posts\/296645\/revisions"}],"wp:featuredmedia":[{"embeddable":true,"href":"https:\/\/www.europesays.com\/fr\/wp-json\/wp\/v2\/media\/296646"}],"wp:attachment":[{"href":"https:\/\/www.europesays.com\/fr\/wp-json\/wp\/v2\/media?parent=296645"}],"wp:term":[{"taxonomy":"category","embeddable":true,"href":"https:\/\/www.europesays.com\/fr\/wp-json\/wp\/v2\/categories?post=296645"},{"taxonomy":"post_tag","embeddable":true,"href":"https:\/\/www.europesays.com\/fr\/wp-json\/wp\/v2\/tags?post=296645"}],"curies":[{"name":"wp","href":"https:\/\/api.w.org\/{rel}","templated":true}]}}