{"id":296649,"date":"2025-08-04T21:48:13","date_gmt":"2025-08-04T21:48:13","guid":{"rendered":"https:\/\/www.europesays.com\/fr\/296649\/"},"modified":"2025-08-04T21:48:13","modified_gmt":"2025-08-04T21:48:13","slug":"une-francaise-de-23-ans-retrouvee-morte-au-cambodge-deux-jours-apres-sa-disparition","status":"publish","type":"post","link":"https:\/\/www.europesays.com\/fr\/296649\/","title":{"rendered":"Une Fran\u00e7aise de 23\u00a0ans retrouv\u00e9e morte au Cambodge, deux jours apr\u00e8s sa disparition"},"content":{"rendered":"<p class=\"paragraph text_align_left lp-f-body-02\">La jeune femme de 23 ans avait voyag\u00e9 sans prendre l\u2019avion, en direction du Cambodge, o\u00f9 elle s\u2019\u00e9tait install\u00e9e. Lisa Girard-Fabre a \u00e9t\u00e9 retrouv\u00e9e morte, ce lundi, deux jours apr\u00e8s sa disparition, pr\u00e8s d\u2019un temple bouddhiste \u00e0 c\u00f4t\u00e9 de la ville de Siem Reap, selon les autorit\u00e9s cambodgiennes, cit\u00e9es par le <a href=\"https:\/\/www.khmertimeskh.com\/501732393\/missing-frenchwoman-found-dead-in-siem-reap-crime-ruled-out\/\" target=\"_blank\" rel=\"nofollow noopener\">Khmer Times<\/a>.<\/p>\n<p class=\"paragraph text_align_left lp-f-body-02\">Le rapport d\u2019autopsie r\u00e9v\u00e8le qu\u2019elle serait d\u00e9c\u00e9d\u00e9e d\u2019\u00e9puisement suite \u00e0 une course sur une longue distance, a d\u00e9clar\u00e9 Touch Sokun, chef adjoint de la police provinciale de Siem Reap, cit\u00e9 par le journal local. \u00ab Je tiens \u00e0 pr\u00e9ciser que le d\u00e9c\u00e8s de la victime n\u2019est li\u00e9 \u00e0 aucun crime ni meurtre \u00bb, a-t-il d\u00e9clar\u00e9.<\/p>\n<p class=\"paragraph text_align_left lp-f-body-02\">Sur <a href=\"https:\/\/www.facebook.com\/lisa.girard.7169\/posts\/2884356691767739:1919566525545152?__cft__[0]=AZXCtv0tjjtoB6I4uQHk0jBXo2Ptc7Fh6z9uLPCmMIEEo5MbYWxkRfYYLPiCnU0yTCXJeXeiCQxmVHv78eNdFvqh9uYmImgVZE4jO2ayCx2PtmpwFj1G4lb38OprEuynkkVNC_PclehiKHN1XmQ7ag4KdepKaceMFkTsBPBT8scmPA&amp;__tn__=%2CO%2CP-R\" target=\"_blank\" rel=\"noreferrer nofollow noopener\">Facebook<\/a>, la jeune femme racontait mi-juin qu\u2019elle se pr\u00e9parait pour courir le semi-marathon d\u2019Angkor, pr\u00e9vu ce dimanche 3 ao\u00fbt. Partie en footing le matin du samedi 2 ao\u00fbt, la Tarnaise avait \u00e9t\u00e9 vue pour la derni\u00e8re fois, pr\u00e8s d\u2019un temple. <\/p>\n<p class=\"paragraph text_align_left lp-f-body-02\">Sur les r\u00e9seaux sociaux, une amie qui avait organis\u00e9 les recherches a annonc\u00e9, en milieu de journ\u00e9e ce lundi, que \u00ab le corps de Lisa a \u00e9t\u00e9 retrouv\u00e9 ce matin. Merci pour le soutien de tous ceux qui l\u2019ont cherch\u00e9e ou lui ont offert de l\u2019aide \u00bb. Son corps a \u00e9t\u00e9 remis \u00e0 l\u2019ambassade de France, a pr\u00e9cis\u00e9 Touch Sokun.<\/p>\n<p class=\"lp-card-podcast-highlighting__title  lp-f-subtitle-05\">[2\/4] C\u00e9cile Vallin, les secrets d\u2019une disparition <\/p>\n<p class=\"lp-card-podcast-highlighting__description lp-f-ui-05\">Crime story raconte chaque semaine les grandes affaires criminelles.<\/p>\n<p><a class=\"lp-card-podcast-highlighting__call-to-action\" data-page-type=\"HP\" data-block-name=\"podcast-highlight\">\u00c9couter<\/a>\u00ab C\u2019\u00e9tait une bonne b\u00e9n\u00e9vole \u00bb<\/p>\n<p class=\"paragraph text_align_left lp-f-body-02\">La recherche a dur\u00e9 deux jours en mobilisant la police locale et ses amis. Lisa \u00e9tait venue au <a href=\"https:\/\/www.leparisien.fr\/international\/la-thailande-et-le-cambodge-ont-convenu-dun-cessez-le-feu-immediat-et-inconditionnel-28-07-2025-54JXSHJSGVBD3LNMEYBF2FCLCM.php\" target=\"_self\" rel=\"nofollow noopener\">Cambodge<\/a> en 2024, apr\u00e8s quatre mois de voyage en stop entre Paris et Phnom Penh, qui lui avait permis de collecter des fonds pour l\u2019association Pour un Sourire d\u2019Enfant.<\/p>\n<p class=\"paragraph text_align_left lp-f-body-02\">La jeune femme \u00e9tait toujours volontaire dans cette ONG cambodgienne qui aide les enfants d\u00e9favoris\u00e9s et d\u00e9scolaris\u00e9s du pays, notamment par le biais de parrainages.<\/p>\n<p class=\"paragraph text_align_left lp-f-body-02\">\u00ab C\u2019\u00e9tait une bonne b\u00e9n\u00e9vole qui aidait Pour un Sourire d\u2019Enfant. Elle aimait les enfants cambodgiens et voulait aider les Cambodgiens \u00bb a d\u00e9clar\u00e9 Men Makara, la directrice adjointe \u00e0 l\u2019\u00e9ducation de l\u2019ONG.<\/p>\n","protected":false},"excerpt":{"rendered":"La jeune femme de 23 ans avait voyag\u00e9 sans prendre l\u2019avion, en direction du Cambodge, o\u00f9 elle s\u2019\u00e9tait&hellip;\n","protected":false},"author":2,"featured_media":296650,"comment_status":"","ping_status":"","sticky":false,"template":"","format":"standard","meta":{"footnotes":""},"categories":[1888],"tags":[1111,1928,11,1927,1777,674,118,1011,27,12,1926,626,1925,25],"class_list":{"0":"post-296649","1":"post","2":"type-post","3":"status-publish","4":"format-standard","5":"has-post-thumbnail","7":"category-paris","8":"tag-actu","9":"tag-actu-paris","10":"tag-actualites","11":"tag-actualites-paris","12":"tag-eu","13":"tag-europe","14":"tag-faits-divers","15":"tag-fr","16":"tag-france","17":"tag-news","18":"tag-news-paris","19":"tag-paris","20":"tag-paris-news","21":"tag-republique-francaise"},"share_on_mastodon":{"url":"https:\/\/pubeurope.com\/@fr\/114972701821658601","error":""},"_links":{"self":[{"href":"https:\/\/www.europesays.com\/fr\/wp-json\/wp\/v2\/posts\/296649","targetHints":{"allow":["GET"]}}],"collection":[{"href":"https:\/\/www.europesays.com\/fr\/wp-json\/wp\/v2\/posts"}],"about":[{"href":"https:\/\/www.europesays.com\/fr\/wp-json\/wp\/v2\/types\/post"}],"author":[{"embeddable":true,"href":"https:\/\/www.europesays.com\/fr\/wp-json\/wp\/v2\/users\/2"}],"replies":[{"embeddable":true,"href":"https:\/\/www.europesays.com\/fr\/wp-json\/wp\/v2\/comments?post=296649"}],"version-history":[{"count":0,"href":"https:\/\/www.europesays.com\/fr\/wp-json\/wp\/v2\/posts\/296649\/revisions"}],"wp:featuredmedia":[{"embeddable":true,"href":"https:\/\/www.europesays.com\/fr\/wp-json\/wp\/v2\/media\/296650"}],"wp:attachment":[{"href":"https:\/\/www.europesays.com\/fr\/wp-json\/wp\/v2\/media?parent=296649"}],"wp:term":[{"taxonomy":"category","embeddable":true,"href":"https:\/\/www.europesays.com\/fr\/wp-json\/wp\/v2\/categories?post=296649"},{"taxonomy":"post_tag","embeddable":true,"href":"https:\/\/www.europesays.com\/fr\/wp-json\/wp\/v2\/tags?post=296649"}],"curies":[{"name":"wp","href":"https:\/\/api.w.org\/{rel}","templated":true}]}}