{"id":296651,"date":"2025-08-04T21:49:12","date_gmt":"2025-08-04T21:49:12","guid":{"rendered":"https:\/\/www.europesays.com\/fr\/296651\/"},"modified":"2025-08-04T21:49:12","modified_gmt":"2025-08-04T21:49:12","slug":"mercato-lenorme-cadeau-du-barca-a-paris-2","status":"publish","type":"post","link":"https:\/\/www.europesays.com\/fr\/296651\/","title":{"rendered":"Mercato, l&rsquo;\u00e9norme cadeau du Bar\u00e7a \u00e0 Paris"},"content":{"rendered":"<p class=\"mb-4 text-lg md:leading-8 break-words\">Ambitieux et offensif sur le march\u00e9 des transferts, le Paris FC continue de surprendre.<a href=\"https:\/\/fr.news.yahoo.com\/sport\/ligue-1-grandes-ambitions-paris-173638614.html\" data-ylk=\"slk:\u00a0Pour sa toute premi\u00e8re saison dans l\u2019\u00e9lite du football fran\u00e7ais, le club parisien multiplie les op\u00e9rations audacieuses.\u00a0;elm:context_link;itc:0;sec:content-canvas;outcm:mb_qualified_link;_E:mb_qualified_link;ct:story;\" class=\"link  yahoo-link\" target=\"_blank\" rel=\"noopener\">\u00a0Pour sa toute premi\u00e8re saison dans l\u2019\u00e9lite du football fran\u00e7ais, le club parisien multiplie les op\u00e9rations audacieuses.\u00a0<\/a>Un nouveau nom s\u2019est r\u00e9cemment invit\u00e9 sur les tablettes de la direction francilienne, avec \u00e0 la cl\u00e9 un possible coup de ma\u00eetre. Une opportunit\u00e9 all\u00e9chante venue de Barcelone pourrait bien renforcer l\u2019effectif du PFC dans les jours \u00e0 venir.<\/p>\n<p>Hector Fort, une cible prometteuse pour le Paris FC<img alt=\"Hector Fort, une cible prometteuse pour le Paris FC\" loading=\"lazy\" width=\"960\" height=\"540\" decoding=\"async\" data-nimg=\"1\" class=\"rounded-lg\" style=\"color:transparent\" src=\"https:\/\/www.europesays.com\/fr\/wp-content\/uploads\/2025\/08\/c761142bb58d02fe9c92e3e8c2c66263.jpeg\"\/><\/p>\n<p>Hector Fort, une cible prometteuse pour le Paris FC<\/p>\n<p class=\"mb-4 text-lg md:leading-8 break-words\"><a href=\"https:\/\/fr.news.yahoo.com\/sport\/mercato-paris-fonce-nouveau-crack-161735733.html\" data-ylk=\"slk:Parmi les pistes explor\u00e9es par le Paris FC cet \u00e9t\u00e9, celle menant \u00e0 Hector Fort suscite un engouement croissant;elm:context_link;itc:0;sec:content-canvas;outcm:mb_qualified_link;_E:mb_qualified_link;ct:story;\" class=\"link  yahoo-link\" target=\"_blank\" rel=\"noopener\">Parmi les pistes explor\u00e9es par le Paris FC cet \u00e9t\u00e9, celle menant \u00e0 Hector Fort suscite un engouement croissant<\/a>. Le jeune lat\u00e9ral droit du FC Barcelone, \u00e2g\u00e9 de seulement 19 ans, int\u00e9resse vivement les dirigeants parisiens. Actuellement barr\u00e9 par la concurrence de Jules Kound\u00e9 et Eric Garcia au sein du club catalan, Hector Fort appara\u00eet comme un profil id\u00e9al pour un pr\u00eat. Le PFC, qui a d\u00e9j\u00e0 investi pr\u00e8s de 35 millions d\u2019euros sur ce mercato (notamment sur Otavio, Moses Simon ou Thibault De Smet), esp\u00e8re d\u00e9sormais convaincre le Bar\u00e7a de lui c\u00e9der son talent.<\/p>\n<p class=\"mb-4 text-lg md:leading-8 break-words\">D\u2019apr\u00e8s les informations relay\u00e9es par Mundo Deportivo, l\u2019affaire pourrait bien se conclure dans un avenir proche. Le m\u00e9dia catalan confirme que le Bar\u00e7a ne s\u2019opposera pas \u00e0 un d\u00e9part temporaire d\u2019Hector Fort et qu\u2019un pr\u00eat semble \u00eatre le sc\u00e9nario pr\u00e9f\u00e9r\u00e9 des Blaugranas.<\/p>\n<p>Le Bar\u00e7a offre Hector Fort sur plateau au PFC<img alt=\"Le Bar\u00e7a offre Hector Fort sur plateau au PFC \" loading=\"lazy\" width=\"960\" height=\"540\" decoding=\"async\" data-nimg=\"1\" class=\"rounded-lg\" style=\"color:transparent\" src=\"https:\/\/www.europesays.com\/fr\/wp-content\/uploads\/2025\/08\/b636a953b2c53a6d8fd27dda8c1178b9.jpeg\"\/><\/p>\n<p>Le Bar\u00e7a offre Hector Fort sur plateau au PFC<\/p>\n<p class=\"mb-4 text-lg md:leading-8 break-words\">Toujours selon Mundo Deportivo, <a href=\"https:\/\/www.footmercato.net\/a3909728292488215272-mercato-le-fc-barcelone-rend-un-grand-service-au-paris-fc\" rel=\"nofollow noopener\" target=\"_blank\" data-ylk=\"slk:la direction du FC Barcelone encourage m\u00eame Hector Fort \u00e0 tenter l\u2019aventure dans un autre championnat pour gagner en exp\u00e9rience;elm:context_link;itc:0;sec:content-canvas\" class=\"link \">la direction du FC Barcelone encourage m\u00eame Hector Fort \u00e0 tenter l\u2019aventure dans un autre championnat pour gagner en exp\u00e9rience<\/a>. Le club formateur du joueur souhaiterait cependant garder un \u0153il sur son \u00e9volution. Il est ainsi question d\u2019un pr\u00eat avec une option de rachat ou un pourcentage \u00e0 la revente, \u00e9l\u00e9ments que le Bar\u00e7a voudrait inclure dans toute n\u00e9gociation avec le Paris FC.<\/p>\n<p class=\"mb-4 text-lg md:leading-8 break-words\">\u00a0<\/p>\n<p class=\"mb-4 text-lg md:leading-8 break-words\">En interne, les discussions sont positives, mais une incertitude demeure : la concurrence. Plusieurs clubs de Liga se seraient \u00e9galement positionn\u00e9s sur Hector Fort, pr\u00eats \u00e0 profiter de sa situation d\u00e9licate en Catalogne. Le Paris FC devra donc jouer finement s\u2019il veut empocher ce joli cadeau de la part du champion d\u2019Espagne en titre.<\/p>\n","protected":false},"excerpt":{"rendered":"Ambitieux et offensif sur le march\u00e9 des transferts, le Paris FC continue de surprendre.\u00a0Pour sa toute premi\u00e8re saison&hellip;\n","protected":false},"author":2,"featured_media":289863,"comment_status":"","ping_status":"","sticky":false,"template":"","format":"standard","meta":{"footnotes":""},"categories":[1888],"tags":[1111,1928,11,1927,9222,1777,674,7482,1011,27,43704,42893,13298,12,1926,42892,626,445,1925,43705,25,43706],"class_list":{"0":"post-296651","1":"post","2":"type-post","3":"status-publish","4":"format-standard","5":"has-post-thumbnail","7":"category-paris","8":"tag-actu","9":"tag-actu-paris","10":"tag-actualites","11":"tag-actualites-paris","12":"tag-barca","13":"tag-eu","14":"tag-europe","15":"tag-fort","16":"tag-fr","17":"tag-france","18":"tag-hector-fort","19":"tag-kounde","20":"tag-moses-simon","21":"tag-news","22":"tag-news-paris","23":"tag-otavio","24":"tag-paris","25":"tag-paris-fc","26":"tag-paris-news","27":"tag-pfc","28":"tag-republique-francaise","29":"tag-thibault-de-smet"},"share_on_mastodon":{"url":"https:\/\/pubeurope.com\/@fr\/114972705772727030","error":""},"_links":{"self":[{"href":"https:\/\/www.europesays.com\/fr\/wp-json\/wp\/v2\/posts\/296651","targetHints":{"allow":["GET"]}}],"collection":[{"href":"https:\/\/www.europesays.com\/fr\/wp-json\/wp\/v2\/posts"}],"about":[{"href":"https:\/\/www.europesays.com\/fr\/wp-json\/wp\/v2\/types\/post"}],"author":[{"embeddable":true,"href":"https:\/\/www.europesays.com\/fr\/wp-json\/wp\/v2\/users\/2"}],"replies":[{"embeddable":true,"href":"https:\/\/www.europesays.com\/fr\/wp-json\/wp\/v2\/comments?post=296651"}],"version-history":[{"count":0,"href":"https:\/\/www.europesays.com\/fr\/wp-json\/wp\/v2\/posts\/296651\/revisions"}],"wp:featuredmedia":[{"embeddable":true,"href":"https:\/\/www.europesays.com\/fr\/wp-json\/wp\/v2\/media\/289863"}],"wp:attachment":[{"href":"https:\/\/www.europesays.com\/fr\/wp-json\/wp\/v2\/media?parent=296651"}],"wp:term":[{"taxonomy":"category","embeddable":true,"href":"https:\/\/www.europesays.com\/fr\/wp-json\/wp\/v2\/categories?post=296651"},{"taxonomy":"post_tag","embeddable":true,"href":"https:\/\/www.europesays.com\/fr\/wp-json\/wp\/v2\/tags?post=296651"}],"curies":[{"name":"wp","href":"https:\/\/api.w.org\/{rel}","templated":true}]}}