{"id":296652,"date":"2025-08-04T21:50:16","date_gmt":"2025-08-04T21:50:16","guid":{"rendered":"https:\/\/www.europesays.com\/fr\/296652\/"},"modified":"2025-08-04T21:50:16","modified_gmt":"2025-08-04T21:50:16","slug":"en-juillet-lactivite-des-commerces-de-mode-independants-a-baisse-de-16-2","status":"publish","type":"post","link":"https:\/\/www.europesays.com\/fr\/296652\/","title":{"rendered":"En juillet, l&rsquo;activit\u00e9 des commerces de mode ind\u00e9pendants a baiss\u00e9 de 1,6%"},"content":{"rendered":"<p class=\"article-content col-md-8 offset-md-1\">\n                                En France, l&rsquo;activit\u00e9 des commer\u00e7ants ind\u00e9pendants de l&rsquo;habillement (multimarques, franchis\u00e9s\u2026) s&rsquo;est r\u00e9tract\u00e9e de 1,6% en juillet, compar\u00e9 \u00e0 il y a un an, indique le barom\u00e8tre de la F\u00e9d\u00e9ration nationale de l&rsquo;habillement (FNH). Le bilan de la p\u00e9riode des soldes, qui s&rsquo;est achev\u00e9e le 22 juillet dernier, est plus n\u00e9gatif encore, avec une chute des ventes de 4,6%.<\/p>\n<p><img decoding=\"async\" class=\"news-image\" style=\"width:100%;\" src=\"https:\/\/www.europesays.com\/fr\/wp-content\/uploads\/2025\/08\/ecd3.jpg\" alt=\"\" loading=\"lazy\"\/> Shutterstock<\/p>\n<p class=\"col-md-8 offset-md-1 article-content--texte\">La FNH souligne que les commerces de mode ind\u00e9pendants ont pourtant jou\u00e9 le jeu des soldes avec 42% des boutiques qui ont pratiqu\u00e9 deux d\u00e9marques, et des remises de 30% au d\u00e9marrage pour 53% des magasins. \u00ab\u00a0Ces chiffres d\u00e9montrent \u00e0 nouveau que le mod\u00e8le des soldes est d\u00e9pass\u00e9 et que pour contrer les nouvelles mani\u00e8res de consommer, il est urgent de proposer des modifications dans la dur\u00e9e\u00a0\u00bb, appuie la f\u00e9d\u00e9ration.<\/p>\n<p>Durant le mois de juillet, l&rsquo;activit\u00e9 n&rsquo;a pas \u00e9t\u00e9 homog\u00e8ne dans tout le pays. L&rsquo;\u00cele-de-France affiche une hausse d&rsquo;activit\u00e9 de 5%, mais elle est \u00e0 mettre en regard avec la r\u00e9f\u00e9rence de l&rsquo;an dernier, affect\u00e9e par une baisse des ventes \u00e0 l&rsquo;approche et durant les Jeux Olympiques de Paris 2024.<\/p>\n<p class=\"col-md-8 offset-md-1 article-content--texte\">N\u00e9anmoins, les points de vente situ\u00e9s en Bretagne (+3%) et en Nouvelle-Aquitaine (+1%) sont en positif (par rapport \u00e0 juillet 2024). La situation est en revanche d\u00e9licate pour certaines r\u00e9gions telles que les Pays de la Loire (-9%), l&rsquo;Auvergne-Rh\u00f4ne-Alpes (-8%) ou encore le Centre-Val-de-Loire (-6%). Et la Corse plonge quant \u00e0 elle de 15%.\n                            <\/p>\n<p>\n                                Tous droits de reproduction et de repr\u00e9sentation r\u00e9serv\u00e9s.<br \/>\u00a9 2025 FashionNetwork.com\n                            <\/p>\n","protected":false},"excerpt":{"rendered":"En France, l&rsquo;activit\u00e9 des commer\u00e7ants ind\u00e9pendants de l&rsquo;habillement (multimarques, franchis\u00e9s\u2026) s&rsquo;est r\u00e9tract\u00e9e de 1,6% en juillet, compar\u00e9 \u00e0&hellip;\n","protected":false},"author":2,"featured_media":296313,"comment_status":"","ping_status":"","sticky":false,"template":"","format":"standard","meta":{"footnotes":""},"categories":[1888],"tags":[11,2424,537,2423,1777,674,5948,1011,27,2425,985,12,2298,626,2426,2427,25,2421,2422],"class_list":{"0":"post-296652","1":"post","2":"type-post","3":"status-publish","4":"format-standard","5":"has-post-thumbnail","7":"category-paris","8":"tag-actualites","9":"tag-beaute","10":"tag-contact","11":"tag-cosmetiques","12":"tag-eu","13":"tag-europe","14":"tag-federation-nationale-de-lhabillement","15":"tag-fr","16":"tag-france","17":"tag-luxe","18":"tag-mode","19":"tag-news","20":"tag-parfum","21":"tag-paris","22":"tag-professionnel","23":"tag-professionnels","24":"tag-republique-francaise","25":"tag-reseau","26":"tag-textile"},"share_on_mastodon":{"url":"https:\/\/pubeurope.com\/@fr\/114972709603332583","error":""},"_links":{"self":[{"href":"https:\/\/www.europesays.com\/fr\/wp-json\/wp\/v2\/posts\/296652","targetHints":{"allow":["GET"]}}],"collection":[{"href":"https:\/\/www.europesays.com\/fr\/wp-json\/wp\/v2\/posts"}],"about":[{"href":"https:\/\/www.europesays.com\/fr\/wp-json\/wp\/v2\/types\/post"}],"author":[{"embeddable":true,"href":"https:\/\/www.europesays.com\/fr\/wp-json\/wp\/v2\/users\/2"}],"replies":[{"embeddable":true,"href":"https:\/\/www.europesays.com\/fr\/wp-json\/wp\/v2\/comments?post=296652"}],"version-history":[{"count":0,"href":"https:\/\/www.europesays.com\/fr\/wp-json\/wp\/v2\/posts\/296652\/revisions"}],"wp:featuredmedia":[{"embeddable":true,"href":"https:\/\/www.europesays.com\/fr\/wp-json\/wp\/v2\/media\/296313"}],"wp:attachment":[{"href":"https:\/\/www.europesays.com\/fr\/wp-json\/wp\/v2\/media?parent=296652"}],"wp:term":[{"taxonomy":"category","embeddable":true,"href":"https:\/\/www.europesays.com\/fr\/wp-json\/wp\/v2\/categories?post=296652"},{"taxonomy":"post_tag","embeddable":true,"href":"https:\/\/www.europesays.com\/fr\/wp-json\/wp\/v2\/tags?post=296652"}],"curies":[{"name":"wp","href":"https:\/\/api.w.org\/{rel}","templated":true}]}}