{"id":296658,"date":"2025-08-04T21:54:13","date_gmt":"2025-08-04T21:54:13","guid":{"rendered":"https:\/\/www.europesays.com\/fr\/296658\/"},"modified":"2025-08-04T21:54:13","modified_gmt":"2025-08-04T21:54:13","slug":"un-megafeu-ravage-depuis-un-mois-une-partie-du-grand-canyon","status":"publish","type":"post","link":"https:\/\/www.europesays.com\/fr\/296658\/","title":{"rendered":"un m\u00e9gafeu ravage depuis un mois une partie du Grand Canyon"},"content":{"rendered":"<p>\u00ab\u00a0En d\u00e9pit d\u2019une humidit\u00e9 \u00e0 un taux tr\u00e8s faible de 4\u00a0%, (les pompiers) sont parvenus \u00e0 ma\u00eetriser la croissance de l\u2019incendie\u00a0\u00bb, a indiqu\u00e9 lundi dans un communiqu\u00e9 le commandement des soldats du feu de l\u2019\u00c9tat de l\u2019Arizona (sud-ouest). Selon le site gouvernemental InciWeb, qui surveille les incendies dans tout le pays, le \u00ab\u00a0Dragon Bravo Fire\u00a0\u00bb, qualifi\u00e9 de \u00ab\u00a0m\u00e9ga feu\u00a0\u00bb, n\u2019est contenu qu\u2019\u00e0 13\u00a0% et risque de s\u2019\u00e9tendre dans les prochains jours en raison d\u2019un temps tr\u00e8s sec et tr\u00e8s chaud en Arizona.<\/p>\n<p>Il est d\u00e9j\u00e0 le plus gros incendie de l\u2019ann\u00e9e aux \u00c9tats-Unis avec plus de 49\u00a0700 hectares partis en fum\u00e9e \u00e0 la date de lundi. Le parc du Grand Canyon, visit\u00e9 chaque ann\u00e9e par quelque 4,5\u00a0millions de touristes am\u00e9ricains et \u00e9trangers, avait ferm\u00e9 mi-juillet sa rive nord (North Rim) pour le reste de la saison, c\u2019est-\u00e0-dire jusqu\u2019au 15\u00a0octobre.<\/p>\n<p>Aucune victime<\/p>\n<p>La rive sud (South Rim) du Grand Canyon, pr\u00e9f\u00e9r\u00e9e par l\u2019immense majorit\u00e9 des visiteurs, reste, elle, encore accessible. Les autorit\u00e9s du parc, o\u00f9 une impressionnante colonne de fum\u00e9e surplombe depuis un mois l\u2019immense gorge <a href=\"https:\/\/www.sudouest.fr\/faits-divers\/incendies\/des-centaines-de-touristes-evacues-du-grand-canyon-aux-etats-unis-a-cause-d-incendies-25222531.php\" target=\"_blank\" rel=\"follow nofollow noopener\">rougeoyante creus\u00e9e par le fleuve Colorado, avaient fait \u00e9vacuer en juillet un demi-millier de touristes et employ\u00e9s<\/a>.<\/p>\n<p>\u00ab\u00a0Dragon Bravo Fire\u00a0\u00bb n\u2019a fait aucune victime mais a d\u00e9truit selon les autorit\u00e9s \u00ab\u00a0entre 50 et 80 infrastructures\u00a0\u00bb sur la rive nord, dont le seul h\u00f4tel de la zone, Grand Canyon Lodge, un b\u00e2timent des ann\u00e9es 1930 avec une vue \u00e0 couper le souffle sur l\u2019immense site naturel.<\/p>\n","protected":false},"excerpt":{"rendered":"\u00ab\u00a0En d\u00e9pit d\u2019une humidit\u00e9 \u00e0 un taux tr\u00e8s faible de 4\u00a0%, (les pompiers) sont parvenus \u00e0 ma\u00eetriser la&hellip;\n","protected":false},"author":2,"featured_media":296659,"comment_status":"","ping_status":"","sticky":false,"template":"","format":"standard","meta":{"footnotes":""},"categories":[1589],"tags":[11,73,1866,12,1864,1865,1863,308],"class_list":{"0":"post-296658","1":"post","2":"type-post","3":"status-publish","4":"format-standard","5":"has-post-thumbnail","7":"category-etats-unis","8":"tag-actualites","9":"tag-etats-unis","10":"tag-etats-unis-damerique","11":"tag-news","12":"tag-united-states","13":"tag-united-states-of-america","14":"tag-us","15":"tag-usa"},"share_on_mastodon":{"url":"https:\/\/pubeurope.com\/@fr\/114972725330081475","error":""},"_links":{"self":[{"href":"https:\/\/www.europesays.com\/fr\/wp-json\/wp\/v2\/posts\/296658","targetHints":{"allow":["GET"]}}],"collection":[{"href":"https:\/\/www.europesays.com\/fr\/wp-json\/wp\/v2\/posts"}],"about":[{"href":"https:\/\/www.europesays.com\/fr\/wp-json\/wp\/v2\/types\/post"}],"author":[{"embeddable":true,"href":"https:\/\/www.europesays.com\/fr\/wp-json\/wp\/v2\/users\/2"}],"replies":[{"embeddable":true,"href":"https:\/\/www.europesays.com\/fr\/wp-json\/wp\/v2\/comments?post=296658"}],"version-history":[{"count":0,"href":"https:\/\/www.europesays.com\/fr\/wp-json\/wp\/v2\/posts\/296658\/revisions"}],"wp:featuredmedia":[{"embeddable":true,"href":"https:\/\/www.europesays.com\/fr\/wp-json\/wp\/v2\/media\/296659"}],"wp:attachment":[{"href":"https:\/\/www.europesays.com\/fr\/wp-json\/wp\/v2\/media?parent=296658"}],"wp:term":[{"taxonomy":"category","embeddable":true,"href":"https:\/\/www.europesays.com\/fr\/wp-json\/wp\/v2\/categories?post=296658"},{"taxonomy":"post_tag","embeddable":true,"href":"https:\/\/www.europesays.com\/fr\/wp-json\/wp\/v2\/tags?post=296658"}],"curies":[{"name":"wp","href":"https:\/\/api.w.org\/{rel}","templated":true}]}}