{"id":296660,"date":"2025-08-04T21:55:12","date_gmt":"2025-08-04T21:55:12","guid":{"rendered":"https:\/\/www.europesays.com\/fr\/296660\/"},"modified":"2025-08-04T21:55:12","modified_gmt":"2025-08-04T21:55:12","slug":"la-princesse-alexia-des-pays-bas-se-distingue-a-nouveau-par-son-elegance-au-royaume-uni-une-reine-de-la-scene-londonienne","status":"publish","type":"post","link":"https:\/\/www.europesays.com\/fr\/296660\/","title":{"rendered":"La princesse Alexia des Pays-Bas se distingue \u00e0 nouveau par son \u00e9l\u00e9gance au Royaume-Uni : \u00ab\u00a0Une reine de la sc\u00e8ne londonienne\u00a0\u00bb"},"content":{"rendered":"<p class=\"ap-StoryElement ap-StoryElement--mb ap-StoryText\">\u00c0 20 ans, la princesse Alexia des Pays-Bas met tout le monde \u00e0 ses pieds. Depuis quelques ann\u00e9es d\u00e9j\u00e0, la soeur de la future h\u00e9riti\u00e8re, Catharina-Amalia, impressionne par <a href=\"https:\/\/www.parismatch.be\/actualites\/people\/2025\/06\/26\/alexia-des-pays-bas-la-princesse-au-sens-de-la-mode-tres-aiguise-fete-ses-20-ans-5W4ZS75YTVDTJDL62D7W5HJU7Q\/\" target=\"_blank\" rel=\"noopener\">ses tenues m\u00ealant aussi bien le pr\u00eat-\u00e0-porter que les marques de luxe<\/a>. Un c\u00e9l\u00e8bre magazine vient d&rsquo;ailleurs de la classer parmi les personnalit\u00e9s les mieux habill\u00e9es&#8230; du Royaume-Uni.<\/p>\n<p class=\"ap-StoryElement ap-StoryElement--mb ap-StoryText\">C&rsquo;est, en effet, \u00e0 l&rsquo;University College de Londres que la fille du roi Willem-Alexander et de la reine Maxima poursuit ses \u00e9tudes. \u00ab\u00a0Pour obtenir une place tr\u00e8s convoit\u00e9e dans la liste des &lsquo;Best Dressed in Britain&rsquo; du magazine Tatler, il faut rayonner d&rsquo;une \u00e9l\u00e9gance intemporelle et d&rsquo;une touche de ce &lsquo;je-ne-sais-quoi&rsquo; moderne\u00a0\u00bb, pr\u00e9cise le magazine qui a positionn\u00e9 la petite-fille de la reine Beatrix des Pays-Bas au cinqui\u00e8me rang.<\/p>\n<p>Pour acc\u00e9der \u00e0 cet article, veuillez vous connecter au r\u00e9seau internet.<\/p>\n","protected":false},"excerpt":{"rendered":"\u00c0 20 ans, la princesse Alexia des Pays-Bas met tout le monde \u00e0 ses pieds. Depuis quelques ann\u00e9es&hellip;\n","protected":false},"author":2,"featured_media":296661,"comment_status":"","ping_status":"","sticky":false,"template":"","format":"standard","meta":{"footnotes":""},"categories":[1588],"tags":[11,972,1777,674,985,12,973,473,1853,971,1851,1850,1852],"class_list":{"0":"post-296660","1":"post","2":"type-post","3":"status-publish","4":"format-standard","5":"has-post-thumbnail","7":"category-royaume-uni","8":"tag-actualites","9":"tag-celebrite","10":"tag-eu","11":"tag-europe","12":"tag-mode","13":"tag-news","14":"tag-people","15":"tag-royaume-uni","16":"tag-royaume-uni-de-grande-bretagne-et-dirlande-du-nord","17":"tag-royaute","18":"tag-uk","19":"tag-united-kingdom","20":"tag-united-kingdom-of-great-britain-and-northern-ireland"},"share_on_mastodon":{"url":"https:\/\/pubeurope.com\/@fr\/114972729230636865","error":""},"_links":{"self":[{"href":"https:\/\/www.europesays.com\/fr\/wp-json\/wp\/v2\/posts\/296660","targetHints":{"allow":["GET"]}}],"collection":[{"href":"https:\/\/www.europesays.com\/fr\/wp-json\/wp\/v2\/posts"}],"about":[{"href":"https:\/\/www.europesays.com\/fr\/wp-json\/wp\/v2\/types\/post"}],"author":[{"embeddable":true,"href":"https:\/\/www.europesays.com\/fr\/wp-json\/wp\/v2\/users\/2"}],"replies":[{"embeddable":true,"href":"https:\/\/www.europesays.com\/fr\/wp-json\/wp\/v2\/comments?post=296660"}],"version-history":[{"count":0,"href":"https:\/\/www.europesays.com\/fr\/wp-json\/wp\/v2\/posts\/296660\/revisions"}],"wp:featuredmedia":[{"embeddable":true,"href":"https:\/\/www.europesays.com\/fr\/wp-json\/wp\/v2\/media\/296661"}],"wp:attachment":[{"href":"https:\/\/www.europesays.com\/fr\/wp-json\/wp\/v2\/media?parent=296660"}],"wp:term":[{"taxonomy":"category","embeddable":true,"href":"https:\/\/www.europesays.com\/fr\/wp-json\/wp\/v2\/categories?post=296660"},{"taxonomy":"post_tag","embeddable":true,"href":"https:\/\/www.europesays.com\/fr\/wp-json\/wp\/v2\/tags?post=296660"}],"curies":[{"name":"wp","href":"https:\/\/api.w.org\/{rel}","templated":true}]}}