{"id":296662,"date":"2025-08-04T21:56:12","date_gmt":"2025-08-04T21:56:12","guid":{"rendered":"https:\/\/www.europesays.com\/fr\/296662\/"},"modified":"2025-08-04T21:56:12","modified_gmt":"2025-08-04T21:56:12","slug":"defense-europeenne-lallemagne-approuve-la-scission-de-la-branche-navale-du-conglomerat-thyssenkrupp-04-08-2025-a-1707","status":"publish","type":"post","link":"https:\/\/www.europesays.com\/fr\/296662\/","title":{"rendered":"D\u00e9fense europ\u00e9enne : l&rsquo;Allemagne approuve la scission de la branche navale du conglom\u00e9rat Thyssenkrupp &#8211; 04\/08\/2025 \u00e0 17:07"},"content":{"rendered":"<p> Avec ses sous-marins et ses fr\u00e9gates militaires, TKMS se positionne comme un acteur central dans la modernisation des flottes navales europ\u00e9ennes et alli\u00e9es.<\/p>\n<p>        <img fetchpriority=\"high\" decoding=\"async\" src=\"https:\/\/www.europesays.com\/fr\/wp-content\/uploads\/2025\/08\/02d7d77d9b5b203407393a5fd7fdd4f7-760x507.jpg\" alt=\"( AFP \/ INA FASSBENDER )\" loading=\"eager\" width=\"760\" height=\"507\" style=\"max-width: 100%!important; height: auto;\"\/><\/p>\n<p class=\"c-image-news__legend\">( AFP \/ INA FASSBENDER )<\/p>\n<p>\n Alors que le conglom\u00e9rat Thyssenkrupp, ancien fleuron industriel allemand, a entam\u00e9 avant l&rsquo;\u00e9t\u00e9 son d\u00e9mant\u00e8lement, le gouvernement allemand a apport\u00e9 son soutien au projet de scission de sa division navale TKMS -l&rsquo;une des rares rentables-, a affirm\u00e9 lundi 4 ao\u00fbt le pr\u00e9sident  du conseil de surveillance du groupe, en amont d&rsquo;une assembl\u00e9e devant approuver l&rsquo;op\u00e9ration.\n<\/p>\n<p>\n \u00ab\u00a0Nous nous sommes assur\u00e9s que le directoire a expliqu\u00e9 en d\u00e9tail \u00e0 la R\u00e9publique f\u00e9d\u00e9rale les plans de filialisation et de r\u00e9orientation strat\u00e9gique de TKMS, et que ces plans \u00e9taient compris et soutenus par le gouvernement\u00a0\u00bb, selon le discours de Siegfried Russwurm, premier censeur du groupe, publi\u00e9 avant une assembl\u00e9e extraordinaire des actionnaires vendredi.\n<\/p>\n<p>\n Celle-ci doit ent\u00e9riner le d\u00e9mant\u00e8lement du groupe d&rsquo;Essen (ouest) en crise, qui veut se relancer en autonomisant plusieurs de ses activit\u00e9s, dont la division maritime.\n<\/p>\n<p>\n L&rsquo;abandon de sa structure de conglom\u00e9rat, devenue obsol\u00e8te, \u00e9tait in\u00e9luctable pour Thyssenkrupp, qui incarne aujourd&rsquo;hui les d\u00e9boires de l&rsquo;\u00e9conomie allemande toute enti\u00e8re. Apr\u00e8s deux lourdes pertes annuelles,<br \/>\n <strong><br \/>\n  l&rsquo;un des plus anciens groupes industriels<br \/>\n <\/strong><br \/>\n du pays avait annonc\u00e9 en mai vouloir se m\u00e9tamorphoser en une holding plus \u00ab\u00a0flexible\u00a0\u00bb regroupant plusieurs entreprises s\u00e9par\u00e9es.\n<\/p>\n<p>\n La division marine est l&rsquo;une des rares \u00e0 \u00eatre encore profitable, tandis que l&rsquo;acier, l&rsquo;automobile et les mat\u00e9riaux ne cessent de plomber les r\u00e9sultats.\n<\/p>\n<p> \u00ab\u00a0Importance strat\u00e9gique\u00a0\u00bb<\/p>\n<p>\n \u00ab\u00a0Le directoire et le conseil de surveillance sont bien entendu conscients de l&rsquo;importance strat\u00e9gique de TKMS en mati\u00e8re de s\u00e9curit\u00e9, et c&rsquo;est pourquoi ils ont men\u00e9 un \u00e9change approfondi \u00e0 ce sujet avec les autorit\u00e9s\u00a0\u00bb allemandes, ajoute Siegfried Russwurm.\n<\/p>\n<p>\n Avec ses sous-marins et ses fr\u00e9gates militaires,<br \/>\n <strong><br \/>\n  TKMS se positionne comme un acteur central dans la modernisation des flottes navales europ\u00e9ennes et alli\u00e9es<br \/>\n <\/strong><br \/>\n , avec plusieurs commandes pass\u00e9es avec l&rsquo;arm\u00e9e allemande, norv\u00e9gienne, isra\u00e9lienne et singapourienne.\n<\/p>\n<p>\n La scission ou \u00ab\u00a0spin-off\u00a0\u00bb, qui pr\u00e9voit la distribution de 49\u202f% des parts de TKMS aux actionnaires de Thyssenkrupp, ouvre la voie \u00e0 une introduction en Bourse d&rsquo;ici \u00e0 la fin de l&rsquo;ann\u00e9e.\n<\/p>\n<p>\n Au sein de l&rsquo;indice MDax \u00e0 Francfort, l&rsquo;action Thyssenkrupp AG lachait 2,26%, \u00e0 9,67 euros, vers 13h GMT.\n<\/p>\n<p>\n L&rsquo;op\u00e9ration devrait apporter<br \/>\n <strong><br \/>\n  d&rsquo;avantage de \u00ab\u00a0visibilit\u00e9\u00a0\u00bb et de \u00ab\u00a0flexibilit\u00e9\u00a0\u00bb<br \/>\n <\/strong><br \/>\n pour TKMS, afin qu&rsquo;elle joue \u00ab\u00a0un r\u00f4le actif dans la consolidation attendue de l&rsquo;industrie europ\u00e9enne de la d\u00e9fense\u00a0\u00bb, d\u00e9clare pour sa part Miguel L\u00f3pez, pr\u00e9sident du directoire de ThyssenKrupp, dans son discours \u00e9galement mis en ligne lundi. \u00ab\u00a0C&rsquo;est pourquoi nous restons ouverts, aujourd&rsquo;hui comme \u00e0 l&rsquo;avenir, \u00e0 des discussions\u00a0\u00bb, a-t-il ajout\u00e9.\n<\/p>\n<p>\n Depuis octobre,<br \/>\n <strong><br \/>\n  TKMS a augment\u00e9 de 50% son volume de commandes<br \/>\n <\/strong><br \/>\n , \u00e0 plus de 18 \u202fmilliards d\u2019euros.<\/p>\n","protected":false},"excerpt":{"rendered":"Avec ses sous-marins et ses fr\u00e9gates militaires, TKMS se positionne comme un acteur central dans la modernisation des&hellip;\n","protected":false},"author":2,"featured_media":296663,"comment_status":"","ping_status":"","sticky":false,"template":"","format":"standard","meta":{"footnotes":""},"categories":[1587],"tags":[400,11,672,398,408,1804,405,1805,1803,1777,674,1801,403,402,399,404,12,1802,401,406,407],"class_list":{"0":"post-296662","1":"post","2":"type-post","3":"status-publish","4":"format-standard","5":"has-post-thumbnail","7":"category-allemagne","8":"tag-action-cac-40","9":"tag-actualites","10":"tag-allemagne","11":"tag-bourse-de-paris","12":"tag-boursorama","13":"tag-bundesrepublik-deutschland","14":"tag-cotations","15":"tag-de","16":"tag-deutschland","17":"tag-eu","18":"tag-europe","19":"tag-germany","20":"tag-indices-devises","21":"tag-investir","22":"tag-investissement","23":"tag-marche-boursier","24":"tag-news","25":"tag-republique-federale-dallemagne","26":"tag-sicav","27":"tag-trackers","28":"tag-warrants"},"share_on_mastodon":{"url":"https:\/\/pubeurope.com\/@fr\/114972733270550025","error":""},"_links":{"self":[{"href":"https:\/\/www.europesays.com\/fr\/wp-json\/wp\/v2\/posts\/296662","targetHints":{"allow":["GET"]}}],"collection":[{"href":"https:\/\/www.europesays.com\/fr\/wp-json\/wp\/v2\/posts"}],"about":[{"href":"https:\/\/www.europesays.com\/fr\/wp-json\/wp\/v2\/types\/post"}],"author":[{"embeddable":true,"href":"https:\/\/www.europesays.com\/fr\/wp-json\/wp\/v2\/users\/2"}],"replies":[{"embeddable":true,"href":"https:\/\/www.europesays.com\/fr\/wp-json\/wp\/v2\/comments?post=296662"}],"version-history":[{"count":0,"href":"https:\/\/www.europesays.com\/fr\/wp-json\/wp\/v2\/posts\/296662\/revisions"}],"wp:featuredmedia":[{"embeddable":true,"href":"https:\/\/www.europesays.com\/fr\/wp-json\/wp\/v2\/media\/296663"}],"wp:attachment":[{"href":"https:\/\/www.europesays.com\/fr\/wp-json\/wp\/v2\/media?parent=296662"}],"wp:term":[{"taxonomy":"category","embeddable":true,"href":"https:\/\/www.europesays.com\/fr\/wp-json\/wp\/v2\/categories?post=296662"},{"taxonomy":"post_tag","embeddable":true,"href":"https:\/\/www.europesays.com\/fr\/wp-json\/wp\/v2\/tags?post=296662"}],"curies":[{"name":"wp","href":"https:\/\/api.w.org\/{rel}","templated":true}]}}