{"id":296664,"date":"2025-08-04T21:57:10","date_gmt":"2025-08-04T21:57:10","guid":{"rendered":"https:\/\/www.europesays.com\/fr\/296664\/"},"modified":"2025-08-04T21:57:10","modified_gmt":"2025-08-04T21:57:10","slug":"des-dizaines-davions-de-lus-air-force-se-deplacent-discretement-vers-leurope-et-le-moyen-orient-que-prepare-larmee-americaine","status":"publish","type":"post","link":"https:\/\/www.europesays.com\/fr\/296664\/","title":{"rendered":"Des dizaines d&rsquo;avions de l&rsquo;US Air Force se d\u00e9placent discr\u00e8tement vers l&rsquo;Europe et le Moyen-Orient. Que pr\u00e9pare l&rsquo;arm\u00e9e am\u00e9ricaine ?"},"content":{"rendered":"<p>L\u2019intensification des tensions au Proche-Orient s\u2019accompagne de mouvements a\u00e9riens qui, \u00e0 premi\u00e8re vue, passent inaper\u00e7us. Pourtant, une observation attentive des trajectoires transatlantiques r\u00e9v\u00e8le un ballet inhabituel d\u2019avions militaires am\u00e9ricains. En quelques heures, une trentaine de ravitailleurs a quitt\u00e9 le sol des \u00c9tats-Unis pour rejoindre discr\u00e8tement l\u2019Europe, marquant le d\u00e9but d\u2019un d\u00e9ploiement militaire am\u00e9ricain d\u2019une ampleur rare. Ce pont a\u00e9rien, soigneusement structur\u00e9, laisse entrevoir une op\u00e9ration de longue haleine dont les contours strat\u00e9giques restent encore volontairement flous.<\/p>\n<p>minist\u00e8re des Arm\u00e9es, ne justifie pas un tel volume d\u2019appareils.    <\/p>\n<p>Le mouvement a d\u00e9but\u00e9 dans la discr\u00e9tion avant d\u2019appara\u00eetre sur les radars des plateformes de suivi a\u00e9rien, d\u00e9clenchant une vague de sp\u00e9culations. Pour les analystes, une telle concentration d&rsquo;avions de ravitaillement ne se con\u00e7oit qu\u2019en cas de projection militaire massive ou de soutien strat\u00e9gique \u00e0 long terme. Cette hypoth\u00e8se est renforc\u00e9e par l\u2019arriv\u00e9e simultan\u00e9e du <a href=\"https:\/\/www.science-et-vie.com\/technos-et-futur\/ce-colosse-francais-de-80-000-tonnes-simpose-comme-le-plus-grand-porte-avion-deurope-191905.html\" target=\"_blank\" rel=\"noopener\">groupe a\u00e9ronaval<\/a> USS Nimitz, qui rejoint la r\u00e9gion en remplacement anticip\u00e9 du Carl Vinson.<\/p>\n<p>\t\t\t\t<img decoding=\"async\" src=\"https:\/\/www.europesays.com\/fr\/wp-content\/uploads\/2025\/08\/1754344630_688_hqdefault.jpg\" width=\"100%\" height=\"auto\"\/><\/p>\n<p>\t\t Le d\u00e9ploiement militaire am\u00e9ricain s\u2019appuie sur une ma\u00eetrise du ravitaillement <\/p>\n<p>Le recours aux avions ravitailleurs n\u2019est pas anodin. Dans une guerre moderne, la capacit\u00e9 \u00e0 prolonger les <a href=\"https:\/\/www.science-et-vie.com\/technos-et-futur\/voici-les-10-forces-aeriennes-les-plus-puissantes-du-monde-en-2025-la-france-est-avant-derniere-192409.html\" target=\"_blank\" rel=\"noopener\">missions a\u00e9riennes<\/a> constitue un levier d\u00e9cisif. Or, Isra\u00ebl dispose d\u2019une flotte vieillissante de Boeing 707, insuffisante pour soutenir durablement des frappes en profondeur sur le territoire iranien. En d\u00e9ployant ses propres tankers, les \u00c9tats-Unis offrent la possibilit\u00e9 d\u2019un soutien a\u00e9rien indirect, qui accro\u00eet consid\u00e9rablement la port\u00e9e des op\u00e9rations isra\u00e9liennes. <a href=\"https:\/\/www.twz.com\/air\/major-u-s-middle-east-focused-buildup-confirmed\" target=\"_blank\" rel=\"nofollow noopener\">The War Zone<\/a> pr\u00e9cise que ces appareils permettent non seulement de ravitailler <a href=\"https:\/\/www.science-et-vie.com\/technos-et-futur\/decouvrez-le-rafale-licone-francaise-de-laviation-militaire-128234.html\" target=\"_blank\" rel=\"noopener\">les chasseurs<\/a>, mais aussi de couvrir les longues distances n\u00e9cessaires aux bombardiers strat\u00e9giques.<\/p>\n<p>Selon <a href=\"https:\/\/armees.com\/une-armada-invisible-quitte-les-etats-unis-que-preparent-les-forces-americaines\/\" target=\"_blank\" rel=\"nofollow noopener\">Armees.com<\/a>, une telle configuration ouvre la voie \u00e0 un pont a\u00e9rien capable de maintenir des missions transcontinentales en continu. C\u2019est notamment le cas pour les B-2 am\u00e9ricains, seuls capables de frapper les installations nucl\u00e9aires les plus profondes, comme celle de Fordo. Cette tactique renforce l\u2019endurance des forces engag\u00e9es tout en maintenant l\u2019ambigu\u00eft\u00e9 sur l\u2019implication directe des \u00c9tats-Unis dans les op\u00e9rations.<\/p>\n<p> Les sc\u00e9narios possibles derri\u00e8re cette op\u00e9ration millim\u00e9tr\u00e9e <\/p>\n<p>Plusieurs pistes \u00e9mergent pour expliquer ce d\u00e9ploiement coordonn\u00e9. L\u2019une des plus probables serait une r\u00e9ponse anticip\u00e9e \u00e0 une escalade brutale du conflit. L\u2019attaque men\u00e9e conjointement par les \u00c9tats-Unis et Isra\u00ebl sur trois sites nucl\u00e9aires iraniens le 21 juin, a \u00e9t\u00e9 qualifi\u00e9e de succ\u00e8s tactique par la Maison-Blanche, mais aussi de violation du droit international par une grande partie de la communaut\u00e9 internationale.<\/p>\n<p>D\u2019autres sc\u00e9narios \u00e9voquent un red\u00e9ploiement d\u00e9fensif pour renforcer les bases am\u00e9ricaines d\u00e9j\u00e0 pr\u00e9sentes au Moyen-Orient. Plusieurs responsables militaires ont soulign\u00e9 l\u2019importance d\u2019offrir au commandement une marge d\u2019action rapide. Ce positionnement pr\u00e9ventif permettrait aussi d\u2019organiser des \u00e9vacuations en urgence ou d\u2019intensifier la d\u00e9fense antimissile dans une r\u00e9gion sous tension constante.<\/p>\n<p>Au-del\u00e0 de la <a href=\"https:\/\/www.science-et-vie.com\/technos-et-futur\/larmee-norvegienne-a-reussi-a-prendre-le-controle-dune-bombe-larguee-par-un-avion-de-chasse-americain-en-plein-vol-206262.html\" target=\"_blank\" rel=\"noopener\">strat\u00e9gie militaire<\/a>, ce mouvement traduit une acc\u00e9l\u00e9ration dans l\u2019approche am\u00e9ricaine du conflit. Il s\u2019agit moins de participer ouvertement \u00e0 la guerre que de cr\u00e9er les conditions d\u2019une implication adaptable, r\u00e9active et techniquement pr\u00eate \u00e0 toute \u00e9ventualit\u00e9. Une fa\u00e7on d\u2019agir dans l\u2019ombre tout en pesant de tout son poids sur le cours des \u00e9v\u00e9nements.<\/p>\n","protected":false},"excerpt":{"rendered":"L\u2019intensification des tensions au Proche-Orient s\u2019accompagne de mouvements a\u00e9riens qui, \u00e0 premi\u00e8re vue, passent inaper\u00e7us. Pourtant, une observation&hellip;\n","protected":false},"author":2,"featured_media":296665,"comment_status":"","ping_status":"","sticky":false,"template":"","format":"standard","meta":{"footnotes":""},"categories":[1586],"tags":[11,1777,674,1011,27,12,25,729],"class_list":{"0":"post-296664","1":"post","2":"type-post","3":"status-publish","4":"format-standard","5":"has-post-thumbnail","7":"category-europe","8":"tag-actualites","9":"tag-eu","10":"tag-europe","11":"tag-fr","12":"tag-france","13":"tag-news","14":"tag-republique-francaise","15":"tag-yout_video"},"share_on_mastodon":{"url":"https:\/\/pubeurope.com\/@fr\/114972737165813232","error":""},"_links":{"self":[{"href":"https:\/\/www.europesays.com\/fr\/wp-json\/wp\/v2\/posts\/296664","targetHints":{"allow":["GET"]}}],"collection":[{"href":"https:\/\/www.europesays.com\/fr\/wp-json\/wp\/v2\/posts"}],"about":[{"href":"https:\/\/www.europesays.com\/fr\/wp-json\/wp\/v2\/types\/post"}],"author":[{"embeddable":true,"href":"https:\/\/www.europesays.com\/fr\/wp-json\/wp\/v2\/users\/2"}],"replies":[{"embeddable":true,"href":"https:\/\/www.europesays.com\/fr\/wp-json\/wp\/v2\/comments?post=296664"}],"version-history":[{"count":0,"href":"https:\/\/www.europesays.com\/fr\/wp-json\/wp\/v2\/posts\/296664\/revisions"}],"wp:featuredmedia":[{"embeddable":true,"href":"https:\/\/www.europesays.com\/fr\/wp-json\/wp\/v2\/media\/296665"}],"wp:attachment":[{"href":"https:\/\/www.europesays.com\/fr\/wp-json\/wp\/v2\/media?parent=296664"}],"wp:term":[{"taxonomy":"category","embeddable":true,"href":"https:\/\/www.europesays.com\/fr\/wp-json\/wp\/v2\/categories?post=296664"},{"taxonomy":"post_tag","embeddable":true,"href":"https:\/\/www.europesays.com\/fr\/wp-json\/wp\/v2\/tags?post=296664"}],"curies":[{"name":"wp","href":"https:\/\/api.w.org\/{rel}","templated":true}]}}