{"id":296666,"date":"2025-08-04T21:58:16","date_gmt":"2025-08-04T21:58:16","guid":{"rendered":"https:\/\/www.europesays.com\/fr\/296666\/"},"modified":"2025-08-04T21:58:16","modified_gmt":"2025-08-04T21:58:16","slug":"la-cjue-confirme-lannulation-de-son-classement-comme-substance-cancerogene","status":"publish","type":"post","link":"https:\/\/www.europesays.com\/fr\/296666\/","title":{"rendered":"la CJUE confirme l&rsquo;annulation de son classement comme substance canc\u00e9rog\u00e8ne"},"content":{"rendered":"<p>Par une d\u00e9cision du 1er ao\u00fbt 2025, la Cour de justice de l&rsquo;Union europ\u00e9enne (CJUE) ent\u00e9rine l&rsquo;arr\u00eat rendu par le Tribunal de l&rsquo;UE qui avait annul\u00e9 le r\u00e8glement d\u00e9l\u00e9gu\u00e9 de la Commission du 4 octobre 2019 en ce qui concernait la classification du dioxyde de titane (TiO2), par inhalation sous forme d&rsquo;une poudre avec 1 % ou plus, en tant que substance canc\u00e9rog\u00e8ne.  <\/p>\n<p>Pour rappel, en mai 2016, l&rsquo;Agence nationale de s\u00e9curit\u00e9 sanitaire de l&rsquo;alimentation, de l&rsquo;environnement et du travail (Anses)&#8230;<\/p>\n<p>Article publi\u00e9 le 04 ao\u00fbt 2025<\/p>\n","protected":false},"excerpt":{"rendered":"Par une d\u00e9cision du 1er ao\u00fbt 2025, la Cour de justice de l&rsquo;Union europ\u00e9enne (CJUE) ent\u00e9rine l&rsquo;arr\u00eat rendu&hellip;\n","protected":false},"author":2,"featured_media":296667,"comment_status":"","ping_status":"","sticky":false,"template":"","format":"standard","meta":{"footnotes":""},"categories":[1586],"tags":[21806,14427,21809,21810,1111,21805,47,11,4763,2965,2813,21811,21807,21804,21808,21818,4858,51,893,436,18315,1777,674,1779,1011,27,21813,21815,6417,12,6334,21812,1800,4048,21816,21814,3887,25,4510,17429,895,1778,364,21817],"class_list":{"0":"post-296666","1":"post","2":"type-post","3":"status-publish","4":"format-standard","5":"has-post-thumbnail","7":"category-europe","8":"tag-cologie","9":"tag-nergie","10":"tag-nergies-renouvelables","11":"tag-olien","12":"tag-actu","13":"tag-actualit","14":"tag-actualite","15":"tag-actualites","16":"tag-agenda","17":"tag-air","18":"tag-article","19":"tag-biomasse","20":"tag-dchet","21":"tag-dveloppement-durable","22":"tag-dechet","23":"tag-e-zine","24":"tag-eau","25":"tag-ecologie","26":"tag-energie","27":"tag-environnement","28":"tag-eolien","29":"tag-eu","30":"tag-europe","31":"tag-european-union","32":"tag-fr","33":"tag-france","34":"tag-hse","35":"tag-hygine","36":"tag-information","37":"tag-news","38":"tag-newsletter","39":"tag-photovoltaique","40":"tag-pollution","41":"tag-presse","42":"tag-propret","43":"tag-qse","44":"tag-recyclage","45":"tag-republique-francaise","46":"tag-risque","47":"tag-sol","48":"tag-solaire","49":"tag-ue","50":"tag-union-europeenne","51":"tag-webzine"},"share_on_mastodon":{"url":"","error":"Validation failed: Text character limit of 500 exceeded"},"_links":{"self":[{"href":"https:\/\/www.europesays.com\/fr\/wp-json\/wp\/v2\/posts\/296666","targetHints":{"allow":["GET"]}}],"collection":[{"href":"https:\/\/www.europesays.com\/fr\/wp-json\/wp\/v2\/posts"}],"about":[{"href":"https:\/\/www.europesays.com\/fr\/wp-json\/wp\/v2\/types\/post"}],"author":[{"embeddable":true,"href":"https:\/\/www.europesays.com\/fr\/wp-json\/wp\/v2\/users\/2"}],"replies":[{"embeddable":true,"href":"https:\/\/www.europesays.com\/fr\/wp-json\/wp\/v2\/comments?post=296666"}],"version-history":[{"count":0,"href":"https:\/\/www.europesays.com\/fr\/wp-json\/wp\/v2\/posts\/296666\/revisions"}],"wp:featuredmedia":[{"embeddable":true,"href":"https:\/\/www.europesays.com\/fr\/wp-json\/wp\/v2\/media\/296667"}],"wp:attachment":[{"href":"https:\/\/www.europesays.com\/fr\/wp-json\/wp\/v2\/media?parent=296666"}],"wp:term":[{"taxonomy":"category","embeddable":true,"href":"https:\/\/www.europesays.com\/fr\/wp-json\/wp\/v2\/categories?post=296666"},{"taxonomy":"post_tag","embeddable":true,"href":"https:\/\/www.europesays.com\/fr\/wp-json\/wp\/v2\/tags?post=296666"}],"curies":[{"name":"wp","href":"https:\/\/api.w.org\/{rel}","templated":true}]}}