{"id":296670,"date":"2025-08-04T22:00:12","date_gmt":"2025-08-04T22:00:12","guid":{"rendered":"https:\/\/www.europesays.com\/fr\/296670\/"},"modified":"2025-08-04T22:00:12","modified_gmt":"2025-08-04T22:00:12","slug":"la-crise-humanitaire-et-le-calvaire-des-otages-accentuent-la-pression-sur-netanyahou","status":"publish","type":"post","link":"https:\/\/www.europesays.com\/fr\/296670\/","title":{"rendered":"la crise humanitaire et le calvaire des otages accentuent la pression sur Netanyahou"},"content":{"rendered":"<p><strong>D\u00c9CRYPTAGE<\/strong> &#8211; D\u2019anciens patrons du Mossad et du Shin Beth appellent Donald Trump \u00e0 mettre fin \u00e0 la guerre dans l\u2019enclave palestinienne.<\/p>\n<p class=\"fig-paragraph\">La liste est impressionnante\u00a0: Ehoud Barak, ancien chef d\u2019\u00e9tat-major et premier ministre, Danny Yatom et Ephra\u00efm Hal\u00e9vy, ex-patrons du\u00a0<a href=\"http:\/\/www.lefigaro.fr\/international\/de-l-infiltration-du-mossad-a-teheran-aux-missiles-hypersoniques-ciblant-tel-aviv-le-recit-d-une-semaine-de-guerre-quasi-totale-entre-israel-et-l-iran-20250620\" target=\"_blank\" data-fig-type=\"Article\" rel=\"noopener nofollow\" data-gtm-custom-categorie=\"navigation\" data-gtm-custom-action=\"crossclick\" data-gtm-custom-label=\"Contextuel\" data-gtm-event=\"customEventSPE\" data-fig-domain=\"LEFIGARO\">Mossad<\/a>, mais aussi des anciens dirigeants du Shin Beth comme Ami Ayalon, Yaakov Peri ou Carmi Gillon\u00a0: au total,\u00a0<a href=\"http:\/\/www.lefigaro.fr\/international\/gaza-550-hauts-responsables-securitaires-israeliens-appellent-trump-a-faire-pression-sur-netanyahou-pour-mettre-fin-au-conflit-20250804\" target=\"_blank\" data-fig-type=\"NewsFlash\" rel=\"noopener nofollow\" data-gtm-custom-categorie=\"navigation\" data-gtm-custom-action=\"crossclick\" data-gtm-custom-label=\"Contextuel\" data-gtm-event=\"customEventSPE\" data-fig-domain=\"LEFIGARO\">pr\u00e8s de 600 anciens responsables<\/a>\u00a0des l\u00e9gendaires services de s\u00e9curit\u00e9, ext\u00e9rieure (Mossad) et int\u00e9rieure (Shin Beth), de l\u2019\u00c9tat d\u2019Isra\u00ebl appellent Donald Trump \u00e0 faire pression sur leur premier ministre,\u00a0<a href=\"http:\/\/www.lefigaro.fr\/international\/gaza-netanyahou-donnera-des-instructions-cette-semaine-a-l-armee-sur-la-poursuite-de-la-guerre-20250804\" target=\"_blank\" data-fig-type=\"NewsFlash\" rel=\"noopener nofollow\" data-gtm-custom-categorie=\"navigation\" data-gtm-custom-action=\"crossclick\" data-gtm-custom-label=\"Contextuel\" data-gtm-event=\"customEventSPE\" data-fig-domain=\"LEFIGARO\">Benyamin Netanyahou<\/a>, pour mettre fin \u00e0 la guerre \u00e0\u00a0<a href=\"http:\/\/www.lefigaro.fr\/international\/gaza-apres-vingt-mois-de-guerre-que-reste-t-il-du-hamas-20250612\" data-fig-type=\"Article\" data-gtm-custom-categorie=\"navigation\" data-gtm-custom-action=\"crossclick\" data-gtm-custom-label=\"Contextuel\" data-gtm-event=\"customEventSPE\" data-fig-domain=\"LEFIGARO\" rel=\"nofollow noopener\" target=\"_blank\">Gaza<\/a>, qui dure depuis vingt-deux\u00a0mois.<\/p>\n<p class=\"fig-paragraph\">\u00ab\u00a0Arr\u00eatez la guerre \u00e0 Gaza\u00a0!\u00a0\u00bb, exhorte ce courrier du mouvement des Commandants pour la s\u00e9curit\u00e9 d\u2019Isra\u00ebl, compos\u00e9 non pas de \u00ab\u00a0colombes\u00a0\u00bb d\u00e9tach\u00e9es de la dure r\u00e9alit\u00e9 du vieux\u00a0<a href=\"http:\/\/www.lefigaro.fr\/international\/dossier\/conflit-israelo-palestinien-guerre-israel-palestine\" target=\"_blank\" data-fig-type=\"Topic\" rel=\"noopener nofollow\" data-gtm-custom-categorie=\"navigation\" data-gtm-custom-action=\"crossclick\" data-gtm-custom-label=\"Contextuel\" data-gtm-event=\"customEventSPE\" data-fig-domain=\"LEFIGARO\">conflit isra\u00e9lo-palestinien<\/a>, mais bien souvent d\u2019anciens faucons durant leur p\u00e9riode d\u2019activit\u00e9, aujourd\u2019hui convaincus que \u00ab\u00a0cette guerre a cess\u00e9 d\u2019\u00eatre une guerre juste et conduit l\u2019\u00c9tat d\u2019Isra\u00ebl \u00e0 perdre son identit\u00e9\u00a0\u00bb, comme le proclame Ami Ayalon\u2026<\/p>\n<p class=\"fig-premium-paywall__infos\">\n        Cet article est r\u00e9serv\u00e9 aux abonn\u00e9s.        Il vous reste 80% \u00e0 d\u00e9couvrir.\n    <\/p>\n<p>                <img  data- alt=\"Le Figaro\" class=\"fig-img--complete fig-img\"\/><\/p>\n<p class=\"fig-premium-paywall__title\">Vous avez envie de lire la suite ?<\/p>\n<p class=\"fig-premium-paywall__subtitle\">D\u00e9bloquez tous les articles imm\u00e9diatement.<\/p>\n<p class=\"fig-premium-paywall__connect\">\n                D\u00e9j\u00e0 abonn\u00e9\u00a0?                <a class=\"fig-premium-paywall__connect-link\" href=\"https:\/\/connect.lefigaro.fr\/login?client=horizon_web&amp;type=main&amp;redirect_uri=https%3A%2F%2Fwww.lefigaro.fr%2Finternational%2Fgaza-la-crise-humanitaire-et-le-calvaire-des-otages-accentuent-la-pression-sur-netanyahou-20250804\" data-js-gtm=\"{&quot;customCategorie&quot;: &quot;conversion&quot;, &quot;customAction&quot;: &quot;before_Landing_Connexion_paywall_auto&quot;, &quot;customLabel&quot;: &quot;bGVmaWdhcm8uZnJfXzFmMDcxMzk1LTk4M2MtNmE2Ni05YjE3LTNkOTlkZTg3ODhjZl9fQXJ0aWNsZQ==_Gaza\u00a0: la crise humanitaire et le calvaire des otages accentuent la pression sur Netanyahou_449&quot;, &quot;customIDSPE&quot;: &quot;bGVmaWdhcm8uZnJfXzFmMDcxMzk1LTk4M2MtNmE2Ni05YjE3LTNkOTlkZTg3ODhjZl9fQXJ0aWNsZQ==&quot;, &quot;event&quot;: &quot;customEventSPE&quot;}\" rel=\"nofollow noopener\" target=\"_blank\"><br \/>\n                    Connectez-vous<br \/>\n                <\/a>\n            <\/p>\n","protected":false},"excerpt":{"rendered":"D\u00c9CRYPTAGE &#8211; D\u2019anciens patrons du Mossad et du Shin Beth appellent Donald Trump \u00e0 mettre fin \u00e0 la&hellip;\n","protected":false},"author":2,"featured_media":296671,"comment_status":"","ping_status":"","sticky":false,"template":"","format":"standard","meta":{"footnotes":""},"categories":[2],"tags":[11,1011,27,665,12,25],"class_list":{"0":"post-296670","1":"post","2":"type-post","3":"status-publish","4":"format-standard","5":"has-post-thumbnail","7":"category-actualites","8":"tag-actualites","9":"tag-fr","10":"tag-france","11":"tag-gaza","12":"tag-news","13":"tag-republique-francaise"},"share_on_mastodon":{"url":"https:\/\/pubeurope.com\/@fr\/114972748951245470","error":""},"_links":{"self":[{"href":"https:\/\/www.europesays.com\/fr\/wp-json\/wp\/v2\/posts\/296670","targetHints":{"allow":["GET"]}}],"collection":[{"href":"https:\/\/www.europesays.com\/fr\/wp-json\/wp\/v2\/posts"}],"about":[{"href":"https:\/\/www.europesays.com\/fr\/wp-json\/wp\/v2\/types\/post"}],"author":[{"embeddable":true,"href":"https:\/\/www.europesays.com\/fr\/wp-json\/wp\/v2\/users\/2"}],"replies":[{"embeddable":true,"href":"https:\/\/www.europesays.com\/fr\/wp-json\/wp\/v2\/comments?post=296670"}],"version-history":[{"count":0,"href":"https:\/\/www.europesays.com\/fr\/wp-json\/wp\/v2\/posts\/296670\/revisions"}],"wp:featuredmedia":[{"embeddable":true,"href":"https:\/\/www.europesays.com\/fr\/wp-json\/wp\/v2\/media\/296671"}],"wp:attachment":[{"href":"https:\/\/www.europesays.com\/fr\/wp-json\/wp\/v2\/media?parent=296670"}],"wp:term":[{"taxonomy":"category","embeddable":true,"href":"https:\/\/www.europesays.com\/fr\/wp-json\/wp\/v2\/categories?post=296670"},{"taxonomy":"post_tag","embeddable":true,"href":"https:\/\/www.europesays.com\/fr\/wp-json\/wp\/v2\/tags?post=296670"}],"curies":[{"name":"wp","href":"https:\/\/api.w.org\/{rel}","templated":true}]}}