{"id":296674,"date":"2025-08-04T22:02:14","date_gmt":"2025-08-04T22:02:14","guid":{"rendered":"https:\/\/www.europesays.com\/fr\/296674\/"},"modified":"2025-08-04T22:02:14","modified_gmt":"2025-08-04T22:02:14","slug":"jeux-du-quebec-le-bronze-en-golf-par-equipe-seule-golf-rds","status":"publish","type":"post","link":"https:\/\/www.europesays.com\/fr\/296674\/","title":{"rendered":"Jeux du Qu\u00e9bec : Le bronze en golf par \u00e9quipe&#8230; seule! (golf) &#8211; RDS"},"content":{"rendered":"<ol>\n<li><a href=\"https:\/\/news.google.com\/rss\/articles\/CBMigAFBVV95cUxNeUFYMU1xX0lEQUhPS05DS0dGLXpUeGFWM3JLNUVWY2Y0VmVyM294aklwUDRHQ1BOT0lyWlpWYTZLOU9kTWdQZ09KcW9aYlVzLW9XX0ZpY2pfSl93YWVWQjZyMWdUVnY2YjBkUzY1Z3NHd2N0cm5MZ0ZVMVp5Q1RQbQ?oc=5\" target=\"_blank\" rel=\"noopener\">Jeux du Qu\u00e9bec : Le bronze en golf par \u00e9quipe&#8230; seule! (golf)<\/a>&nbsp;&nbsp;RDS<\/li>\n<li><a href=\"https:\/\/news.google.com\/rss\/articles\/CBMi-AFBVV95cUxPUWNjbm5oYjBaZDhKUjBXUkZEVU9Cbm83UFJLNHRKNVIycHM0aUNtX0VROHRHWTBpWnk3LUpsaDJrYTUwbFhxUmFZUWI5ZHNYLXRDejVtUndlZ1E5SXdOeHQyY1pjbW1SRXJJalNCSWhxd3Jac25qeUR5YUJmUzk4YXJyMDFyVGlDSGlRUnpnWmV4VlJGNjFFN3hBa3FobUxMM01ib2JWVFhpaHFtN3RZckx4WmtPSUhGajI2X21qNDFmSmUwRXgzVnpDLXVwckI1bTN2MHhZbE1hRVRfNXduMHhZN1k1TUdHUnZiZUV0MDhxRnFGTW1rTg?oc=5\" target=\"_blank\" rel=\"noopener\">Apr\u00e8s un lent d\u00e9part, la saison de golf a pris son \u00e9lan en Estrie<\/a>&nbsp;&nbsp;Radio-Canada<\/li>\n<li><a href=\"https:\/\/news.google.com\/rss\/articles\/CBMiwwFBVV95cUxNUUpuYWZQN1lsMmdtd1JJcFFwQXB5WUExd2Z0dVJtQlVDVU9DTV9XWXNORWZBWHc1a3Byenl2LWM5RE5iOU4zREF6SE5LTi05eExuSVN2cHhXT3dja0ZpZldRUW9vaG1rUC1nMXktdi1wN212M3lTRk15cHpablljTFh4RkNOVy1uQ2VGWFVaeDB5bzNlaldHcEVyMWdLVGxmVXh1MHNJMHhSTk4tYXozWDljUFhWcHVnZlpHVGpTVmlrU2s?oc=5\" target=\"_blank\" rel=\"noopener\">Parcours de r\u00eave pour deux jeunes golfeurs estriens<\/a>&nbsp;&nbsp;La Voix de l&rsquo;Est<\/li>\n<li><a href=\"https:\/\/news.google.com\/rss\/articles\/CBMijwFBVV95cUxNeVV2T1Z0LVJEcU1lOHBhMm1pYnB4SUZyTGpfLXVtRWdaUm5QNHpHcFZER0VrU0QzakVmelJNbkFkWTdETE1IbjFwdlhpU1k2YlNvandlRjRMTmFQV3ZXbExVZUw1Q2pMZ0NDckJ1ZFkxMmxieUNwbndueHNzb1dvcTlmSjZsMDZ0azE2TXpXSQ?oc=5\" target=\"_blank\" rel=\"noopener\">Louis-Olivier St-Pierre : \u00ab Je n\u2019en reviens pas encore \u00bb<\/a>&nbsp;&nbsp;Journal Le Soir<\/li>\n<li><a href=\"https:\/\/news.google.com\/rss\/articles\/CBMisgFBVV95cUxPWWRnWERmZFg4QzAzeWdWcnR6SGdtVE5xLXRCZ0laTzlPLU9LNnlNcU5OOW1xNjc5Q2lKaHZ5REFLWnJBQ1dRM21hU1JnaEc0amdvMHlNd250WEVjMFdpZm9hSWk3XzRqSE1QcGR1azRtTDRyV09zTVFBRWN4X2diaDl0SV9VY0N5NzFqSkpBamdtQnlNaU5sUVFGam5UZWdNTVVILVVqek5LSzZqcHBsZWJB?oc=5\" target=\"_blank\" rel=\"noopener\">Jeux du Qu\u00e9bec : Un face-\u00e0-face enlevant se r\u00e8gle en prolongation au golf<\/a>&nbsp;&nbsp;RDS<\/li>\n<\/ol>\n","protected":false},"excerpt":{"rendered":"Jeux du Qu\u00e9bec : Le bronze en golf par \u00e9quipe&#8230; seule! (golf)&nbsp;&nbsp;RDS Apr\u00e8s un lent d\u00e9part, la saison&hellip;\n","protected":false},"author":2,"featured_media":296675,"comment_status":"","ping_status":"","sticky":false,"template":"","format":"standard","meta":{"footnotes":""},"categories":[1418],"tags":[1011,27,1472,60],"class_list":{"0":"post-296674","1":"post","2":"type-post","3":"status-publish","4":"format-standard","5":"has-post-thumbnail","7":"category-golf","8":"tag-fr","9":"tag-france","10":"tag-golf","11":"tag-sports"},"share_on_mastodon":{"url":"https:\/\/pubeurope.com\/@fr\/114972756713545022","error":""},"_links":{"self":[{"href":"https:\/\/www.europesays.com\/fr\/wp-json\/wp\/v2\/posts\/296674","targetHints":{"allow":["GET"]}}],"collection":[{"href":"https:\/\/www.europesays.com\/fr\/wp-json\/wp\/v2\/posts"}],"about":[{"href":"https:\/\/www.europesays.com\/fr\/wp-json\/wp\/v2\/types\/post"}],"author":[{"embeddable":true,"href":"https:\/\/www.europesays.com\/fr\/wp-json\/wp\/v2\/users\/2"}],"replies":[{"embeddable":true,"href":"https:\/\/www.europesays.com\/fr\/wp-json\/wp\/v2\/comments?post=296674"}],"version-history":[{"count":0,"href":"https:\/\/www.europesays.com\/fr\/wp-json\/wp\/v2\/posts\/296674\/revisions"}],"wp:featuredmedia":[{"embeddable":true,"href":"https:\/\/www.europesays.com\/fr\/wp-json\/wp\/v2\/media\/296675"}],"wp:attachment":[{"href":"https:\/\/www.europesays.com\/fr\/wp-json\/wp\/v2\/media?parent=296674"}],"wp:term":[{"taxonomy":"category","embeddable":true,"href":"https:\/\/www.europesays.com\/fr\/wp-json\/wp\/v2\/categories?post=296674"},{"taxonomy":"post_tag","embeddable":true,"href":"https:\/\/www.europesays.com\/fr\/wp-json\/wp\/v2\/tags?post=296674"}],"curies":[{"name":"wp","href":"https:\/\/api.w.org\/{rel}","templated":true}]}}