{"id":296676,"date":"2025-08-04T22:04:13","date_gmt":"2025-08-04T22:04:13","guid":{"rendered":"https:\/\/www.europesays.com\/fr\/296676\/"},"modified":"2025-08-04T22:04:13","modified_gmt":"2025-08-04T22:04:13","slug":"pour-ne-pas-quil-soit-oublie-une-stele-installee-en-afrique-du-sud-en-hommage-au-rugbyman-disparu","status":"publish","type":"post","link":"https:\/\/www.europesays.com\/fr\/296676\/","title":{"rendered":"\u00ab\u00a0Pour ne pas qu&rsquo;il soit oubli\u00e9\u00a0\u00bb, une st\u00e8le install\u00e9e en Afrique du Sud en hommage au rugbyman disparu"},"content":{"rendered":"<p class=\"c-chapo \">\n  La famille Narjissi se trouve en ce moment en Afrique du Sud, un an apr\u00e8s la disparition de Medhi. Face \u00e0 la plage, o\u00f9 le jeune homme a \u00e9t\u00e9 emport\u00e9, une st\u00e8le avec le portrait du rugbyman sera install\u00e9e.\n<\/p>\n<p>            lire plus tard<\/p>\n<p id=\"dialog__title\" class=\"dialog__title\">Pour sauvegarder cet article, connectez-vous ou cr\u00e9ez un compte franceinfo<\/p>\n<p class=\"dialog__description\">Sans paiement. Sans abonnement.<\/p>\n<p>        Fermer la fen\u00eatre d\u2019activation des notifications France Info<\/p>\n<p>            cr\u00e9er votre compte<\/p>\n<p>            se connecter<\/p>\n<p>        Fermer la fen\u00eatre de pr\u00e9sentation<\/p>\n<p>    Publi\u00e9 le 04\/08\/2025 12:13<\/p>\n<p>        Temps de lecture : 2min<\/p>\n<p>    <img decoding=\"async\"  alt=\"Najil Narjissi se recueille devant un portrait de son fils Medhi disparu en Afrique du Sud. (THIERRY BRETON \/ MAXPPP)\" width=\"432\" height=\"243\" src=\"https:\/\/www.europesays.com\/fr\/wp-content\/uploads\/2025\/08\/maxnewsspecialtwo230191-6890863d31344987937846.jpg\" fetchpriority=\"high\"\/><\/p>\n<p>      Najil Narjissi se recueille devant un portrait de son fils Medhi disparu en Afrique du Sud. (THIERRY BRETON \/ MAXPPP)<\/p>\n<p>La famille Medhi Narjissi, rugbyman disparu en mer l&rsquo;\u00e9t\u00e9 dernier, lors de la tourn\u00e9e de l&rsquo;\u00e9quipe de France des moins de 18 ans en Afrique du Sud est sur place depuis le vendredi 1\u1d49\u02b3 ao\u00fbt pour d\u00e9poser une st\u00e8le en sa m\u00e9moire, \u00ab\u00a0pour ne pas qu&rsquo;il soit oubli\u00e9\u00a0\u00bb, explique son p\u00e8re, Jalil Narjissi \u00e0 <a href=\"https:\/\/www.francebleu.fr\/infos\/faits-divers-justice\/pour-qu-il-ne-soit-pas-oublie-la-famille-narjissi-va-installer-une-stele-en-hommage-a-medhi-en-afrique-du-sud-8612277\" target=\"_blank\" rel=\"noopener nofollow\">ICI Occitanie<\/a> (ex-France Bleu). <a href=\"https:\/\/www.franceinfo.fr\/sports\/rugby\/xv-de-france\/rugby-mehdi-narjissi-joueur-de-l-equipe-de-france-u18-porte-disparu-apres-une-baignade-en-mer-en-afrique-du-sud_6712557.html\" rel=\"nofollow noopener\" target=\"_blank\">Pr\u00e8s d&rsquo;un an apr\u00e8s la disparition du jeune rugbyman Medhi Narjissi,<\/a> la st\u00e8le va \u00eatre install\u00e9e sur Dias Beach. Le jeune homme a \u00e9t\u00e9 emport\u00e9 par les flots sur cette plage.<\/p>\n<p>Les parents et la s\u0153ur du jeune rugbyman toulousain font le d\u00e9placement. La st\u00e8le sera \u00ab\u00a0un banc, sur lequel il y aura son portrait, son sourire, avec un ballon lors d&rsquo;une action, \u00e0 son image\u00a0\u00bb, d\u00e9crit l&rsquo;ancien talonneur d&rsquo;Agen Jalil Narjissi.<\/p>\n<p>La famille a discut\u00e9 de longs mois avec les autorit\u00e9s pour mettre en place cette st\u00e8le. \u00ab\u00a0On a d\u00fb faire les d\u00e9marches administratives avec madame la sous-consule et madame la Consule, qui sont sur place et qui nous ont accompagn\u00e9s et facilit\u00e9 la communication, avec aussi le responsable du parc, M. Owen, tr\u00e8s \u00e0 l&rsquo;\u00e9coute et tr\u00e8s affect\u00e9 par rapport \u00e0 ce drame\u00a0\u00bb, explique Val\u00e9rie, la m\u00e8re de Medhi Narjissi.<\/p>\n<p>Toutefois, elle confie : \u00ab\u00a0On ne sera jamais apais\u00e9 de la souffrance et de la perte qu&rsquo;on a. Nous sommes an\u00e9antis, poursuit Val\u00e9rie. C&rsquo;est la moindre des choses d&rsquo;y retourner l\u00e0-bas, et d&rsquo;y rendre un hommage, parce qu&rsquo;il y est encore\u00a0\u00bb. La famille de Medhi Narjissi doit rester encore une dizaine de jours sur place. Elle doit aussi <a href=\"https:\/\/www.franceinfo.fr\/faits-divers\/disparition-de-medhi-narjissi-ce-sont-toutes-les-regles-de-securite-et-d-encadrement-de-mineurs-qui-n-ont-pas-ete-respectees-denonce-son-pere_7293336.html\" rel=\"nofollow noopener\" target=\"_blank\">d\u00e9poser plainte contre les organisateurs du voyage, responsables, selon eux, de la mort de leur fils, car ils connaissaient la dangerosit\u00e9 du site.<\/a><\/p>\n<p class=\"related-tags__title\" role=\"heading\" aria-level=\"2\">les mots-cl\u00e9s associ\u00e9s \u00e0 cet article\n    <\/p>\n","protected":false},"excerpt":{"rendered":"La famille Narjissi se trouve en ce moment en Afrique du Sud, un an apr\u00e8s la disparition de&hellip;\n","protected":false},"author":2,"featured_media":296677,"comment_status":"","ping_status":"","sticky":false,"template":"","format":"standard","meta":{"footnotes":""},"categories":[1416],"tags":[1011,27,479,1468,60],"class_list":{"0":"post-296676","1":"post","2":"type-post","3":"status-publish","4":"format-standard","5":"has-post-thumbnail","7":"category-rugby","8":"tag-fr","9":"tag-france","10":"tag-rugby","11":"tag-rugby-football","12":"tag-sports"},"share_on_mastodon":{"url":"https:\/\/pubeurope.com\/@fr\/114972764691322637","error":""},"_links":{"self":[{"href":"https:\/\/www.europesays.com\/fr\/wp-json\/wp\/v2\/posts\/296676","targetHints":{"allow":["GET"]}}],"collection":[{"href":"https:\/\/www.europesays.com\/fr\/wp-json\/wp\/v2\/posts"}],"about":[{"href":"https:\/\/www.europesays.com\/fr\/wp-json\/wp\/v2\/types\/post"}],"author":[{"embeddable":true,"href":"https:\/\/www.europesays.com\/fr\/wp-json\/wp\/v2\/users\/2"}],"replies":[{"embeddable":true,"href":"https:\/\/www.europesays.com\/fr\/wp-json\/wp\/v2\/comments?post=296676"}],"version-history":[{"count":0,"href":"https:\/\/www.europesays.com\/fr\/wp-json\/wp\/v2\/posts\/296676\/revisions"}],"wp:featuredmedia":[{"embeddable":true,"href":"https:\/\/www.europesays.com\/fr\/wp-json\/wp\/v2\/media\/296677"}],"wp:attachment":[{"href":"https:\/\/www.europesays.com\/fr\/wp-json\/wp\/v2\/media?parent=296676"}],"wp:term":[{"taxonomy":"category","embeddable":true,"href":"https:\/\/www.europesays.com\/fr\/wp-json\/wp\/v2\/categories?post=296676"},{"taxonomy":"post_tag","embeddable":true,"href":"https:\/\/www.europesays.com\/fr\/wp-json\/wp\/v2\/tags?post=296676"}],"curies":[{"name":"wp","href":"https:\/\/api.w.org\/{rel}","templated":true}]}}