{"id":296678,"date":"2025-08-04T22:05:12","date_gmt":"2025-08-04T22:05:12","guid":{"rendered":"https:\/\/www.europesays.com\/fr\/296678\/"},"modified":"2025-08-04T22:05:12","modified_gmt":"2025-08-04T22:05:12","slug":"atp-toronto-mardy-fish-taquin-a-propos-de-lechange-tendu-entre-cobolli-et-shelton-jaime-de-plus-en-plus-ben-a-chaque-match-quil-joue","status":"publish","type":"post","link":"https:\/\/www.europesays.com\/fr\/296678\/","title":{"rendered":"ATP &#8211; Toronto > Mardy Fish taquin \u00e0 propos de l&rsquo;\u00e9change tendu entre Cobolli et Shelton : \u00ab\u00a0J&rsquo;aime de plus en plus Ben \u00e0 chaque match qu&rsquo;il joue\u00a0\u00bb"},"content":{"rendered":"<p>Cette nuit, Ben Shelton a mis le feu aux poudres en huiti\u00e8mes du Masters 1000 de Toronto.\u00a0<\/p>\n<p>Suite \u00e0 sa victoire face \u00e0 Cobolli, <a href=\"https:\/\/www.welovetennis.fr\/atp\/atp-toronto\/lechange-tendu-entre-cobolli-et-shelton-au-filet\" data-wpel-link=\"internal\" rel=\"nofollow noopener\" target=\"_blank\">l\u2019Am\u00e9ricain, tr\u00e8s agac\u00e9 par un geste de l\u2019Italien, le lui a fait comprendre au filet<\/a>.<\/p>\n<p>Une r\u00e9ac\u00adtion que Mardy Fish, toujours \u00e0 l\u2019aff\u00fbt sur le r\u00e9seau X, semble avoir appr\u00e9\u00adci\u00e9e. Ce qu\u2019il a exprim\u00e9 en marge de ce\u00a0tweet\u00a0:\u00a0<\/p>\n<blockquote class=\"twitter-tweet\" data-width=\"550\" data-dnt=\"true\">\n<p lang=\"en\" dir=\"ltr\">I like Ben more and more every match he\u00a0plays<\/p>\n<p>\u2014 Mardy Fish (@MardyFish) <a href=\"https:\/\/twitter.com\/MardyFish\/status\/1952233434723885178?ref_src=twsrc%5Etfw\" data-wpel-link=\"external\" target=\"_blank\" rel=\"nofollow external noopener\">August 4,\u00a02025<\/a><\/p><\/blockquote>\n<p><strong>\u00ab\u202fJ\u2019aime de plus en plus Ben \u00e0 chaque match qu\u2019il\u00a0joue.\u202f\u00bb<\/strong><\/p>\n<p>Un r\u00e9flexion chau\u00advine mais pas \u00e9ton\u00adnante lorsque l\u2019on a connu le 7\u00e8me joueur mondiale sur le circuit, qui a toujours mis en avant les joueurs de tennis de son pays, lui qui a \u00e9t\u00e9 le capi\u00adtaine de l\u2019\u00e9quipe de Coupe Davis des Etats\u2010Unis de 2019 \u00e0\u00a02022.<\/p>\n<p class=\"post-published-date\" style=\"color: silver; font-size: 75%; text-align: left;\">Publi\u00e9 le lundi 4 ao\u00fbt 2025 \u00e0 19:15<\/p>\n<p><script async src=\"https:\/\/platform.twitter.com\/widgets.js\" charset=\"utf-8\"><\/script><\/p>\n","protected":false},"excerpt":{"rendered":"Cette nuit, Ben Shelton a mis le feu aux poudres en huiti\u00e8mes du Masters 1000 de Toronto.\u00a0 Suite&hellip;\n","protected":false},"author":2,"featured_media":296679,"comment_status":"","ping_status":"","sticky":false,"template":"","format":"standard","meta":{"footnotes":""},"categories":[1415],"tags":[1011,27,60,1467],"class_list":{"0":"post-296678","1":"post","2":"type-post","3":"status-publish","4":"format-standard","5":"has-post-thumbnail","7":"category-tennis","8":"tag-fr","9":"tag-france","10":"tag-sports","11":"tag-tennis"},"share_on_mastodon":{"url":"https:\/\/pubeurope.com\/@fr\/114972768505185671","error":""},"_links":{"self":[{"href":"https:\/\/www.europesays.com\/fr\/wp-json\/wp\/v2\/posts\/296678","targetHints":{"allow":["GET"]}}],"collection":[{"href":"https:\/\/www.europesays.com\/fr\/wp-json\/wp\/v2\/posts"}],"about":[{"href":"https:\/\/www.europesays.com\/fr\/wp-json\/wp\/v2\/types\/post"}],"author":[{"embeddable":true,"href":"https:\/\/www.europesays.com\/fr\/wp-json\/wp\/v2\/users\/2"}],"replies":[{"embeddable":true,"href":"https:\/\/www.europesays.com\/fr\/wp-json\/wp\/v2\/comments?post=296678"}],"version-history":[{"count":0,"href":"https:\/\/www.europesays.com\/fr\/wp-json\/wp\/v2\/posts\/296678\/revisions"}],"wp:featuredmedia":[{"embeddable":true,"href":"https:\/\/www.europesays.com\/fr\/wp-json\/wp\/v2\/media\/296679"}],"wp:attachment":[{"href":"https:\/\/www.europesays.com\/fr\/wp-json\/wp\/v2\/media?parent=296678"}],"wp:term":[{"taxonomy":"category","embeddable":true,"href":"https:\/\/www.europesays.com\/fr\/wp-json\/wp\/v2\/categories?post=296678"},{"taxonomy":"post_tag","embeddable":true,"href":"https:\/\/www.europesays.com\/fr\/wp-json\/wp\/v2\/tags?post=296678"}],"curies":[{"name":"wp","href":"https:\/\/api.w.org\/{rel}","templated":true}]}}