{"id":296680,"date":"2025-08-04T22:07:11","date_gmt":"2025-08-04T22:07:11","guid":{"rendered":"https:\/\/www.europesays.com\/fr\/296680\/"},"modified":"2025-08-04T22:07:11","modified_gmt":"2025-08-04T22:07:11","slug":"steiner-est-pret-a-reprendre-lequipe-motogp-tech3","status":"publish","type":"post","link":"https:\/\/www.europesays.com\/fr\/296680\/","title":{"rendered":"Steiner est pr\u00eat \u00e0 reprendre l&rsquo;\u00e9quipe MotoGP Tech3"},"content":{"rendered":"<p class=\"mt-5\">Gunther Steiner est sur le point de reprendre l\u2019\u00e9quipe MotoGP Tech3. Plusieurs sources indiquent que l\u2019ancien patron de la F1 dirigera le projet avec le soutien financier du groupe d\u2019investissement am\u00e9ricain Apex.<\/p>\n<p class=\"mt-5\">L\u2019accord, estim\u00e9 \u00e0 plus de 20 millions d\u2019euros, serait en phase finale. Steiner devrait en prendre le contr\u00f4le op\u00e9rationnel avant la prochaine refonte r\u00e9glementaire majeure du MotoGP en 2027.<\/p>\n<p class=\"mt-5\">Apex, qui g\u00e8re les investissements de plusieurs athl\u00e8tes professionnels, dont Lando Norris, financerait cette op\u00e9ration en appui des fonds apport\u00e9s \u00e0 Steiner (ci-dessus en photo en compagnie de Valentino Rossi).<\/p>\n<p class=\"mt-5\">\u00ab\u00a0J\u2019\u00e9coute les propositions,\u00a0\u00bb a d\u00e9clar\u00e9 Herv\u00e9 Poncharal, fondateur de Tech3, plus t\u00f4t cette ann\u00e9e. \u00ab\u00a0Il pourrait s\u2019agir d\u2019une entr\u00e9e en tant qu\u2019actionnaire, d\u2019un partenariat, mais aussi d\u2019un rachat de l\u2019\u00e9quipe enti\u00e8re.\u00a0\u00bb<\/p>\n<p class=\"mt-5\">La structure de l\u2019accord pr\u00e9voit une transition progressive, sans changement imm\u00e9diat du si\u00e8ge social, du personnel ou de l\u2019\u00e9quipe de pilotes de Tech3. Enea Bastianini et Maverick Vinales restent tous deux sous contrat jusqu\u2019en 2026.<\/p>\n<p class=\"mt-5\">Poncharal a d\u00e9j\u00e0 fait l\u2019\u00e9loge de Steiner, le qualifiant de \u00ab\u00a0personne tr\u00e8s directe et avec qui il est tr\u00e8s agr\u00e9able de travailler.\u00a0\u00bb<\/p>\n<p class=\"mt-5\">Il a \u00e9galement confirm\u00e9 que plusieurs parties avaient manifest\u00e9 leur int\u00e9r\u00eat pour l\u2019avenir \u00e0 long terme de l\u2019\u00e9quipe, mais a qualifi\u00e9 l\u2019offre de Steiner de s\u00e9rieuse et cr\u00e9dible.<\/p>\n<p class=\"mt-5\">Steiner, 60 ans, a conserv\u00e9 sa place dans le paddock de la F1, notamment en tant que commentateur et consultant, depuis qu\u2019il a perdu son poste \u00e0 la t\u00eate de Haas F1. Son transfert attendu en MotoGP marque l\u2019un des premiers changements structurels importants depuis que Liberty Media est propri\u00e9taire de la s\u00e9rie phare des deux-roues.<\/p>\n<p class=\"mt-5\">Aucune annonce officielle n\u2019a encore \u00e9t\u00e9 faite, mais Steiner devrait assister aux prochaines \u00e9preuves, la passation de pouvoir se poursuivant \u00e0 huis clos.<\/p>\n","protected":false},"excerpt":{"rendered":"Gunther Steiner est sur le point de reprendre l\u2019\u00e9quipe MotoGP Tech3. Plusieurs sources indiquent que l\u2019ancien patron de&hellip;\n","protected":false},"author":2,"featured_media":296681,"comment_status":"","ping_status":"","sticky":false,"template":"","format":"standard","meta":{"footnotes":""},"categories":[1413],"tags":[1011,27,1457,1456,60],"class_list":{"0":"post-296680","1":"post","2":"type-post","3":"status-publish","4":"format-standard","5":"has-post-thumbnail","7":"category-moto","8":"tag-fr","9":"tag-france","10":"tag-moto","11":"tag-motocycle","12":"tag-sports"},"share_on_mastodon":{"url":"https:\/\/pubeurope.com\/@fr\/114972776378415827","error":""},"_links":{"self":[{"href":"https:\/\/www.europesays.com\/fr\/wp-json\/wp\/v2\/posts\/296680","targetHints":{"allow":["GET"]}}],"collection":[{"href":"https:\/\/www.europesays.com\/fr\/wp-json\/wp\/v2\/posts"}],"about":[{"href":"https:\/\/www.europesays.com\/fr\/wp-json\/wp\/v2\/types\/post"}],"author":[{"embeddable":true,"href":"https:\/\/www.europesays.com\/fr\/wp-json\/wp\/v2\/users\/2"}],"replies":[{"embeddable":true,"href":"https:\/\/www.europesays.com\/fr\/wp-json\/wp\/v2\/comments?post=296680"}],"version-history":[{"count":0,"href":"https:\/\/www.europesays.com\/fr\/wp-json\/wp\/v2\/posts\/296680\/revisions"}],"wp:featuredmedia":[{"embeddable":true,"href":"https:\/\/www.europesays.com\/fr\/wp-json\/wp\/v2\/media\/296681"}],"wp:attachment":[{"href":"https:\/\/www.europesays.com\/fr\/wp-json\/wp\/v2\/media?parent=296680"}],"wp:term":[{"taxonomy":"category","embeddable":true,"href":"https:\/\/www.europesays.com\/fr\/wp-json\/wp\/v2\/categories?post=296680"},{"taxonomy":"post_tag","embeddable":true,"href":"https:\/\/www.europesays.com\/fr\/wp-json\/wp\/v2\/tags?post=296680"}],"curies":[{"name":"wp","href":"https:\/\/api.w.org\/{rel}","templated":true}]}}