{"id":296684,"date":"2025-08-04T22:09:10","date_gmt":"2025-08-04T22:09:10","guid":{"rendered":"https:\/\/www.europesays.com\/fr\/296684\/"},"modified":"2025-08-04T22:09:10","modified_gmt":"2025-08-04T22:09:10","slug":"cyclisme-agenda-pologne-tour-de-lain-burgos-le-gros-programme-de-la-semaine","status":"publish","type":"post","link":"https:\/\/www.europesays.com\/fr\/296684\/","title":{"rendered":"Cyclisme. Agenda &#8211; Pologne, Tour de l&rsquo;Ain, Burgos&#8230; Le gros programme de la semaine"},"content":{"rendered":"<p> Lire la suite de l&rsquo;article&#13;<\/p>\n<p>\u00a0<\/p>\n<p>&#13;<br \/>\nPologne, Ain, Portugal, Burgos, Norv\u00e8ge&#8230; des courses dans toute l&rsquo;Europe !&#13;<\/p>\n<p>Le principal fil rouge sera en Pologne, avec le <strong>Tour de Pologne<\/strong> comme unique \u00e9preuve WorldTour de la semaine. D\u00e8s mardi, il faudra ajouter \u00e0 la liste le <strong>Tour de Burgos<\/strong>, puis le <strong>Tour de l&rsquo;Ain<\/strong> et le <strong>Tour du Portugal<\/strong> d\u00e8s mercredi, et enfin l&rsquo;<strong>Arctic Race of Norway<\/strong> \u00e0 partir de jeudi ! De quoi faire tourner la t\u00eate en fin de semaine, d&rsquo;autant qu&rsquo;il ne faut pas oublier les diff\u00e9rents <strong>Crit\u00e9riums d&rsquo;apr\u00e8s-Tour de France<\/strong> qui auront lieu un peu partout dans l&rsquo;hexagone chaque jour, ainsi que les <strong>Championnats de France de l&rsquo;Avenir<\/strong> (U19 et U23) qui se d\u00e9rouleront \u00e0\u00a0La Tour-du-Pin et les Vals du Dauphin\u00e9 de mercredi \u00e0 dimanche. Bref, un programme plus que copieux que vous pourrez bien entendu suivre sur <strong>Cyclism&rsquo;Actu<\/strong> chaque jour pour ne rien rater des r\u00e9sultats !<\/p>\n<p>&#13;<\/p>\n<p>\u00a0<\/p>\n<p>&#13;<br \/>\nL&rsquo;Agenda&#13;<\/p>\n<p><strong>Lundi 4 ao\u00fbt<\/strong><\/p>\n<p>&#13;<\/p>\n<p><strong>Route &#8211;\u00a0<\/strong>Tour de Pologne (2.UWT \/ Elites Hommes) &#8211; \u00e9tape 1<\/p>\n<p>&#13;<\/p>\n<p><strong>Route &#8211;<\/strong>\u00a0Tour Cycliste International de la Guadeloupe\u00a0(2.2 \/ Elites Hommes) &#8211; \u00e9tape 3<\/p>\n<p>&#13;<\/p>\n<p><strong>Route &#8211;<\/strong>\u00a0Vuelta a Colombia (2.2 \/ Elites Hommes) &#8211; \u00e9tape 4<\/p>\n<p>&#13;<\/p>\n<p><strong>Route &#8211;\u00a0<\/strong>Kreiz Breizh Elites (2.2 \/ Elites Hommes) &#8211; \u00e9tape 3<\/p>\n<p>&#13;<\/p>\n<p><strong>Crit\u00e9rium de Colmar<\/strong>\u00a0(68)<\/p>\n<p>&#13;<\/p>\n<p>\u00a0<\/p>\n<p>&#13;<\/p>\n<p><strong>Mardi 5<strong>\u00a0ao\u00fbt<\/strong><\/strong><\/p>\n<p>&#13;<\/p>\n<p><strong>Route &#8211;\u00a0<\/strong>Tour de Pologne (2.UWT \/ Elites Hommes) &#8211; \u00e9tape 2<\/p>\n<p>&#13;<\/p>\n<p><strong>Route &#8211;<\/strong>\u00a0Tour de Burgos (2.Pro \/ Elites Hommes) &#8211; \u00e9tape 1<\/p>\n<p>&#13;<\/p>\n<p><strong>Route &#8211;<\/strong>\u00a0Tour Cycliste International de la Guadeloupe\u00a0(2.2 \/ Elites Hommes) &#8211; \u00e9tape 4<\/p>\n<p>&#13;<\/p>\n<p><strong>Route &#8211;<\/strong>\u00a0Vuelta a Colombia (2.2 \/ Elites Hommes) &#8211; \u00e9tape 5<\/p>\n<p>&#13;<\/p>\n<p><strong>Crit\u00e9rium de Saint Seurin sur l\u2019Isle<\/strong>\u00a0(33)<\/p>\n<p>&#13;<\/p>\n<p>\u00a0<\/p>\n<p>&#13;<\/p>\n<p><strong>Mercredi 6<strong>\u00a0ao\u00fbt<\/strong><\/strong><\/p>\n<p>&#13;<\/p>\n<p><strong>Route &#8211;\u00a0<\/strong>Tour de Pologne (2.UWT \/ Elites Hommes) &#8211; \u00e9tape 3<\/p>\n<p>&#13;<\/p>\n<p><strong>Route &#8211;<\/strong>\u00a0Tour de Burgos (2.Pro \/ Elites Hommes) &#8211; \u00e9tape 2<\/p>\n<p>&#13;<\/p>\n<p><strong>Route &#8211;\u00a0<\/strong>Tour de l&rsquo;Ain (2.1 \/ Elites Hommes) &#8211; \u00e9tape 1<\/p>\n<p>&#13;<\/p>\n<p><strong>Route &#8211;\u00a0<\/strong>Tour du Portugal (2.1 \/ Elites Hommes) &#8211; prologue<\/p>\n<p>&#13;<\/p>\n<p><strong>Route &#8211;<\/strong>\u00a0Tour Cycliste International de la Guadeloupe\u00a0(2.2 \/ Elites Hommes) &#8211; \u00e9tape 5<\/p>\n<p>&#13;<\/p>\n<p><strong>Route &#8211;<\/strong>\u00a0Vuelta a Colombia (2.2 \/ Elites Hommes) &#8211; \u00e9tape 6<\/p>\n<p>&#13;<\/p>\n<p><strong>Route &#8211;\u00a0Championnats de France de l&rsquo;Avenir<\/strong> : Contre-la-montre Juniors et Espoirs, Hommes et Femmes<\/p>\n<p>&#13;<\/p>\n<p><strong><strong>Crit\u00e9rium de Marcol\u00e8s<\/strong><\/strong>\u00a0(15)<\/p>\n<p>&#13;<\/p>\n<p>\u00a0<\/p>\n<p>&#13;<\/p>\n<p><strong>Jeudi 7<strong>\u00a0ao\u00fbt<\/strong><\/strong><\/p>\n<p>&#13;<\/p>\n<p><strong>Route &#8211;\u00a0<\/strong>Tour de Pologne (2.UWT \/ Elites Hommes) &#8211; \u00e9tape 4<\/p>\n<p>&#13;<\/p>\n<p><strong>Route &#8211;<\/strong>\u00a0Tour de Burgos (2.Pro \/ Elites Hommes) &#8211; \u00e9tape 3<\/p>\n<p>&#13;<\/p>\n<p><strong>Route &#8211;<\/strong>\u00a0Arctic Race of Norway (2.Pro \/ Elites Hommes) &#8211; \u00e9tape 1<\/p>\n<p>&#13;<\/p>\n<p><strong>Route &#8211;\u00a0<\/strong>Tour de l&rsquo;Ain (2.1 \/ Elites Hommes) &#8211; \u00e9tape 2<\/p>\n<p>&#13;<\/p>\n<p><strong>Route &#8211;\u00a0<\/strong>Tour du Portugal (2.1 \/ Elites Hommes) &#8211; \u00e9tape 1<\/p>\n<p>&#13;<\/p>\n<p><strong>Route &#8211;\u00a0<\/strong>Trans-Himalaya Cycling Race (2.1 \/ Elites Hommes) &#8211; \u00e9tape 1<\/p>\n<p>&#13;<\/p>\n<p><strong>Route &#8211;<\/strong>\u00a0Tour Cycliste International de la Guadeloupe\u00a0(2.2 \/ Elites Hommes) &#8211; \u00e9tape 6<\/p>\n<p>&#13;<\/p>\n<p><strong>Route &#8211;<\/strong>\u00a0Tour de Szeklerland\u00a0(2.2 \/ Elites Hommes) &#8211; prologue<\/p>\n<p>&#13;<\/p>\n<p><strong>Route &#8211;<\/strong>\u00a0Vuelta a Colombia (2.2 \/ Elites Hommes) &#8211; \u00e9tape 7<\/p>\n<p>&#13;<\/p>\n<p><strong>Crit\u00e9rium D\u2019Avermes Porte de l\u2019Allier<\/strong>\u00a0(03)<\/p>\n<p>&#13;<\/p>\n<p>\u00a0<\/p>\n<p>&#13;<\/p>\n<p><strong>Vendredi 8<strong>\u00a0ao\u00fbt<\/strong><\/strong><\/p>\n<p>&#13;<\/p>\n<p><strong>Route &#8211;\u00a0<\/strong>Tour de Pologne (2.UWT \/ Elites Hommes) &#8211; \u00e9tape 5<\/p>\n<p>&#13;<\/p>\n<p><strong>Route &#8211;<\/strong>\u00a0Tour de Burgos (2.Pro \/ Elites Hommes) &#8211; \u00e9tape 4<\/p>\n<p>&#13;<\/p>\n<p><strong>Route &#8211;<\/strong>\u00a0Arctic Race of Norway\u00a0(2.Pro \/ Elites Hommes) &#8211; \u00e9tape 2<\/p>\n<p>&#13;<\/p>\n<p><strong>Route &#8211;\u00a0<\/strong>Tour de l&rsquo;Ain (2.1 \/ Elites Hommes) &#8211; \u00e9tape 3<\/p>\n<p>&#13;<\/p>\n<p><strong>Route &#8211;\u00a0<\/strong>Tour du Portugal (2.1 \/ Elites Hommes) &#8211; \u00e9tape 2<\/p>\n<p>&#13;<\/p>\n<p><strong>Route &#8211;\u00a0<\/strong>Trans-Himalaya Cycling Race\u00a0(2.1 \/ Elites Hommes) &#8211; \u00e9tape 2<\/p>\n<p>&#13;<\/p>\n<p><strong>Route &#8211;<\/strong>\u00a0Tour Cycliste International de la Guadeloupe\u00a0(2.2 \/ Elites Hommes) &#8211; \u00e9tape 7<\/p>\n<p>&#13;<\/p>\n<p><strong>Route &#8211;<\/strong>\u00a0Tour de Szeklerland\u00a0(2.2 \/ Elites Hommes) &#8211; \u00e9tape 1<\/p>\n<p>&#13;<\/p>\n<p><strong>Route &#8211;<\/strong>\u00a0Vuelta a Colombia (2.2 \/ Elites Hommes) &#8211; \u00e9tape 8<\/p>\n<p>&#13;<\/p>\n<p><strong>Crit\u00e9rium Arc-en-Ciel Saint-Amand Montrond<\/strong>\u00a0(18)<\/p>\n<p>&#13;<\/p>\n<p>\u00a0<\/p>\n<p>&#13;<\/p>\n<p><strong>Samedi 9<strong>\u00a0ao\u00fbt<\/strong><\/strong><\/p>\n<p>&#13;<\/p>\n<p><strong>Route &#8211;\u00a0<\/strong>Tour de Pologne (2.UWT \/ Elites Hommes) &#8211; \u00e9tape 6<\/p>\n<p>&#13;<\/p>\n<p><strong>Route &#8211;<\/strong>\u00a0Tour de Burgos (2.Pro \/ Elites Hommes) &#8211; \u00e9tape 5<\/p>\n<p>&#13;<\/p>\n<p><strong>Route &#8211;<\/strong>\u00a0Arctic Race of Norway\u00a0(2.Pro \/ Elites Hommes) &#8211; \u00e9tape 3<\/p>\n<p>&#13;<\/p>\n<p><strong>Route &#8211;\u00a0<\/strong>Tour du Portugal (2.1 \/ Elites Hommes) &#8211; \u00e9tape 3<\/p>\n<p>&#13;<\/p>\n<p><strong>Route &#8211;\u00a0<\/strong>Trans-Himalaya Cycling Race\u00a0(2.1 \/ Elites Hommes) &#8211; \u00e9tape 3<\/p>\n<p>&#13;<\/p>\n<p><strong>Route &#8211;<\/strong>\u00a0Tour Cycliste International de la Guadeloupe\u00a0(2.2 \/ Elites Hommes) &#8211; \u00e9tape 8<\/p>\n<p>&#13;<\/p>\n<p><strong>Route &#8211;<\/strong>\u00a0Tour de Szeklerland\u00a0(2.2 \/ Elites Hommes) &#8211;\u00a0\u00e9tape 2<\/p>\n<p>&#13;<\/p>\n<p><strong>Route &#8211;<\/strong>\u00a0Vuelta a Colombia (2.2 \/ Elites Hommes) &#8211; \u00e9tape 9<\/p>\n<p>&#13;<\/p>\n<p><strong>Route &#8211;\u00a0Championnats de France de l&rsquo;Avenir<\/strong>\u00a0: Course en ligne Espoirs Hommes et Femmes<\/p>\n<p>&#13;<\/p>\n<p><strong>Crit\u00e9rium de Dun le Palestel<\/strong>\u00a0(23)<\/p>\n<p>&#13;<br \/>\n&#13;<\/p>\n<p><strong>Dimanche 10<strong>\u00a0ao\u00fbt<\/strong><\/strong><\/p>\n<p>&#13;<\/p>\n<p><strong>Route &#8211;\u00a0<\/strong>Tour de Pologne (2.UWT \/ Elites Hommes) &#8211; \u00e9tape 7<\/p>\n<p>&#13;<\/p>\n<p><strong>Route &#8211;<\/strong>\u00a0Arctic Race of Norway\u00a0(2.Pro \/ Elites Hommes) &#8211; \u00e9tape 4<\/p>\n<p>&#13;<\/p>\n<p><strong>Route &#8211;\u00a0<\/strong>Tour du Portugal (2.1 \/ Elites Hommes) &#8211; \u00e9tape 4<\/p>\n<p>&#13;<\/p>\n<p><strong>Route &#8211;\u00a0<\/strong>Trans-Himalaya Cycling Race\u00a0(2.1 \/ Elites Hommes) &#8211; \u00e9tape 4<\/p>\n<p>&#13;<\/p>\n<p><strong>Route &#8211;<\/strong>\u00a0Tour Cycliste International de la Guadeloupe\u00a0(2.2 \/ Elites Hommes) &#8211; \u00e9tape 9<\/p>\n<p>&#13;<\/p>\n<p><strong>Route &#8211;<\/strong>\u00a0Vuelta a Colombia (2.2 \/ Elites Hommes) &#8211; \u00e9tape 10<\/p>\n<p>&#13;<\/p>\n<p><strong>Route &#8211;\u00a0Championnats de France de l&rsquo;Avenir<\/strong>\u00a0: Course en ligne Juniors Hommes et Femmes<\/p>\n","protected":false},"excerpt":{"rendered":"Lire la suite de l&rsquo;article&#13; \u00a0 &#13; Pologne, Ain, Portugal, Burgos, Norv\u00e8ge&#8230; des courses dans toute l&rsquo;Europe !&#13;&hellip;\n","protected":false},"author":2,"featured_media":296685,"comment_status":"","ping_status":"","sticky":false,"template":"","format":"standard","meta":{"footnotes":""},"categories":[1411],"tags":[4763,1154,207,211,1011,27,209,60,210,212,208,213],"class_list":{"0":"post-296684","1":"post","2":"type-post","3":"status-publish","4":"format-standard","5":"has-post-thumbnail","7":"category-cyclisme","8":"tag-agenda","9":"tag-cycling","10":"tag-cyclisme","11":"tag-ffc","12":"tag-fr","13":"tag-france","14":"tag-route","15":"tag-sports","16":"tag-tour-de-france","17":"tag-uci","18":"tag-velo","19":"tag-world-tour"},"share_on_mastodon":{"url":"https:\/\/pubeurope.com\/@fr\/114972784314639426","error":""},"_links":{"self":[{"href":"https:\/\/www.europesays.com\/fr\/wp-json\/wp\/v2\/posts\/296684","targetHints":{"allow":["GET"]}}],"collection":[{"href":"https:\/\/www.europesays.com\/fr\/wp-json\/wp\/v2\/posts"}],"about":[{"href":"https:\/\/www.europesays.com\/fr\/wp-json\/wp\/v2\/types\/post"}],"author":[{"embeddable":true,"href":"https:\/\/www.europesays.com\/fr\/wp-json\/wp\/v2\/users\/2"}],"replies":[{"embeddable":true,"href":"https:\/\/www.europesays.com\/fr\/wp-json\/wp\/v2\/comments?post=296684"}],"version-history":[{"count":0,"href":"https:\/\/www.europesays.com\/fr\/wp-json\/wp\/v2\/posts\/296684\/revisions"}],"wp:featuredmedia":[{"embeddable":true,"href":"https:\/\/www.europesays.com\/fr\/wp-json\/wp\/v2\/media\/296685"}],"wp:attachment":[{"href":"https:\/\/www.europesays.com\/fr\/wp-json\/wp\/v2\/media?parent=296684"}],"wp:term":[{"taxonomy":"category","embeddable":true,"href":"https:\/\/www.europesays.com\/fr\/wp-json\/wp\/v2\/categories?post=296684"},{"taxonomy":"post_tag","embeddable":true,"href":"https:\/\/www.europesays.com\/fr\/wp-json\/wp\/v2\/tags?post=296684"}],"curies":[{"name":"wp","href":"https:\/\/api.w.org\/{rel}","templated":true}]}}