{"id":296688,"date":"2025-08-04T22:11:12","date_gmt":"2025-08-04T22:11:12","guid":{"rendered":"https:\/\/www.europesays.com\/fr\/296688\/"},"modified":"2025-08-04T22:11:12","modified_gmt":"2025-08-04T22:11:12","slug":"louis-sarkozy-torse-nu-et-en-sueur-il-en-a-bave-pour-la-ville-quil-lorgne","status":"publish","type":"post","link":"https:\/\/www.europesays.com\/fr\/296688\/","title":{"rendered":"Louis Sarkozy torse nu et en sueur : il en a bav\u00e9 pour la ville qu\u2019il lorgne"},"content":{"rendered":"<p>      R\u00e9sum\u00e9<\/p>\n<p>Louis Sarkozy a relev\u00e9 un d\u00e9fi sportif ardu pour admirer Menton depuis les hauteurs, ville qu\u2019il envisage de diriger prochainement face \u00e0 une pression politique croissante.<\/p>\n<p>        Sommaire<\/p>\n<p><a href=\"https:\/\/www.public.fr\/ca-fait-presque-un-an-que-vous-minsultez-louis-sarkozy-nouvelle-star-du-paf-sa-decision-radicale-pour-calmer-les-ardeurs\" target=\"_blank\" rel=\"noopener\">Louis Sarkozy<\/a> ne se consacre pas uniquement \u00e0 la politique. Il donne \u00e9galement de sa personne pour observer les sublimes paysages qu\u2019offre la France. La preuve, avec la publication du fils de <a href=\"https:\/\/www.public.fr\/tag\/nicolas-sarkozy\" target=\"_blank\" rel=\"noopener\">Nicolas Sarkozy<\/a>, ce dimanche 3 ao\u00fbt 2025.<\/p>\n<p>Au cours du week-end, le fils de <a href=\"https:\/\/vsd.fr\/tag\/nicolas-sarkozy\/\" target=\"_blank\" rel=\"noopener\">l\u2019ancien Pr\u00e9sident de la R\u00e9publique Fran\u00e7aise<\/a> a en effet d\u00e9cid\u00e9 de se lancer un sacr\u00e9 d\u00e9fi sportif : <strong>gravir un col avec plusieurs m\u00e8tres de d\u00e9nivel\u00e9<\/strong> pour d\u00e9couvrir la ville de Menton de toute sa hauteur.\u00a0<\/p>\n<p>Le bel exploit sportif de Louis Sarkozy<\/p>\n<p>\u00ab\u00a0Hier matin, nous avons gravi le col du Roc d\u2019Orm\u00e9a depuis Castellar. Plus de 800 m\u00e8tres de d\u00e9nivel\u00e9, 1h30 de mont\u00e9e, pas mal de sueur, quelques cailloux tra\u00eetres\u2026 et, au sommet, une vue splendide sur Menton et la M\u00e9diterran\u00e9e\u00a0\u00bb, a en effet \u00e9crit Louis Sarkozy dans la vid\u00e9o qu\u2019il a publi\u00e9e sur son compte X.<\/p>\n<p>Le fils de l\u2019ancien Chef de l\u2019\u00c9tat ne s\u2019arr\u00eate pas l\u00e0 et indique que cette activit\u00e9 lui a \u00ab\u00a0permis de constater ce que nous savions d\u00e9j\u00e0 : Menton rayonne, entre mer et montagne, baign\u00e9e de lumi\u00e8re \u2014 \u00e0 la fois fi\u00e8re et discr\u00e8te\u00a0\u00bb. \u00ab\u00a0L\u2019essentiel, c\u2019est de savoir prendre de la hauteur. Physiquement, comme politiquement\u00a0\u00bb, conclut l\u2019homme qui pourrait bient\u00f4t se pr\u00e9senter \u00e0 l\u2019\u00e9lection municipale de la ville de Menton.<\/p>\n<p>En effet, <a href=\"https:\/\/www.public.fr\/louis-sarkozy-bientot-maire-de-cette-petite-ville-toute-mignonne-du-sud-est-de-la-france\" target=\"_blank\" rel=\"noopener\">cette ville semble attirer toute l\u2019attention<\/a> de Louis Sarkozy. Depuis plusieurs mois, il se murmure que le fils de Nicolas Sarkozy et C\u00e9cilia Attias lorgnerait la mairie de la jolie ville situ\u00e9e dans le sud de la France.<\/p>\n<blockquote class=\"twitter-tweet\">\n<p>Hier matin, nous avons gravi le col du Roc d\u2019Orm\u00e9a depuis Castellar.<\/p>\n<p>Plus de 800 m\u00e8tres de d\u00e9nivel\u00e9, 1h30 de mont\u00e9e, pas mal de sueur, quelques cailloux tra\u00eetres\u2026 et, au sommet, une vue splendide sur Menton et la M\u00e9diterran\u00e9e.<\/p>\n<p>Cela nous a permis de constater ce que nous\u2026 <a href=\"https:\/\/t.co\/w8y3DhjmtD\">pic.twitter.com\/w8y3DhjmtD<\/a><\/p>\n<p>\u2014 Louis Sarkozy (@napsarkozy) <a href=\"https:\/\/twitter.com\/napsarkozy\/status\/1952057182591345064?ref_src=twsrc%5Etfw\" target=\"_blank\" rel=\"noopener\">August 3, 2025<\/a><\/p><\/blockquote>\n<p>Une vue imprenable sur une ville qui lui ferait de l&rsquo;\u0153il<\/p>\n<p>Ce sont nos confr\u00e8res du Figaro qui ont fait cette r\u00e9v\u00e9lation en avril dernier. Selon le m\u00e9dia, le fils de l\u2019ancien chef de l\u2019\u00c9tat <strong>projetterait de se pr\u00e9senter \u00e0 la mairie de Menton en 2026<\/strong>.\u00a0Et, ce, dans un but pr\u00e9cis.<\/p>\n<p>En plus de se lancer pleinement dans la politique, Louis Sarkozy souhaiterait surtout se pr\u00e9senter car il \u00ab\u00a0craindrait la prise de pouvoir du Rassemblement national\u00a0\u00bb. \u00ab\u00a0Je ne suis candidat nulle part mais\u00a0<strong>je ne peux pas dire que je ne m\u2019int\u00e9resse pas \u00e0 la politique de la r\u00e9gion et notamment \u00e0 Menton<\/strong>\u00ab\u00a0, confiait-il dans un premier temps au\u00a0Figaro.<\/p>\n<p>Avant de souligner que la ville \u00e9tait actuellement\u00a0\u00ab\u00a0est en passe de tomber dans les mains du Rassemblement national\u00a0\u00bb. \u00c0 l\u2019heure actuelle, depuis 2022, c\u2019est Yves Juhel, le divers droite, qui dirige la ville c\u00e9l\u00e8bre pour son citron. Mais celui-ci se trouve dans la tourmente comme le notaient nos confr\u00e8res du Point.<\/p>\n<p>Le m\u00e9dia rappelait en effet que l\u2019homme politique se trouvait actuellement vis\u00e9 par une enqu\u00eate sur la gestion des ports, mettant en cause son ancien PDG, Mathieu Messina,\u00a0\u00ab\u00a0pour d\u00e9tournement de fonds, infraction aux comptes de campagne et blanchiment\u00a0\u00bb.<\/p>\n<p>      Mentionn\u00e9s dans cet article<\/p>\n<p>      Sur le m\u00eame sujet<\/p>\n<p>  <script async src=\"https:\/\/platform.twitter.com\/widgets.js\" charset=\"utf-8\"><\/script><\/p>\n","protected":false},"excerpt":{"rendered":"R\u00e9sum\u00e9 Louis Sarkozy a relev\u00e9 un d\u00e9fi sportif ardu pour admirer Menton depuis les hauteurs, ville qu\u2019il envisage&hellip;\n","protected":false},"author":2,"featured_media":296689,"comment_status":"","ping_status":"","sticky":false,"template":"","format":"standard","meta":{"footnotes":""},"categories":[1359],"tags":[43707,58,59,1011,27,17927,43708,3091,973],"class_list":{"0":"post-296688","1":"post","2":"type-post","3":"status-publish","4":"format-standard","5":"has-post-thumbnail","7":"category-people","8":"tag-cecilia-sarkozy","9":"tag-divertissement","10":"tag-entertainment","11":"tag-fr","12":"tag-france","13":"tag-louis-sarkozy","14":"tag-menton","15":"tag-nicolas-sarkozy","16":"tag-people"},"share_on_mastodon":{"url":"https:\/\/pubeurope.com\/@fr\/114972792397938881","error":""},"_links":{"self":[{"href":"https:\/\/www.europesays.com\/fr\/wp-json\/wp\/v2\/posts\/296688","targetHints":{"allow":["GET"]}}],"collection":[{"href":"https:\/\/www.europesays.com\/fr\/wp-json\/wp\/v2\/posts"}],"about":[{"href":"https:\/\/www.europesays.com\/fr\/wp-json\/wp\/v2\/types\/post"}],"author":[{"embeddable":true,"href":"https:\/\/www.europesays.com\/fr\/wp-json\/wp\/v2\/users\/2"}],"replies":[{"embeddable":true,"href":"https:\/\/www.europesays.com\/fr\/wp-json\/wp\/v2\/comments?post=296688"}],"version-history":[{"count":0,"href":"https:\/\/www.europesays.com\/fr\/wp-json\/wp\/v2\/posts\/296688\/revisions"}],"wp:featuredmedia":[{"embeddable":true,"href":"https:\/\/www.europesays.com\/fr\/wp-json\/wp\/v2\/media\/296689"}],"wp:attachment":[{"href":"https:\/\/www.europesays.com\/fr\/wp-json\/wp\/v2\/media?parent=296688"}],"wp:term":[{"taxonomy":"category","embeddable":true,"href":"https:\/\/www.europesays.com\/fr\/wp-json\/wp\/v2\/categories?post=296688"},{"taxonomy":"post_tag","embeddable":true,"href":"https:\/\/www.europesays.com\/fr\/wp-json\/wp\/v2\/tags?post=296688"}],"curies":[{"name":"wp","href":"https:\/\/api.w.org\/{rel}","templated":true}]}}