{"id":296690,"date":"2025-08-04T22:12:18","date_gmt":"2025-08-04T22:12:18","guid":{"rendered":"https:\/\/www.europesays.com\/fr\/296690\/"},"modified":"2025-08-04T22:12:18","modified_gmt":"2025-08-04T22:12:18","slug":"ouvrez-vos-yeux-voici-10-oeuvres-de-street-art-a-retrouver-dans-les-rues-du-havre","status":"publish","type":"post","link":"https:\/\/www.europesays.com\/fr\/296690\/","title":{"rendered":"Ouvrez vos yeux ! Voici 10 \u0153uvres de street-art \u00e0 retrouver dans les rues du Havre"},"content":{"rendered":"<p>            Par<br \/>\n        <strong><br \/>\n            <a href=\"https:\/\/actu.fr\/auteur\/louise-boutard\" title=\"Consulter tous les articles de Louise Boutard\" target=\"_blank\" rel=\"noopener\">Louise Boutard<\/a><br \/>\n        <\/strong><\/p>\n<p>        Publi\u00e9 le<\/p>\n<p>            4 ao\u00fbt 2025 \u00e0 20h14        <\/p>\n<p><a href=\"https:\/\/actu.fr\/normandie\/le-havre_76351\" target=\"_blank\" rel=\"noopener\">Le\u00a0Havre<\/a> serait-elle une ville d\u2019art\u2009? En tout cas, c\u00f4t\u00e9 street-art la cit\u00e9 Oc\u00e9ane n\u2019est pas en reste. <strong>De nombreuses fresques et collages<\/strong> peuvent \u00eatre admir\u00e9s dans tous les quartiers. Retrouverez-vous celles-ci\u2009? Voici une petite liste pour tester votre connaissance des murs du Havre.<\/p>\n<p>    <img   decoding=\"async\" loading=\"lazy\" src=\"https:\/\/www.europesays.com\/fr\/wp-content\/uploads\/2025\/08\/gouzou-street-art-fort-de-tourneville-4-960x640.jpg\" alt=\"O\u00f9 avez-vous d\u00e9j\u00e0 vu ce gouzou alt\u00e9rophile ?\" width=\"960\" height=\"640\"\/><br \/>\n    O\u00f9 avez-vous d\u00e9j\u00e0 vu ce gouzou alt\u00e9rophile\u2009? (\u00a9LB\/76actu)1. Jace<\/p>\n<p class=\" wall-content\">Impossible de parler de street-art au\u00a0Havre sans \u00e9voquer<strong> les gouzous de Jace.<\/strong> L\u2019artiste Havrais d\u00e9sormais install\u00e9 \u00e0 la R\u00e9union a fait appara\u00eetre <a href=\"https:\/\/actu.fr\/normandie\/le-havre_76351\/le-premier-gouzou-du-havrais-jace-a-30-ans-quelle-est-son-histoire_53066033.html\" target=\"_blank\" rel=\"noopener\">ses personnages jaunes sans visage<\/a> dans bien des endroits du Havre et de France. Sur les r\u00e9seaux sociaux, certains fans s\u2019amusent m\u00eame \u00e0 les r\u00e9pertorier. Avez-vous un pr\u00e9f\u00e9r\u00e9\u2009?<\/p>\n<p>O\u00f9 me trouver\u2009? Au Fort de Tourneville, entre le Tetris et l\u2019entr\u00e9e \u00ab\u2009n\u00b033\u2009\u00bb.<\/p>\n<p>    <img   decoding=\"async\" loading=\"lazy\" src=\"https:\/\/www.europesays.com\/fr\/wp-content\/uploads\/2025\/08\/teuthis-2-960x640.jpg\" alt=\"L'artiste Teuthis a effectu\u00e9 de nombreux collages dans le centre-ville du Havre\" width=\"960\" height=\"640\"\/><br \/>\n    L\u2019artiste Teuthis a effectu\u00e9 de nombreux collages dans le centre-ville du\u00a0Havre (\u00a9LB\/76actu)2.\u00a0Teuthis<\/p>\n<p class=\" wall-content\">Sp\u00e9cialiste des collages de pr\u00e9cision, inspir\u00e9 par son pass\u00e9 scientifique et autour de <strong>l\u2019univers de la mer,<\/strong> ou plus r\u00e9cemment de <strong>l\u2019architecture<\/strong> Perret,<a href=\"https:\/\/actu.fr\/normandie\/le-havre_76351\/le-havre-six-choses-a-savoir-sur-teuthis-et-son-expo-qui-revisite-l-architecture-perret_60917685.html\" target=\"_blank\" rel=\"noopener\"> Teuthis est un autre artiste incontournable<\/a> des murs du\u00a0Havre. Saurez-vous par exemple retrouver ce scaphandre\u2009?<\/p>\n<p>O\u00f9 me trouver\u2009? Le scaphandre est situ\u00e9 face \u00e0 la Galerne, en plein centre-ville, rue Larue.<\/p>\n<p>    <img   decoding=\"async\" loading=\"lazy\" src=\"https:\/\/www.europesays.com\/fr\/wp-content\/uploads\/2025\/08\/fresques-3-1-960x640.jpg\" alt=\"Rencontre entre le personnage de Mascarade et celui de Jace. On le retrouve dans l'avenue Foch sur un espace en travaux bien connu des amateurs de street art et autres collages. \" width=\"960\" height=\"640\"\/><br \/>\n    Rencontre entre le personnage de Mascarade et celui de Jace. Un espace en travaux bien connu des amateurs de street art et autres collages. (\u00a9LB\/76actu)3. Mascarade &amp; Jace<\/p>\n<p class=\" wall-content\">Un affrontement olympique avec deux des artistes les plus connus du street-art havrais\u2009: Jace et <a href=\"https:\/\/actu.fr\/normandie\/le-havre_76351\/portrait-de-graffeur-clandestin-a-artiste-mascarade-ouvre-une-nouvelle-galerie-au-havre_55646314.html\" target=\"_blank\" rel=\"noopener\">Mascarade<\/a>, \u00e0 travers leurs personnages f\u00e9tiches. Si les gouzous sont d\u00e9sormais tr\u00e8s c\u00e9l\u00e8bres, les fresques et peintures reconnaissables repr\u00e9sentant souvent la ville entre<strong> traits noirs et touches color\u00e9es<\/strong> sont \u00e9galement appr\u00e9ci\u00e9es. Le Havrais alterne entre fresques murales et galerie pr\u00e8s de la cath\u00e9drale.<\/p>\n<p>O\u00f9 suis-je\u2009? Cet emplacement en travaux, bien connu des amateurs de street-art et autres collages, se situe dans l\u2019avenue Foch, pr\u00e8s du num\u00e9ro\u00a0101.<\/p>\n<p>    <img   decoding=\"async\" loading=\"lazy\" src=\"https:\/\/www.europesays.com\/fr\/wp-content\/uploads\/2025\/08\/street-art-commissariat-caucriauville-960x640.jpg\" alt=\"O\u00f9 est install\u00e9 ce collage de Bepop ? \" width=\"960\" height=\"640\"\/><br \/>\n    O\u00f9 est install\u00e9 ce dessin aux pochoirs de Bepop\u2019s\u2009? (\u00a9LB\/76actu)4. Be Pop\u2019s<\/p>\n<p class=\" wall-content\">Ce tr\u00e8s beau dessin d\u2019une jeune femme prenant une photo, r\u00e9alis\u00e9 \u00e0 partir de pochoirs. Be Pop\u2019s, s\u2019est sp\u00e9cialis\u00e9 dans ce type de <strong>portraits<\/strong>. Parfois seul, parfois en couple, Be Pop\u2019s s\u2019inspire de la pop culture et joue souvent sur ces contrastes entre nuances de gris et couleurs vives.<\/p>\n<p>O\u00f9 suis-je\u2009? Ce travail est visible juste \u00e0 c\u00f4t\u00e9 du commissariat de police de Caucriauville. Il est d\u2019ailleurs entour\u00e9 de nombreux autres magnifiques street-arts.<\/p>\n<p>    <img   decoding=\"async\" loading=\"lazy\" src=\"https:\/\/www.europesays.com\/fr\/wp-content\/uploads\/2025\/08\/street-art-debarquement-chateau-deau-2-960x640.jpg\" alt=\"Le d\u00e9sir de paix et de libert\u00e9, mais aussi un hommage au commando Reiffer a \u00e9t\u00e9 immortalis\u00e9 en bas du chateau d'eau de l'avenue Paul-Bert, quartier d'Applemont \u00e0 l'occasion des 50 ans du D\u00e9barquement en Normandie. \" width=\"960\" height=\"640\"\/><br \/>\n    Le d\u00e9sir de paix et de libert\u00e9, mais aussi un hommage au commando Reiffer a \u00e9t\u00e9 immortalis\u00e9 \u00e0 l\u2019occasion des 50\u00a0ans du D\u00e9barquement en Normandie. (\u00a9LB\/76actu)5. Serial Colorz<\/p>\n<p class=\" wall-content\">Le d\u00e9sir de paix et de libert\u00e9, mais aussi un hommage au commando Reiffer a \u00e9t\u00e9 immortalis\u00e9 en juillet\u00a02024 par plusieurs artistes sur ce mur arrondi\u2026 Cette \u0153uvre a \u00e9t\u00e9 r\u00e9alis\u00e9e \u00e0 l\u2019occasion des 50\u00a0ans du <a href=\"https:\/\/actu.fr\/normandie\/le-havre_76351\/bombardements-havre-quand-troupes-alliees-raserent-ville-85_26950372.html\" target=\"_blank\" rel=\"noopener\">D\u00e9barquement en Normandie<\/a>. Elle a \u00e9t\u00e9 cr\u00e9e par<strong> les cinq graffeurs de l\u2019association Serial Colorz<\/strong>, avec l\u2019aide du service de l\u2019association Patrimoine Aplemont et de la Frileuse mais aussi des enfants de l\u2019\u00e9cole Paul-Bert et du centre de loisirs.<\/p>\n<p>O\u00f9 suis-je\u2009? Tout autour du chateau d\u2019eau de l\u2019avenue Paul-Bert, quartier d\u2019Aplemont.<\/p>\n<p>    <img   decoding=\"async\" loading=\"lazy\" src=\"https:\/\/www.europesays.com\/fr\/wp-content\/uploads\/2025\/08\/street-art-quartier-de-leure-3-960x640.jpg\" alt=\"Plusieurs de ces personnages reconnaissables entourent un graff rouge, dans le quartier de l'Eure. \" width=\"960\" height=\"640\"\/><br \/>\n    Plusieurs de ces personnages reconnaissables entourent un graff rouge, dans le quartier de l\u2019Eure. (\u00a9LB\/76actu)6. Nefase<\/p>\n<p class=\" wall-content\">Plusieurs de ces personnages reconnaissables entourent un graff rouge. Ils tiennent des crayons et semblent plut\u00f4t tranquilles. Ces figures souriantes se retrouvent \u00e0 plusieurs endroits dans Le\u00a0Havre, <strong>comme un jeu de piste<\/strong> lanc\u00e9 par Nefase. Mais l\u2019artiste a \u00e9galement con\u00e7u des travaux tr\u00e8s diff\u00e9rents, comme la <a href=\"https:\/\/actu.fr\/normandie\/le-havre_76351\/le-havre-une-fresque-monumentale-aux-jardins-suspendus-sur-le-theme-de-l-australie_41843435.html\" target=\"_blank\" rel=\"noopener\">fresque des jardins suspendus<\/a> avec Kero.<\/p>\n<p>O\u00f9 suis-je\u2009? Au tout d\u00e9but de la rue de Valmy, pr\u00e8s du croisement avec la rue Gustave-Nicolle, dans le quartier de l\u2019Eure.<\/p>\n<p>    <img   decoding=\"async\" loading=\"lazy\" src=\"https:\/\/www.europesays.com\/fr\/wp-content\/uploads\/2025\/08\/chat-tag-le-havre-2-960x640.jpg\" alt=\"Quartier Sanvic, un chat g\u00e9ant observe les passants\" width=\"960\" height=\"640\"\/><br \/>\n    Quartier Sanvic, un chat g\u00e9ant observe les passants (\u00a9LB\/76actu)7. Giulio Masieri<\/p>\n<p class=\" wall-content\">Ce chat curieux est <a href=\"https:\/\/actu.fr\/normandie\/le-havre_76351\/c-est-quoi-ce-chat-geant-sur-le-mur-d-une-maison-dans-le-quartier-sanvic-au-havre_62695245.html\" target=\"_blank\" rel=\"noopener\">l\u2019\u0153uvre de l\u2019artiste italien Giulio Masieri<\/a>. Elle avait \u00e9t\u00e9 cr\u00e9\u00e9e juste au moment du Covid avec le concours de la galerie Hamon avec d\u2019autres artistes. L\u2019id\u00e9e \u00e9tait que les animaux reprennent l\u2019espace citadin apr\u00e8s les confinements. La technique utilis\u00e9e garde des mat\u00e9riaux naturels.<\/p>\n<p>O\u00f9 suis-je\u2009? \u00c0 l\u2019angle des rues de Toul et David d\u2019Angers, quartier Sanvic, tout pr\u00e8s de la Fabrique.<\/p>\n<p>    <img   decoding=\"async\" loading=\"lazy\" src=\"https:\/\/www.europesays.com\/fr\/wp-content\/uploads\/2025\/08\/street-art-le-havre-3-960x640.jpg\" alt=\"Un rhinoc\u00e9ros color\u00e9 a \u00e9t\u00e9 cr\u00e9\u00e9 par deux artistes graffeurs, avec les enfants de l'association E. Varlin. \" width=\"960\" height=\"640\"\/><br \/>\n    Un rhinoc\u00e9ros color\u00e9 a \u00e9t\u00e9 cr\u00e9\u00e9 par deux artistes graffeurs, avec les enfants de l\u2019association E. Varlin. (\u00a9LB\/76actu)8. Kero &amp; Luso<\/p>\n<p class=\" wall-content\"><strong>Un rhinoc\u00e9ros color\u00e9<\/strong> a \u00e9t\u00e9 cr\u00e9\u00e9 par le graffeur Kero, mais pas tout seul. Dans le cadre de <a href=\"https:\/\/actu.fr\/normandie\/le-havre_76351\/au-havre-du-street-art-pour-redonner-vie-aux-commerces-et-vitrines-vides_566951.html\" target=\"_blank\" rel=\"noopener\">l\u2019association Les Amarts<\/a> pour valoriser l\u2019espace urbain, il a \u00e9t\u00e9 entour\u00e9 du graffeur Luso, et des enfants de l\u2019association Eugene Varlin. Aujourd\u2019hui les couleurs sont un peu pass\u00e9es, mais l\u2019animal reste imposant pour une \u0153uvre de 2018 qui devait \u00eatre \u00e9ph\u00e9m\u00e8re.<\/p>\n<p>O\u00f9 suis-je\u2009? On retrouve facilement cette \u0153uvre au dos de la station essence \u00e0 Caucriauville, entre la rue Laplace et la rue Lieutenant Clerivet.<\/p>\n<p><img decoding=\"async\" loading=\"lazy\" src=\"https:\/\/www.europesays.com\/fr\/wp-content\/uploads\/2025\/08\/street-art-quartier-de-leure-1-960x640.jpg\" alt=\"Un cosmonaute et un escalier rose orne un mur dans le quartier de l'Eure l'avez-vous d\u00e9j\u00e0 remarqu\u00e9 ? \" width=\"960\" height=\"640\"\/>Un spationaute et un escalier rose ornent un mur dans le quartier de l\u2019Eure l\u2019avez-vous d\u00e9j\u00e0 remarqu\u00e9\u2009?9. Guilherme Coutinho<\/p>\n<p class=\" wall-content\">Un spationaute et un escalier rose ornent un mur dans le quartier de l\u2019Eure l\u2019avez-vous d\u00e9j\u00e0 remarqu\u00e9\u2009? <strong>\u00ab\u2009Le Grand Saut\u2009\u00bb<\/strong> de Guilherme Coutinho a \u00e9t\u00e9 imagin\u00e9 lors du dernier voyage de Thomas Pesquet autour de la Terre et ce n\u2019est peut-\u00eatre pas un hasard. L\u2019artiste a r\u00e9alis\u00e9 cette \u0153uvre avec Luso et Ivan LM, dans le cadre des Murs Eph\u00e9m\u00e8res de l\u2019association Les Amarts.<\/p>\n<p>O\u00f9 suis-je\u2009? Vous retrouverez cette \u0153uvre sur un transformateur, dans le quartier de l\u2019Eure. Au niveau du 84, rue Gustave-Nicolle.<\/p>\n<p>    <img   decoding=\"async\" loading=\"lazy\" src=\"https:\/\/www.europesays.com\/fr\/wp-content\/uploads\/2025\/08\/street-art-hotel-de-ville-960x640.jpg\" alt=\"Ce petit cosmonaute sur des azuleros est en plein coeur du centre-ville? \" width=\"960\" height=\"640\"\/><br \/>\n    Ce petit cosmonaute sur des azuleros est en plein c\u0153ur du centre-ville\u2009? (\u00a9LB\/76actu)10. Milludo<\/p>\n<p class=\" wall-content\">Le petit spationaute est sign\u00e9 par Milludo. L\u2019artiste havrais se d\u00e9crit comme un <strong>autodidacte<\/strong> alternant les techniques du pochoir, la linogravure ou m\u00eame aquarelle. Ce dessin est lui-m\u00eame reproduit dans plusieurs endroits du\u00a0Havre. Les avez-vous rep\u00e9r\u00e9s\u2009?<\/p>\n<p>O\u00f9 suis-je\u2009? Ce spationaute pr\u00e9cis a \u00e9t\u00e9 photographi\u00e9 sur la place de l\u2019h\u00f4tel de ville, pr\u00e8s de la rue Edgar Larue.<\/p>\n<p>Suivez l\u2019actualit\u00e9 du\u00a0Havre sur<a href=\"https:\/\/www.whatsapp.com\/channel\/0029VaFqJYE8aKvLBwVrEe0o\" target=\"_blank\" rel=\"noopener\"> notre cha\u00eene WhatsApp<\/a> et sur <a href=\"https:\/\/www.tiktok.com\/@76actu.fr?lang=fr\" target=\"_blank\" rel=\"noopener\">notre compte TikTok<\/a><\/p>\n<p class=\" wall-content\">Suivez toute l\u2019actualit\u00e9 de vos villes et m\u00e9dias favoris en vous inscrivant \u00e0 <a href=\"https:\/\/moncompte.actu.fr\" title=\"D\u00e9couvez Mon Actu\" rel=\"nofollow noopener\" data-trk=\"{&quot;cta&quot;:{&quot;action&quot;:&quot;https:\\\/\\\/moncompte.actu.fr&quot;,&quot;category&quot;:&quot;mon compte&quot;,&quot;from&quot;:&quot;article footer&quot;,&quot;name&quot;:&quot;Mon actu&quot;,&quot;type&quot;:&quot;cta&quot;}}\" target=\"_blank\">Mon Actu<\/a>.<\/p>\n<p>                    <script async src=\"\/\/www.tiktok.com\/embed.js\"><\/script><\/p>\n","protected":false},"excerpt":{"rendered":"Par Louise Boutard Publi\u00e9 le 4 ao\u00fbt 2025 \u00e0 20h14 Le\u00a0Havre serait-elle une ville d\u2019art\u2009? En tout cas,&hellip;\n","protected":false},"author":2,"featured_media":296691,"comment_status":"","ping_status":"","sticky":false,"template":"","format":"standard","meta":{"footnotes":""},"categories":[1358],"tags":[43709,1348,1384,1385,1386,58,59,1011,27,1756,7767,104],"class_list":{"0":"post-296690","1":"post","2":"type-post","3":"status-publish","4":"format-standard","5":"has-post-thumbnail","7":"category-arts-et-design","8":"tag-art-et-sentiers","9":"tag-arts","10":"tag-arts-and-design","11":"tag-arts-et-design","12":"tag-design","13":"tag-divertissement","14":"tag-entertainment","15":"tag-fr","16":"tag-france","17":"tag-photographie","18":"tag-quiz","19":"tag-societe"},"share_on_mastodon":{"url":"https:\/\/pubeurope.com\/@fr\/114972796371788353","error":""},"_links":{"self":[{"href":"https:\/\/www.europesays.com\/fr\/wp-json\/wp\/v2\/posts\/296690","targetHints":{"allow":["GET"]}}],"collection":[{"href":"https:\/\/www.europesays.com\/fr\/wp-json\/wp\/v2\/posts"}],"about":[{"href":"https:\/\/www.europesays.com\/fr\/wp-json\/wp\/v2\/types\/post"}],"author":[{"embeddable":true,"href":"https:\/\/www.europesays.com\/fr\/wp-json\/wp\/v2\/users\/2"}],"replies":[{"embeddable":true,"href":"https:\/\/www.europesays.com\/fr\/wp-json\/wp\/v2\/comments?post=296690"}],"version-history":[{"count":0,"href":"https:\/\/www.europesays.com\/fr\/wp-json\/wp\/v2\/posts\/296690\/revisions"}],"wp:featuredmedia":[{"embeddable":true,"href":"https:\/\/www.europesays.com\/fr\/wp-json\/wp\/v2\/media\/296691"}],"wp:attachment":[{"href":"https:\/\/www.europesays.com\/fr\/wp-json\/wp\/v2\/media?parent=296690"}],"wp:term":[{"taxonomy":"category","embeddable":true,"href":"https:\/\/www.europesays.com\/fr\/wp-json\/wp\/v2\/categories?post=296690"},{"taxonomy":"post_tag","embeddable":true,"href":"https:\/\/www.europesays.com\/fr\/wp-json\/wp\/v2\/tags?post=296690"}],"curies":[{"name":"wp","href":"https:\/\/api.w.org\/{rel}","templated":true}]}}