{"id":296692,"date":"2025-08-04T22:13:12","date_gmt":"2025-08-04T22:13:12","guid":{"rendered":"https:\/\/www.europesays.com\/fr\/296692\/"},"modified":"2025-08-04T22:13:12","modified_gmt":"2025-08-04T22:13:12","slug":"le-troisieme-livre-bientot-disponible","status":"publish","type":"post","link":"https:\/\/www.europesays.com\/fr\/296692\/","title":{"rendered":"le troisi\u00e8me livre bient\u00f4t disponible"},"content":{"rendered":"<p>C\u2019est avec une grande satisfaction que Jacky Rusnov, pr\u00e9sident d\u2019US Memory, voit enfin la prochaine parution du troisi\u00e8me livre r\u00e9alis\u00e9 par l\u2019association. Mais surtout, ce livre est con\u00e7u \u00e0 Villiers-le-Sec.<\/p>\n<p>Fruit d\u2019un travail de trois longues ann\u00e9es, cet ouvrage a bien failli ne pas para\u00eetre apr\u00e8s la d\u00e9fection successive de deux \u00e9diteurs. Jacky Rusnov \u00e9tait pr\u00eat \u00e0 abandonner mais le nouveau secr\u00e9taire de l\u2019association, C\u00e9dric Luppi, a propos\u00e9 de le faire para\u00eetre en auto\u00e9dition en collaboration avec une entreprise toulousaine, Cool Libri.<\/p>\n<p>Mardi 29 juillet, plusieurs membres de l\u2019association, dont Jacky et C\u00e9dric, se sont donc retrouv\u00e9s \u00e0 Villiers pour une journ\u00e9e de montage. Il convient en effet, dans un premier temps, de construire le livre. L\u2019exemplaire ainsi constitu\u00e9 permettra \u00e0 Cool Libri de l\u2019imprimer en plusieurs milliers d\u2019exemplaires. L\u2019association a d\u00e9j\u00e0 \u00e9dit\u00e9 deux ouvrages qui ont connu un grand succ\u00e8s aupr\u00e8s du public ; l\u2019un d\u2019eux est d\u2019ailleurs \u00e9puis\u00e9 et n\u2019est plus disponible \u00e0 la vente.<\/p>\n<p>Ce troisi\u00e8me ouvrage, qui a pour titre \u00ab\u00a0US Memory Haute-Marne\u00a0\u00bb, relate tous les \u00e9v\u00e9nements liant la Haute-Marne et les Etats-Unis d\u2019Am\u00e9rique.<\/p>\n<p>Il est constitu\u00e9 de six chapitres\u00a0: le premier s\u2019intitule \u00ab\u00a0De Lafayette \u00e0 Pershing\u00a0\u00bb avec une \u00e9vocation du ch\u00e2teau de Cirey-sur-Blaise. Lafayette avait pour ma\u00eetresse la comtesse de Simiane, alors propri\u00e9taire du ch\u00e2teau. Le second concerne la Premi\u00e8re Guerre mondiale. <\/p>\n<p>Le troisi\u00e8me traite de l\u2019inauguration du monument franco-am\u00e9ricain en 1923, ann\u00e9e o\u00f9 les Chaumontais ont \u00e9galement c\u00e9l\u00e9br\u00e9 le Grand Pardon. <\/p>\n<p>Le quatri\u00e8me est consacr\u00e9 \u00e0 la Seconde Guerre mondiale. Le cinqui\u00e8me \u00e9voque bien entendu Chaumont Air Base. Enfin, le dernier aborde les relations particuli\u00e8res entre des Haut-Marnais et des Am\u00e9ricains. Le livre devrait \u00eatre disponible en d\u00e9but d\u2019ann\u00e9e 2026, ann\u00e9e o\u00f9 seront \u00e9galement c\u00e9l\u00e9br\u00e9s les  70 ans de la statue de la base les 4 et 5 juillet. Il est \u00e0 noter que les illustrations graphiques du livre ont \u00e9t\u00e9 r\u00e9alis\u00e9es par Eline Canal, originaire de Blessonville. Pour les personnes souhaitant s\u2019en procurer un exemplaire, il sera disponible directement aupr\u00e8s de l\u2019association.<\/p>\n<ul class=\"splide__list\">\n<li class=\"splide__slide\">\n                    <img decoding=\"async\" src=\"https:\/\/www.europesays.com\/fr\/wp-content\/uploads\/2025\/08\/910986.HR_.jpg\" alt=\"\"\/><br \/>\n                                            Un livre qui devrait ravir les passionn\u00e9s de cette \u00e9poque.\n                                    <\/li>\n<\/ul>\n<ul class=\"splide__list\">\n<li class=\"splide__slide\">\n                    <img decoding=\"async\" src=\"https:\/\/www.europesays.com\/fr\/wp-content\/uploads\/2025\/08\/910986.HR_-150x150.jpg\" alt=\"\"\/>\n                <\/li>\n<\/ul>\n","protected":false},"excerpt":{"rendered":"C\u2019est avec une grande satisfaction que Jacky Rusnov, pr\u00e9sident d\u2019US Memory, voit enfin la prochaine parution du troisi\u00e8me&hellip;\n","protected":false},"author":2,"featured_media":296693,"comment_status":"","ping_status":"","sticky":false,"template":"","format":"standard","meta":{"footnotes":""},"categories":[1357],"tags":[1379,58,59,1011,27,1380],"class_list":{"0":"post-296692","1":"post","2":"type-post","3":"status-publish","4":"format-standard","5":"has-post-thumbnail","7":"category-livres","8":"tag-books","9":"tag-divertissement","10":"tag-entertainment","11":"tag-fr","12":"tag-france","13":"tag-livres"},"share_on_mastodon":{"url":"https:\/\/pubeurope.com\/@fr\/114972800093865449","error":""},"_links":{"self":[{"href":"https:\/\/www.europesays.com\/fr\/wp-json\/wp\/v2\/posts\/296692","targetHints":{"allow":["GET"]}}],"collection":[{"href":"https:\/\/www.europesays.com\/fr\/wp-json\/wp\/v2\/posts"}],"about":[{"href":"https:\/\/www.europesays.com\/fr\/wp-json\/wp\/v2\/types\/post"}],"author":[{"embeddable":true,"href":"https:\/\/www.europesays.com\/fr\/wp-json\/wp\/v2\/users\/2"}],"replies":[{"embeddable":true,"href":"https:\/\/www.europesays.com\/fr\/wp-json\/wp\/v2\/comments?post=296692"}],"version-history":[{"count":0,"href":"https:\/\/www.europesays.com\/fr\/wp-json\/wp\/v2\/posts\/296692\/revisions"}],"wp:featuredmedia":[{"embeddable":true,"href":"https:\/\/www.europesays.com\/fr\/wp-json\/wp\/v2\/media\/296693"}],"wp:attachment":[{"href":"https:\/\/www.europesays.com\/fr\/wp-json\/wp\/v2\/media?parent=296692"}],"wp:term":[{"taxonomy":"category","embeddable":true,"href":"https:\/\/www.europesays.com\/fr\/wp-json\/wp\/v2\/categories?post=296692"},{"taxonomy":"post_tag","embeddable":true,"href":"https:\/\/www.europesays.com\/fr\/wp-json\/wp\/v2\/tags?post=296692"}],"curies":[{"name":"wp","href":"https:\/\/api.w.org\/{rel}","templated":true}]}}