{"id":296694,"date":"2025-08-04T22:14:21","date_gmt":"2025-08-04T22:14:21","guid":{"rendered":"https:\/\/www.europesays.com\/fr\/296694\/"},"modified":"2025-08-04T22:14:21","modified_gmt":"2025-08-04T22:14:21","slug":"thais-decouvre-le-trafic-de-liam-ulysse-trompe-bilal-le-resume-de-lepisode-1720-du-mardi-5-aout-2025","status":"publish","type":"post","link":"https:\/\/www.europesays.com\/fr\/296694\/","title":{"rendered":"Tha\u00efs d\u00e9couvre le trafic de Liam, Ulysse trompe Bilal&#8230; Le r\u00e9sum\u00e9 de l&rsquo;\u00e9pisode 1720 du mardi 5 ao\u00fbt 2025"},"content":{"rendered":"<p>Dans Un si grand soleil sur France 3, ce mardi 5 ao\u00fbt 2025, Didier et ses hommes finalisent la pr\u00e9paration du go fast, tandis qu&rsquo;Akim re\u00e7oit les derni\u00e8res consignes de Becker. Tha\u00efs trouve des preuves des manigances de Liam. Louis a de grands projets pour la ferme.<\/p>\n<p><b>Mardi 5 ao\u00fbt 2025 dans <\/b><b>Un si grand soleil<\/b><b>,<\/b> marqu\u00e9 r\u00e9cemment par <a href=\"https:\/\/www.programme-tv.net\/news\/series-tv\/383542-un-si-grand-soleil-attention-nouveau-changement-d-horaire-exceptionnel-ce-vendredi-18-juillet-2025\/\" data-api-deeplink=\"teleloisirs:\/\/news\/383542\" target=\"_blank\" rel=\"noopener\">de nombreux changements de programmation<\/a>&#8230; Le matin, Bilal se l\u00e8ve difficilement apr\u00e8s une insomnie, Ulysse essaie de le r\u00e9conforter. De son c\u00f4t\u00e9, Louis se r\u00e9jouit aupr\u00e8s de son p\u00e8re de son exp\u00e9rience \u00e0 la ferme. Marc s&rsquo;inqui\u00e8te pour l&rsquo;avenir de son fils qui lui r\u00e9pond qu&rsquo;il songe \u00e0 continuer de travailler \u00e0 la ferme apr\u00e8s l&rsquo;\u00e9t\u00e9. Louis aide ensuite Elodie \u00e0 d\u00e9charger les fruits et l\u00e9gumes invendus. Il lui propose de lancer une activit\u00e9 de paniers pr\u00eats \u00e0 l&#8217;emploi et d&rsquo;am\u00e9liorer leur communication sur les r\u00e9seaux sociaux. Il prend ainsi des photos de R\u00e9mi qui mange des fruits. Elodie f\u00e9licite Louis pour son initiative et ses photos. Flore trouve que le travail de Louis est super, ce qui agace Ludo (<a href=\"https:\/\/www.programme-tv.net\/news\/series-tv\/384178-un-si-grand-soleil-on-sy-croirait-vraiment-folco-marchi-fan-du-nouveau-decor-de-la-coloc-a-la-ferme-il-nous-raconte\/\" data-api-deeplink=\"teleloisirs:\/\/news\/384178\" target=\"_blank\" rel=\"noopener\">Folco Marchi adore le d\u00e9cor de la ferme<\/a>). Le soir, Ulysse appelle Bilal pour lui dire qu&rsquo;il va travailler tard \u00e0 la galerie, alors qu&rsquo;en r\u00e9alit\u00e9 il rejoint un jeune homme dans un h\u00f4tel.<\/p>\n<p>                        Un si grand soleil en avance : Tha\u00efs s&rsquo;appr\u00eate \u00e0 d\u00e9noncer Liam<\/p>\n<p>Le matin, Liam propose \u00e0 Tha\u00efs de partir en week-end \u00e0 Paris, mais elle se montre distante et refuse sa proposition. Elle fait mine de s&rsquo;en aller puis revient \u00e9couter discr\u00e8tement un \u00e9change t\u00e9l\u00e9phonique entre Liam et Didier. Au commissariat, Tha\u00efs trouve une correspondance entre la plaque d&rsquo;immatriculation d&rsquo;une voiture appartenant au garage de Liam et celle d&rsquo;un des v\u00e9hicules vol\u00e9s. Tha\u00efs se confie \u00e0 Louis \u00e0 propos de ce qu&rsquo;elle a d\u00e9couvert sur Liam. Son ami conseille \u00e0 la polici\u00e8re de rompre avec son compagnon. Tha\u00efs r\u00e9pond qu&rsquo;elle n&rsquo;a plus le choix et va devoir d\u00e9noncer Liam.<\/p>\n<p>Un si grand soleil en avance : Akim se pr\u00e9pare pour le go fast<\/p>\n<p>Akim repense \u00e0 la fausse mort de Thierry, \u00e0 son s\u00e9jour en prison, et \u00e0 son lien avec Liam. Akim rejoint Becker dans sa voiture pour lui parler de la suite de la mission. Le commissaire lui donne une montre munie d&rsquo;un tracker pour sa s\u00e9curit\u00e9 durant le go fast. Didier explique l&rsquo;organisation de l&rsquo;op\u00e9ration \u00e0 son homme de main qui se m\u00e9fie d&rsquo;Akim. Mais Didier lui rappelle qu&rsquo;il a toute confiance en Liam et donc Akim.<\/p>\n","protected":false},"excerpt":{"rendered":"Dans Un si grand soleil sur France 3, ce mardi 5 ao\u00fbt 2025, Didier et ses hommes finalisent&hellip;\n","protected":false},"author":2,"featured_media":296695,"comment_status":"","ping_status":"","sticky":false,"template":"","format":"standard","meta":{"footnotes":""},"categories":[1356],"tags":[244,58,59,1011,27,876,252,1364,9766,26118,26117],"class_list":{"0":"post-296694","1":"post","2":"type-post","3":"status-publish","4":"format-standard","5":"has-post-thumbnail","7":"category-television","8":"tag-commentaire","9":"tag-divertissement","10":"tag-entertainment","11":"tag-fr","12":"tag-france","13":"tag-france-3","14":"tag-television","15":"tag-tv","16":"tag-un-si-grand-soleil","17":"tag-un-si-grand-soleil-ru00e9sumu00e9","18":"tag-un-si-grand-soleil-ru00e9sumu00e9-en-avance"},"share_on_mastodon":{"url":"https:\/\/pubeurope.com\/@fr\/114972803946994064","error":""},"_links":{"self":[{"href":"https:\/\/www.europesays.com\/fr\/wp-json\/wp\/v2\/posts\/296694","targetHints":{"allow":["GET"]}}],"collection":[{"href":"https:\/\/www.europesays.com\/fr\/wp-json\/wp\/v2\/posts"}],"about":[{"href":"https:\/\/www.europesays.com\/fr\/wp-json\/wp\/v2\/types\/post"}],"author":[{"embeddable":true,"href":"https:\/\/www.europesays.com\/fr\/wp-json\/wp\/v2\/users\/2"}],"replies":[{"embeddable":true,"href":"https:\/\/www.europesays.com\/fr\/wp-json\/wp\/v2\/comments?post=296694"}],"version-history":[{"count":0,"href":"https:\/\/www.europesays.com\/fr\/wp-json\/wp\/v2\/posts\/296694\/revisions"}],"wp:featuredmedia":[{"embeddable":true,"href":"https:\/\/www.europesays.com\/fr\/wp-json\/wp\/v2\/media\/296695"}],"wp:attachment":[{"href":"https:\/\/www.europesays.com\/fr\/wp-json\/wp\/v2\/media?parent=296694"}],"wp:term":[{"taxonomy":"category","embeddable":true,"href":"https:\/\/www.europesays.com\/fr\/wp-json\/wp\/v2\/categories?post=296694"},{"taxonomy":"post_tag","embeddable":true,"href":"https:\/\/www.europesays.com\/fr\/wp-json\/wp\/v2\/tags?post=296694"}],"curies":[{"name":"wp","href":"https:\/\/api.w.org\/{rel}","templated":true}]}}