{"id":296696,"date":"2025-08-04T22:15:10","date_gmt":"2025-08-04T22:15:10","guid":{"rendered":"https:\/\/www.europesays.com\/fr\/296696\/"},"modified":"2025-08-04T22:15:10","modified_gmt":"2025-08-04T22:15:10","slug":"il-faut-toujours-avoir-une-excuse-cette-grande-chanteuse-francaise-balance-sur-le-tabou-de-lalcool","status":"publish","type":"post","link":"https:\/\/www.europesays.com\/fr\/296696\/","title":{"rendered":"\u00ab\u00a0Il faut toujours avoir une excuse\u201d : Cette grande chanteuse fran\u00e7aise balance sur le tabou de l\u2019alcool"},"content":{"rendered":"<p>La suite apr\u00e8s la publicit\u00e9<\/p>\n<p>Quelques mois <a href=\"https:\/\/www.purepeople.com\/article\/grande-premiere-pour-marina-kaye-la-chanteuse-de-28-ans-est-enceinte_a536344\/1\" rel=\"nofollow noopener\" target=\"_blank\">apr\u00e8s avoir annonc\u00e9 sa grossesse<\/a>, Marina Kaye, qui attend son premier enfant, profite de cette p\u00e9riode de transformation pour aborder un sujet qui la touche personnellement : <strong>la pression exerc\u00e9e sur ceux qui ne consomment pas d\u2019alcool<\/strong>, particuli\u00e8rement dans les cercles sociaux fran\u00e7ais. Son message est simple mais percutant : il ne devrait pas \u00eatre n\u00e9cessaire de se justifier pour ne pas boire.<\/p>\n<p>Dans une vid\u00e9o largement relay\u00e9e sur les r\u00e9seaux sociaux, <a href=\"https:\/\/www.purepeople.com\/article\/photos-marina-kaye-a-epouse-son-cheri-gregory-la-divine-mariee-en-robe-pas-tres-traditionnelle_a512658\/1\" rel=\"nofollow noopener\" target=\"_blank\">la jeune artiste amoureuse<\/a> ne m\u00e2che pas ses mots. \u00ab\u00a0<strong>Je trouve que c\u2019est hyper dur en France de ne pas boire\u00a0\u00bb<\/strong>, affirme-t-elle, avant de pointer du doigt une forme d\u2019injonction silencieuse : \u00ab\u00a0Si t\u2019es une femme et que tu ne bois pas, les gens pensent directement que t\u2019es enceinte ou que t\u2019as un probl\u00e8me.\u00a0\u00bb Ces phrases traduisent une lassitude qu\u2019elle n\u2019est pas la seule \u00e0 ressentir.<\/p>\n<p>\u00c0 travers son t\u00e9moignage, elle remet en question <strong>une norme sociale solidement ancr\u00e9e<\/strong> : celle de l\u2019ap\u00e9ro obligatoire, du verre lev\u00e9 pour c\u00e9l\u00e9brer, d\u00e9compresser, exister. Selon elle, il est temps de cesser de consid\u00e9rer l\u2019alcool comme une \u00e9vidence et de permettre \u00e0 chacun d\u2019avoir le choix \u2014 sans subir la pression du groupe. \u00ab\u00a0Il faut toujours avoir une excuse, genre &lsquo;je conduis&rsquo; ou &lsquo;je suis fatigu\u00e9e&rsquo;. <strong>Mais en fait, on n\u2019est pas cens\u00e9s se justifier. Le probl\u00e8me, c\u2019est pas ceux qui ne boivent pas, c\u2019est ceux qui nous forcent \u00e0 boire pour \u00eatre comme eux<\/strong>\u201d d\u00e9nonce-t-elle.\u00a0<\/p>\n<p>Une parole forte pour un sujet encore trop controvers\u00e9 en France<\/p>\n<p>Si la chanteuse s\u2019autorise aujourd\u2019hui \u00e0 s\u2019exprimer aussi ouvertement, c\u2019est aussi parce qu\u2019elle conna\u00eet bien ce sujet. \u00c0 19 ans, apr\u00e8s une rupture douloureuse, elle avait <strong>sombr\u00e9 dans l\u2019alcool<\/strong>, cherchant dans l\u2019ivresse un moyen d\u2019anesth\u00e9sier sa peine. \u00ab\u00a0Je me suis mise \u00e0 boire tous les soirs\u00a0\u00bb, confiait-elle dans une interview pass\u00e9e. \u00ab\u00a0Mais au bout de deux mois, je buvais seule.\u00a0\u00bb <strong>Une p\u00e9riode sombre qu\u2019elle a surmont\u00e9e<\/strong> mais qu\u2019elle n\u2019oublie pas.<\/p>\n<p>Aujourd\u2019hui, sobre et enceinte, elle voit l\u2019abstinence comme un retour \u00e0 elle-m\u00eame. Dans son message, elle rappelle que l\u2019on peut parfaitement passer une bonne soir\u00e9e <a href=\"https:\/\/www.purepeople.com\/article\/-plus-une-goutte-d-alcool-samy-naceri-sans-filtre-sur-ses-problemes-d-addiction-et-son-parcours-du-combattant-depuis-10-ans_a527724\/1\" rel=\"nofollow noopener\" target=\"_blank\">sans une goutte d\u2019alcool<\/a>.\u00a0\u00ab\u00a0Je trouve \u00e7a vraiment absurde. Et m\u00eame triste. <strong>Parce qu\u2019on n\u2019a pas besoin d\u2019alcool pour \u00eatre dr\u00f4le, danser<\/strong> ou passer une bonne soir\u00e9e\u00a0\u00bb, insiste-t-elle. Une vision lucide et apais\u00e9e, qui vient briser les clich\u00e9s autour des \u201cf\u00eatards tristes\u201d qui refuseraient de trinquer.<\/p>\n<p>Son t\u00e9moignage trouve un \u00e9cho particulier \u00e0 une \u00e9poque o\u00f9 de plus en plus de jeunes \u2014 et moins jeunes \u2014 questionnent <a href=\"https:\/\/www.purepeople.com\/article\/virginie-efira-evoque-son-rapport-a-l-alcool-pour-etre-tout-a-fait-franche_a525001\/1\" rel=\"nofollow noopener\" target=\"_blank\">leur rapport \u00e0 l\u2019alcool<\/a>. Mouvement \u00ab\u00a0sober curious\u00a0\u00bb, mois sans alcool, campagnes de sensibilisation\u2026 <strong>Le discours \u00e9volue, lentement<\/strong>, mais sa prise de parole contribue \u00e0 faire bouger les lignes. Car ce que cette artiste c\u00e9l\u00e8bre ici, ce n\u2019est pas seulement son droit de dire non \u00e0 l\u2019alcool \u2014 c\u2019est aussi sa libert\u00e9 de ne plus avoir \u00e0 s\u2019en excuser.<\/p>\n","protected":false},"excerpt":{"rendered":"La suite apr\u00e8s la publicit\u00e9 Quelques mois apr\u00e8s avoir annonc\u00e9 sa grossesse, Marina Kaye, qui attend son premier&hellip;\n","protected":false},"author":2,"featured_media":296697,"comment_status":"","ping_status":"","sticky":false,"template":"","format":"standard","meta":{"footnotes":""},"categories":[1355],"tags":[58,59,1011,27,1361,873],"class_list":{"0":"post-296696","1":"post","2":"type-post","3":"status-publish","4":"format-standard","5":"has-post-thumbnail","7":"category-musique","8":"tag-divertissement","9":"tag-entertainment","10":"tag-fr","11":"tag-france","12":"tag-music","13":"tag-musique"},"share_on_mastodon":{"url":"https:\/\/pubeurope.com\/@fr\/114972807857999151","error":""},"_links":{"self":[{"href":"https:\/\/www.europesays.com\/fr\/wp-json\/wp\/v2\/posts\/296696","targetHints":{"allow":["GET"]}}],"collection":[{"href":"https:\/\/www.europesays.com\/fr\/wp-json\/wp\/v2\/posts"}],"about":[{"href":"https:\/\/www.europesays.com\/fr\/wp-json\/wp\/v2\/types\/post"}],"author":[{"embeddable":true,"href":"https:\/\/www.europesays.com\/fr\/wp-json\/wp\/v2\/users\/2"}],"replies":[{"embeddable":true,"href":"https:\/\/www.europesays.com\/fr\/wp-json\/wp\/v2\/comments?post=296696"}],"version-history":[{"count":0,"href":"https:\/\/www.europesays.com\/fr\/wp-json\/wp\/v2\/posts\/296696\/revisions"}],"wp:featuredmedia":[{"embeddable":true,"href":"https:\/\/www.europesays.com\/fr\/wp-json\/wp\/v2\/media\/296697"}],"wp:attachment":[{"href":"https:\/\/www.europesays.com\/fr\/wp-json\/wp\/v2\/media?parent=296696"}],"wp:term":[{"taxonomy":"category","embeddable":true,"href":"https:\/\/www.europesays.com\/fr\/wp-json\/wp\/v2\/categories?post=296696"},{"taxonomy":"post_tag","embeddable":true,"href":"https:\/\/www.europesays.com\/fr\/wp-json\/wp\/v2\/tags?post=296696"}],"curies":[{"name":"wp","href":"https:\/\/api.w.org\/{rel}","templated":true}]}}