{"id":296698,"date":"2025-08-04T22:16:10","date_gmt":"2025-08-04T22:16:10","guid":{"rendered":"https:\/\/www.europesays.com\/fr\/296698\/"},"modified":"2025-08-04T22:16:10","modified_gmt":"2025-08-04T22:16:10","slug":"indochine-en-replay-indochine","status":"publish","type":"post","link":"https:\/\/www.europesays.com\/fr\/296698\/","title":{"rendered":"Indochine en replay &#8211; Indochine"},"content":{"rendered":"<p>Diffus\u00e9 le 04\/08\/2025 \u00e0 21h07 &#8211; Disponible jusqu&rsquo;au 11\/08\/2025<\/p>\n<p>C\u00e9sar : Best Sound (Meilleur son) (C\u00e9sar). En Indochine, en 1930, Eliane Devries dirige l&rsquo;une des plus importantes plantations d&rsquo;h\u00e9v\u00e9as du pays. Malgr\u00e9 l&#8217;empressement attentionn\u00e9 de Guy Asselin, le directeur de la s\u00fbret\u00e9, elle ne s&rsquo;est jamais mari\u00e9e. Camille, sa fille adoptive, est promise \u00e0 Tanh, un cousin. Alors que les r\u00e9volutionnaires communistes multiplient les attentats, Eliane succombe au charme de Jean-Baptiste Le Guen, un officier de marine arriv\u00e9 depuis peu \u00e0 Saigon. Elle, d&rsquo;ordinaire si froide, devient la ma\u00eetresse passionn\u00e9e de ce jeune homme s\u00fbr de lui, pr\u00eat \u00e0 conqu\u00e9rir le monde. Mais il lui \u00e9chappe. Bient\u00f4t, c&rsquo;est au tour de Camille de se laisser prendre dans les filets de Jean-Baptiste&#8230;<\/p>\n<p>Maison de production :<\/p>\n<p>Paradis Films \/ La G\u00e9n\u00e9rale d&rsquo;Images \/ Bac Films \/ Orly Films \/ Cin\u00e9 Cinq \/ Centre national du cin\u00e9ma et de l\u2019image anim\u00e9e (CNC) \/ Le Club des Investisseurs \/ Canal+ \/ Club des Investissments \/ Sofica Sofinergie \/ Sofinergie 2 \/ Investimage 3 \/ Cofim<\/p>\n<p>R\u00e9alis\u00e9 par :<\/p>\n<p>R\u00e9gis Wargnier<\/p>\n<p>Avec :<\/p>\n<p>Catherine Deneuve, Vincent Perez, Jean Yanne, Linh Dan Pham, Dominique Blanc, Alain Fromager, Eric Nguyen, Henri Marteau<\/p>\n<p>Sc\u00e9naristes :<\/p>\n<p>Catherine Cohen, Louis Gardel, Erik Orsenna, R\u00e9gis Wargnier<\/p>\n","protected":false},"excerpt":{"rendered":"Diffus\u00e9 le 04\/08\/2025 \u00e0 21h07 &#8211; Disponible jusqu&rsquo;au 11\/08\/2025 C\u00e9sar : Best Sound (Meilleur son) (C\u00e9sar). En Indochine,&hellip;\n","protected":false},"author":2,"featured_media":296699,"comment_status":"","ping_status":"","sticky":false,"template":"","format":"standard","meta":{"footnotes":""},"categories":[1354],"tags":[58,59,1346,1011,27,1360],"class_list":{"0":"post-296698","1":"post","2":"type-post","3":"status-publish","4":"format-standard","5":"has-post-thumbnail","7":"category-films","8":"tag-divertissement","9":"tag-entertainment","10":"tag-films","11":"tag-fr","12":"tag-france","13":"tag-movies"},"share_on_mastodon":{"url":"https:\/\/pubeurope.com\/@fr\/114972811882211744","error":""},"_links":{"self":[{"href":"https:\/\/www.europesays.com\/fr\/wp-json\/wp\/v2\/posts\/296698","targetHints":{"allow":["GET"]}}],"collection":[{"href":"https:\/\/www.europesays.com\/fr\/wp-json\/wp\/v2\/posts"}],"about":[{"href":"https:\/\/www.europesays.com\/fr\/wp-json\/wp\/v2\/types\/post"}],"author":[{"embeddable":true,"href":"https:\/\/www.europesays.com\/fr\/wp-json\/wp\/v2\/users\/2"}],"replies":[{"embeddable":true,"href":"https:\/\/www.europesays.com\/fr\/wp-json\/wp\/v2\/comments?post=296698"}],"version-history":[{"count":0,"href":"https:\/\/www.europesays.com\/fr\/wp-json\/wp\/v2\/posts\/296698\/revisions"}],"wp:featuredmedia":[{"embeddable":true,"href":"https:\/\/www.europesays.com\/fr\/wp-json\/wp\/v2\/media\/296699"}],"wp:attachment":[{"href":"https:\/\/www.europesays.com\/fr\/wp-json\/wp\/v2\/media?parent=296698"}],"wp:term":[{"taxonomy":"category","embeddable":true,"href":"https:\/\/www.europesays.com\/fr\/wp-json\/wp\/v2\/categories?post=296698"},{"taxonomy":"post_tag","embeddable":true,"href":"https:\/\/www.europesays.com\/fr\/wp-json\/wp\/v2\/tags?post=296698"}],"curies":[{"name":"wp","href":"https:\/\/api.w.org\/{rel}","templated":true}]}}