{"id":296700,"date":"2025-08-04T22:17:09","date_gmt":"2025-08-04T22:17:09","guid":{"rendered":"https:\/\/www.europesays.com\/fr\/296700\/"},"modified":"2025-08-04T22:17:09","modified_gmt":"2025-08-04T22:17:09","slug":"voici-lage-ou-votre-corps-commence-reellement-a-vieillir-selon-une-etude-scientifique","status":"publish","type":"post","link":"https:\/\/www.europesays.com\/fr\/296700\/","title":{"rendered":"Voici l&rsquo;\u00e2ge o\u00f9 votre corps commence r\u00e9ellement \u00e0 vieillir, selon une \u00e9tude scientifique"},"content":{"rendered":"<p>Le <strong>vieillissement du corps humain<\/strong> n\u2019avance pas toujours au m\u00eame rythme. Si l\u2019on croit \u00e0 une lente \u00e9rosion des fonctions vitales \u00e9tal\u00e9e sur plusieurs d\u00e9cennies, la r\u00e9alit\u00e9 serait bien plus complexe. Une \u00e9quipe de chercheurs chinois, en s\u2019appuyant sur l\u2019analyse pouss\u00e9e de centaines de tissus humains, a mis en lumi\u00e8re un ph\u00e9nom\u00e8ne inattendu : les organes n\u2019usent pas tous leur temps au m\u00eame tempo, et il existerait un moment pr\u00e9cis o\u00f9 ce <strong>vieillissement s\u2019acc\u00e9l\u00e8re nettement<\/strong>. Un point de bascule o\u00f9 le corps commence \u00e0 perdre du terrain de mani\u00e8re plus marqu\u00e9e.<\/p>\n<p>Le corps entre dans une nouvelle phase de vieillissement<\/p>\n<p>Ce tournant, les experts l\u2019ont <strong>situ\u00e9 entre 45 et 55 ans,<\/strong> avec un \u00e2ge m\u00e9dian autour de 50 ans, rapporte le magazine scientifique Cell. C\u2019est \u00e0 ce moment-l\u00e0 que les donn\u00e9es recueillies \u00e0 partir de 516 \u00e9chantillons de tissus humains, pr\u00e9lev\u00e9s sur des personnes \u00e2g\u00e9es de 14 \u00e0 68 ans d\u00e9c\u00e9d\u00e9es d\u2019un traumatisme cr\u00e2nien, ont r\u00e9v\u00e9l\u00e9 un changement net. \u00ab Les analyses temporelles montrent qu&rsquo;il existe une inflexion du vieillissement <strong>autour de 50 ans<\/strong>, les vaisseaux sanguins prenant de l&rsquo;\u00e2ge encore plus t\u00f4t \u00bb, explique Guanghui Liu, auteur de l\u2019\u00e9tude. Ce n\u2019est pas un organe en particulier qui flanche, mais bien l\u2019ensemble du corps qui entre dans une nouvelle phase.<\/p>\n<p>Les chercheurs ont d\u00e9couvert que cette acc\u00e9l\u00e9ration \u00e9tait corr\u00e9l\u00e9e \u00e0 une (&#8230;)<\/p>\n<p><a data-i13n=\"cpos:1;pos:1\" href=\"https:\/\/www.grazia.fr\/beaute\/forme-minceur\/voici-lage-corps-commence-reellement-vieillir-selon-etude-scientifique-1176722.html?utm_campaign=partenariat&amp;utm_source=yahoo-articles&amp;utm_medium=flux\" rel=\"nofollow noopener\" target=\"_blank\" data-ylk=\"slk:Lire la suite sur Grazia;cpos:1;pos:1;elm:context_link;itc:0;sec:content-canvas\" class=\"link \">Lire la suite sur Grazia<\/a><\/p>\n<p><a data-i13n=\"cpos:2;pos:1\" href=\"https:\/\/www.grazia.fr\/mode\/sydney-sweeney-27-ans-divine-dans-une-robe-de-mariee-corsetee-qui-sublime-sa-poitrine-1177244.html?utm_campaign=partenariat&amp;utm_source=yahoo-articles&amp;utm_medium=flux\" rel=\"nofollow noopener\" target=\"_blank\" data-ylk=\"slk:Sydney Sweeney (27 ans) divine dans une robe de mari\u00e9e corset\u00e9e qui sublime sa poitrine;cpos:2;pos:1;elm:context_link;itc:0;sec:content-canvas\" class=\"link \">Sydney Sweeney (27 ans) divine dans une robe de mari\u00e9e corset\u00e9e qui sublime sa poitrine<\/a><br \/><a data-i13n=\"cpos:3;pos:1\" href=\"https:\/\/www.grazia.fr\/beaute\/soins-visage-corps\/nicole-kidman-57-ans-secret-beaute-simplicite-deconcertante-1176693.html?utm_campaign=partenariat&amp;utm_source=yahoo-articles&amp;utm_medium=flux\" rel=\"nofollow noopener\" target=\"_blank\" data-ylk=\"slk:Nicole Kidman (57 ans) : son secret beaut\u00e9 est d\u2019une simplicit\u00e9 d\u00e9concertante;cpos:3;pos:1;elm:context_link;itc:0;sec:content-canvas\" class=\"link \">Nicole Kidman (57 ans) : son secret beaut\u00e9 est d\u2019une simplicit\u00e9 d\u00e9concertante<\/a><br \/><a data-i13n=\"cpos:4;pos:1\" href=\"https:\/\/www.grazia.fr\/beaute\/forme-minceur\/5-aliments-mediterraneens-aident-maigrir-sans-frustration-adore-manger-1176723.html?utm_campaign=partenariat&amp;utm_source=yahoo-articles&amp;utm_medium=flux\" rel=\"nofollow noopener\" target=\"_blank\" data-ylk=\"slk:Ces 5 aliments m\u00e9diterran\u00e9ens qui aident \u00e0 maigrir sans frustration (et qu&#039;on adore manger);cpos:4;pos:1;elm:context_link;itc:0;sec:content-canvas\" class=\"link \">Ces 5 aliments m\u00e9diterran\u00e9ens qui aident \u00e0 maigrir sans frustration (et qu&rsquo;on adore manger)<\/a><br \/><a data-i13n=\"cpos:5;pos:1\" href=\"https:\/\/www.grazia.fr\/beaute\/forme-minceur\/ce-secret-de-beaute-rend-virginie-efira-rayonnante-a-48-ans-et-il-est-loin-detre-banal-1177340.html?utm_campaign=partenariat&amp;utm_source=yahoo-articles&amp;utm_medium=flux\" rel=\"nofollow noopener\" target=\"_blank\" data-ylk=\"slk:Ce secret de beaut\u00e9 rend Virginie Efira rayonnante \u00e0 48 ans (et il est loin d\u2019\u00eatre banal);cpos:5;pos:1;elm:context_link;itc:0;sec:content-canvas\" class=\"link \">Ce secret de beaut\u00e9 rend Virginie Efira rayonnante \u00e0 48 ans (et il est loin d\u2019\u00eatre banal)<\/a><br \/><a data-i13n=\"cpos:6;pos:1\" href=\"https:\/\/www.grazia.fr\/people\/le-yacht-du-prince-george-oblige-de-faire-escale-pour-satisfaire-une-envie-pressante-mais-pas-ce-que-vous-pensez-1177288.html?utm_campaign=partenariat&amp;utm_source=yahoo-articles&amp;utm_medium=flux\" rel=\"nofollow noopener\" target=\"_blank\" data-ylk=\"slk:Le yacht du prince George oblig\u00e9 de faire escale pour satisfaire une envie pressante (mais pas ce que vous pensez);cpos:6;pos:1;elm:context_link;itc:0;sec:content-canvas\" class=\"link \">Le yacht du prince George oblig\u00e9 de faire escale pour satisfaire une envie pressante (mais pas ce que vous pensez)<\/a><\/p>\n","protected":false},"excerpt":{"rendered":"Le vieillissement du corps humain n\u2019avance pas toujours au m\u00eame rythme. Si l\u2019on croit \u00e0 une lente \u00e9rosion&hellip;\n","protected":false},"author":2,"featured_media":296701,"comment_status":"","ping_status":"","sticky":false,"template":"","format":"standard","meta":{"footnotes":""},"categories":[10],"tags":[12739,40196,1011,27,72,71],"class_list":{"0":"post-296700","1":"post","2":"type-post","3":"status-publish","4":"format-standard","5":"has-post-thumbnail","7":"category-sante","8":"tag-corps-humain","9":"tag-fonctions-vitales","10":"tag-fr","11":"tag-france","12":"tag-health","13":"tag-sante"},"share_on_mastodon":{"url":"https:\/\/pubeurope.com\/@fr\/114972815869472403","error":""},"_links":{"self":[{"href":"https:\/\/www.europesays.com\/fr\/wp-json\/wp\/v2\/posts\/296700","targetHints":{"allow":["GET"]}}],"collection":[{"href":"https:\/\/www.europesays.com\/fr\/wp-json\/wp\/v2\/posts"}],"about":[{"href":"https:\/\/www.europesays.com\/fr\/wp-json\/wp\/v2\/types\/post"}],"author":[{"embeddable":true,"href":"https:\/\/www.europesays.com\/fr\/wp-json\/wp\/v2\/users\/2"}],"replies":[{"embeddable":true,"href":"https:\/\/www.europesays.com\/fr\/wp-json\/wp\/v2\/comments?post=296700"}],"version-history":[{"count":0,"href":"https:\/\/www.europesays.com\/fr\/wp-json\/wp\/v2\/posts\/296700\/revisions"}],"wp:featuredmedia":[{"embeddable":true,"href":"https:\/\/www.europesays.com\/fr\/wp-json\/wp\/v2\/media\/296701"}],"wp:attachment":[{"href":"https:\/\/www.europesays.com\/fr\/wp-json\/wp\/v2\/media?parent=296700"}],"wp:term":[{"taxonomy":"category","embeddable":true,"href":"https:\/\/www.europesays.com\/fr\/wp-json\/wp\/v2\/categories?post=296700"},{"taxonomy":"post_tag","embeddable":true,"href":"https:\/\/www.europesays.com\/fr\/wp-json\/wp\/v2\/tags?post=296700"}],"curies":[{"name":"wp","href":"https:\/\/api.w.org\/{rel}","templated":true}]}}