{"id":296704,"date":"2025-08-04T22:19:10","date_gmt":"2025-08-04T22:19:10","guid":{"rendered":"https:\/\/www.europesays.com\/fr\/296704\/"},"modified":"2025-08-04T22:19:10","modified_gmt":"2025-08-04T22:19:10","slug":"marlene-schiappa-mariee-en-italie-un-invite-surprise-sest-joint-a-la-ceremonie-pour-eviter-lillegalite","status":"publish","type":"post","link":"https:\/\/www.europesays.com\/fr\/296704\/","title":{"rendered":"Marl\u00e8ne Schiappa mari\u00e9e en Italie : un invit\u00e9 surprise s\u2019est joint \u00e0 la c\u00e9r\u00e9monie (pour \u00e9viter l\u2019ill\u00e9galit\u00e9)"},"content":{"rendered":"<p data-start=\"114\" data-end=\"570\">Ce lundi 4 ao\u00fbt, <a href=\"https:\/\/www.closermag.fr\/people\/marlene-schiappa-sest-mariee-avant-laccouchement-ceremonie-secrete-en-italie-photos-3568720\" target=\"_blank\" rel=\"noopener\"><br \/>\nMarl\u00e8ne Schiappa<\/a> a partag\u00e9 sur Instagram plusieurs<br \/>\nclich\u00e9s de son <strong>s\u00e9jour romantique en Sicile<\/strong>. On la<br \/>\nd\u00e9couvre dans les rues de <strong>Palerme,<\/strong> ville qu\u2019elle<br \/>\nd\u00e9crit avec <strong>passion<\/strong> : \u201cauthentique\u201d,<br \/>\n\u201censoleill\u00e9e\u201d, \u201cau carrefour de plusieurs univers qui nous sont<br \/>\nchers\u201d. Quelques images de promenades, un r\u00e9veil \u00e0 l\u2019aube, une<br \/>\ncourse contre la montre\u2026 Tout laisse deviner un moment sp\u00e9cial pour<br \/>\nelle <strong>c\u00e9l\u00e9br\u00e9<\/strong>\u00a0dans la plus grande<br \/>\n<strong>intimit\u00e9.<\/strong><\/p>\n<p data-start=\"572\" data-end=\"916\">Depuis plusieurs mois, <a href=\"https:\/\/www.closermag.fr\/politique\/marlene-schiappa-ne-retient-pas-ses-coups-et-cest-francois-bayrou-qui-prend-cher-3564615\" target=\"_blank\" rel=\"noopener\"><br \/>\nl\u2019ancienne ministre Marl\u00e8ne Schiappa<\/a> confie \u00e0 demi-mot vivre<br \/>\nune nouvelle \u00e9tape dans sa vie personnelle. Entre l\u2019attente d\u2019un<br \/>\n<strong>b\u00e9b\u00e9<\/strong> et une <strong>maison<\/strong> achet\u00e9e en<br \/>\nBourgogne avec son compagnon, le couple semblait pr\u00eat \u00e0 tourner une<br \/>\npage. Mais ce post est bien plus qu\u2019un simple carnet de voyage. Il<br \/>\nr\u00e9v\u00e8le discr\u00e8tement une <strong>annonce importante.<\/strong><\/p>\n<p>Un invit\u00e9 inattendu au mariage<br \/>\nde Marl\u00e8ne Schiappa pour \u00e9viter l\u2019ill\u00e9galit\u00e9<\/p>\n<p data-start=\"979\" data-end=\"1357\">C\u2019est d\u00e9sormais officiel :<br \/>\nMarl\u00e8ne Schiappa s\u2019est <strong>mari\u00e9e<\/strong> en Sicile avec<br \/>\n<a href=\"https:\/\/www.closermag.fr\/politique\/qui-est-matthias-savignac-le-compagnon-de-marlene-schiappa-3477185\" target=\"_blank\" rel=\"noopener\"><br \/>\nMatthias Savignac<\/a>, son compagnon depuis trois ans. Une<br \/>\nc\u00e9r\u00e9monie <strong>intime et discr\u00e8te<\/strong> a \u00e9t\u00e9 c\u00e9l\u00e9br\u00e9e sous<br \/>\nle soleil de Palerme. Pas de grande robe de princesse ni de faste<br \/>\nostentatoire : la mari\u00e9e portait une <strong>robe blanche en<br \/>\ndentelle.<\/strong> Les alliances \u00e9taient sign\u00e9es Cartier. Un moment<br \/>\n<strong>sobre et charg\u00e9 d\u2019\u00e9motion.<\/strong><\/p>\n<p data-start=\"1359\" data-end=\"1761\">Mais un d\u00e9tail a surpris : la<br \/>\npr\u00e9sence obligatoire d\u2019un <strong>traducteur<\/strong>. Dans son<br \/>\nmessage, Marl\u00e8ne Schiappa remercie \u201c<strong>notre exceptionnel<br \/>\ntraducteur<\/strong>\u201d. Il s\u2019agit d\u2019une figure essentielle selon<br \/>\n<strong>la loi italienne pour les mariages civils impliquant un<br \/>\n\u00e9tranger<\/strong>. Sans lui, l\u2019union aurait \u00e9t\u00e9 consid\u00e9r\u00e9e comme<br \/>\n<strong>invalide et ill\u00e9gal<\/strong>. C\u2019est un invit\u00e9<br \/>\n<strong>technique<\/strong> mais crucial qui a permis au couple de<br \/>\nl\u00e9galiser leur engagement sur le sol italien.<\/p>\n<blockquote class=\"instagram-media\" style=\"background: #ffffff;border: 0;margin: 1px;width: 100%;padding: 0;max-width: 500px;\" data-instgrm-permalink=\"https:\/\/www.instagram.com\/reel\/DM7Qr01sPuV\/\" data-instgrm-version=\"14\"\/><p>\nUn<br \/>\nmariage symbolique avant un nouveau d\u00e9part<\/p>\n<p data-start=\"1819\" data-end=\"2214\">\u00c2g\u00e9e de 42 ans, <a href=\"https:\/\/www.closermag.fr\/people\/marlene-schiappa-tres-enceinte-elle-devoile-son-baby-bump-cyril-et-esther-hanouna-aux-premieres-loges-photos-3556893\" target=\"_blank\" rel=\"noopener\"><br \/>\nMarl\u00e8ne Schiappa attend son troisi\u00e8me enfant<\/a> pour le mois<br \/>\nd\u2019octobre. Une <strong>grossesse<\/strong> qualifi\u00e9e de<br \/>\n\u201c<strong>miracle<\/strong>\u201d dans les colonnes de<br \/>\nGala. Elle lui<br \/>\nparaissait improbable \u00e0 ce stade de sa vie. D\u00e9j\u00e0 m\u00e8re de<br \/>\n<strong>deux adolescentes<\/strong>, elle s\u2019appr\u00eate \u00e0 accueillir ce<br \/>\nb\u00e9b\u00e9 avec Matthias Savignac, lui-m\u00eame p\u00e8re de deux enfants.<br \/>\nEnsemble, ils forment une <strong>famille recompos\u00e9e, complice et<br \/>\ndiscr\u00e8te.<\/strong><\/p>\n<p data-start=\"2216\" data-end=\"2557\" data-is-last-node=\"\" data-is-only-node=\"\">Leur mariage en <strong>Italie \u00e9tait loin des<br \/>\ncam\u00e9ras et de l\u2019agitation m\u00e9diatique.<\/strong> Il refl\u00e8te<br \/>\nparfaitement cette volont\u00e9 de pr\u00e9server l\u2019intime. Apr\u00e8s leur<br \/>\ninstallation en Bourgogne, le couple construit peu \u00e0 peu une<br \/>\n<strong>nouvelle vie.<\/strong> Et si Palerme restera d\u00e9sormais la<br \/>\nville de leur union, elle marque surtout le point de d\u00e9part d\u2019un<br \/>\nchapitre lumineux et apais\u00e9 pour <a href=\"https:\/\/www.closermag.fr\/politique\/marlene-schiappa-enceinte-a-42-ans-le-futur-papa-matthias-savignac-se-confie-pas-toujours-simple-de-3545409\" target=\"_blank\" rel=\"noopener\"><br \/>\nMarl\u00e8ne Schiappa et Matthias Savignac<\/a>.<\/p>\n<p><script async src=\"\/\/www.instagram.com\/embed.js\"><\/script><\/p>\n","protected":false},"excerpt":{"rendered":"Ce lundi 4 ao\u00fbt, Marl\u00e8ne Schiappa a partag\u00e9 sur Instagram plusieurs clich\u00e9s de son s\u00e9jour romantique en Sicile.&hellip;\n","protected":false},"author":2,"featured_media":296705,"comment_status":"","ping_status":"","sticky":false,"template":"","format":"standard","meta":{"footnotes":""},"categories":[8],"tags":[548,58,59,1011,27,33875],"class_list":{"0":"post-296704","1":"post","2":"type-post","3":"status-publish","4":"format-standard","5":"has-post-thumbnail","7":"category-divertissement","8":"tag-article-simple","9":"tag-divertissement","10":"tag-entertainment","11":"tag-fr","12":"tag-france","13":"tag-marlene-schiappa"},"share_on_mastodon":{"url":"https:\/\/pubeurope.com\/@fr\/114972823609068124","error":""},"_links":{"self":[{"href":"https:\/\/www.europesays.com\/fr\/wp-json\/wp\/v2\/posts\/296704","targetHints":{"allow":["GET"]}}],"collection":[{"href":"https:\/\/www.europesays.com\/fr\/wp-json\/wp\/v2\/posts"}],"about":[{"href":"https:\/\/www.europesays.com\/fr\/wp-json\/wp\/v2\/types\/post"}],"author":[{"embeddable":true,"href":"https:\/\/www.europesays.com\/fr\/wp-json\/wp\/v2\/users\/2"}],"replies":[{"embeddable":true,"href":"https:\/\/www.europesays.com\/fr\/wp-json\/wp\/v2\/comments?post=296704"}],"version-history":[{"count":0,"href":"https:\/\/www.europesays.com\/fr\/wp-json\/wp\/v2\/posts\/296704\/revisions"}],"wp:featuredmedia":[{"embeddable":true,"href":"https:\/\/www.europesays.com\/fr\/wp-json\/wp\/v2\/media\/296705"}],"wp:attachment":[{"href":"https:\/\/www.europesays.com\/fr\/wp-json\/wp\/v2\/media?parent=296704"}],"wp:term":[{"taxonomy":"category","embeddable":true,"href":"https:\/\/www.europesays.com\/fr\/wp-json\/wp\/v2\/categories?post=296704"},{"taxonomy":"post_tag","embeddable":true,"href":"https:\/\/www.europesays.com\/fr\/wp-json\/wp\/v2\/tags?post=296704"}],"curies":[{"name":"wp","href":"https:\/\/api.w.org\/{rel}","templated":true}]}}