{"id":296712,"date":"2025-08-04T22:23:10","date_gmt":"2025-08-04T22:23:10","guid":{"rendered":"https:\/\/www.europesays.com\/fr\/296712\/"},"modified":"2025-08-04T22:23:10","modified_gmt":"2025-08-04T22:23:10","slug":"fin-dune-rave-party-illegale-trois-personnes-interpellees","status":"publish","type":"post","link":"https:\/\/www.europesays.com\/fr\/296712\/","title":{"rendered":"Fin d&rsquo;une rave party ill\u00e9gale, trois personnes interpell\u00e9es"},"content":{"rendered":"<p>La f\u00eate est finie, comme dirait Orelsan. Trois personnes ont \u00e9t\u00e9 plac\u00e9es en <a href=\"https:\/\/www.20minutes.fr\/dossier\/garde_a_vue\" class=\"color-ultramarine c-link\" target=\"_blank\" rel=\"noopener\">garde \u00e0 vue<\/a> apr\u00e8s une <a href=\"https:\/\/www.20minutes.fr\/dossier\/rave\" class=\"color-ultramarine c-link\" target=\"_blank\" rel=\"noopener\">rave party<\/a> ill\u00e9gale qui a rassembl\u00e9 pendant trois jours plus de 1.200 participants sur une zone naturelle prot\u00e9g\u00e9e de la Dr\u00f4me, a indiqu\u00e9 lundi la pr\u00e9fecture.<\/p>\n<p>La rave party, qui a d\u00e9but\u00e9 vendredi soir, a entra\u00een\u00e9 la mobilisation d&rsquo;environ 125 gendarmes, dont des renforts de quatre d\u00e9partements limitrophes, et la confiscation de 50 v\u00e9hicules ainsi que du mat\u00e9riel de sonorisation, pr\u00e9cise-t-elle dans un communiqu\u00e9.<\/p>\n<p>\u00ab Les derniers v\u00e9hicules quittent les lieux \u00bb<\/p>\n<p>Le rassemblement ill\u00e9gal a eu lieu sur une \u00ab\u00a0zone naturelle d&rsquo;int\u00e9r\u00eat \u00e9cologique, floristique et faunistique\u00a0\u00bb (Znieff), une aire h\u00e9bergeant des esp\u00e8ces prot\u00e9g\u00e9es entre les communes de Lens-Lestang et Le Grand-Serre. \u00ab\u00a0Les derniers v\u00e9hicules des participants quittent actuellement les lieux\u00a0\u00bb, selon cette m\u00eame source.<\/p>\n<\/p>\n<p>Au total, les gendarmes ont dress\u00e9 71 amendes li\u00e9es \u00e0 des infractions aux <a href=\"https:\/\/www.20minutes.fr\/dossier\/detention_de_stupefiants\" class=\"color-ultramarine c-link\" target=\"_blank\" rel=\"noopener\">stup\u00e9fiants<\/a> et relev\u00e9 29 conduites sous l&#8217;emprise de ces produits. Environ 100 comprim\u00e9s d&rsquo;ecstasy ont \u00e9galement retrouv\u00e9s. Plusieurs \u00ab\u00a0camions complets de mat\u00e9riel de sonorisation\u00a0\u00bb, dont la sc\u00e8ne, ont \u00e9galement \u00e9t\u00e9 saisis.<\/p>\n","protected":false},"excerpt":{"rendered":"La f\u00eate est finie, comme dirait Orelsan. Trois personnes ont \u00e9t\u00e9 plac\u00e9es en garde \u00e0 vue apr\u00e8s une&hellip;\n","protected":false},"author":2,"featured_media":296713,"comment_status":"","ping_status":"","sticky":false,"template":"","format":"standard","meta":{"footnotes":""},"categories":[4],"tags":[11,5702,2430,1052,2730,4768,1011,27,12,38544,25,2431,104],"class_list":{"0":"post-296712","1":"post","2":"type-post","3":"status-publish","4":"format-standard","5":"has-post-thumbnail","7":"category-france","8":"tag-actualites","9":"tag-alcool","10":"tag-auvergne-rhone-alpes","11":"tag-drogue","12":"tag-drome","13":"tag-fete","14":"tag-fr","15":"tag-france","16":"tag-news","17":"tag-rave","18":"tag-republique-francaise","19":"tag-rhone-alpes","20":"tag-societe"},"share_on_mastodon":{"url":"https:\/\/pubeurope.com\/@fr\/114972839404951262","error":""},"_links":{"self":[{"href":"https:\/\/www.europesays.com\/fr\/wp-json\/wp\/v2\/posts\/296712","targetHints":{"allow":["GET"]}}],"collection":[{"href":"https:\/\/www.europesays.com\/fr\/wp-json\/wp\/v2\/posts"}],"about":[{"href":"https:\/\/www.europesays.com\/fr\/wp-json\/wp\/v2\/types\/post"}],"author":[{"embeddable":true,"href":"https:\/\/www.europesays.com\/fr\/wp-json\/wp\/v2\/users\/2"}],"replies":[{"embeddable":true,"href":"https:\/\/www.europesays.com\/fr\/wp-json\/wp\/v2\/comments?post=296712"}],"version-history":[{"count":0,"href":"https:\/\/www.europesays.com\/fr\/wp-json\/wp\/v2\/posts\/296712\/revisions"}],"wp:featuredmedia":[{"embeddable":true,"href":"https:\/\/www.europesays.com\/fr\/wp-json\/wp\/v2\/media\/296713"}],"wp:attachment":[{"href":"https:\/\/www.europesays.com\/fr\/wp-json\/wp\/v2\/media?parent=296712"}],"wp:term":[{"taxonomy":"category","embeddable":true,"href":"https:\/\/www.europesays.com\/fr\/wp-json\/wp\/v2\/categories?post=296712"},{"taxonomy":"post_tag","embeddable":true,"href":"https:\/\/www.europesays.com\/fr\/wp-json\/wp\/v2\/tags?post=296712"}],"curies":[{"name":"wp","href":"https:\/\/api.w.org\/{rel}","templated":true}]}}