{"id":296722,"date":"2025-08-04T22:28:25","date_gmt":"2025-08-04T22:28:25","guid":{"rendered":"https:\/\/www.europesays.com\/fr\/296722\/"},"modified":"2025-08-04T22:28:25","modified_gmt":"2025-08-04T22:28:25","slug":"des-poissons-morts-apres-une-pollution-pres-de-pont-a-mousson","status":"publish","type":"post","link":"https:\/\/www.europesays.com\/fr\/296722\/","title":{"rendered":"des poissons morts apr\u00e8s une pollution pr\u00e8s de Pont-\u00e0-Mousson"},"content":{"rendered":"<p>C\u2019est une habitante du village de Saint-Baussant qui a constat\u00e9 la mortalit\u00e9 de poissons en passant sur le pont du Rupt-de-Mad. Le maire Didier Merchat a alors pr\u00e9venu les sapeurs-pompiers.<\/p>\n<p>Ceux-ci, venus de Pont-\u00e0-Mousson, Toul et Nancy, sont intervenus en milieu d\u2019apr\u00e8s-midi ce lundi 4\u00a0ao\u00fbt 2025. Leur objectif \u00e9tait de d\u00e9terminer le point de rejet et de faire stopper la pollution. L\u2019eau a \u00e9t\u00e9 analys\u00e9e et il semblerait que la pollution soit organique et pas chimique. Elle pourrait venir de l\u2019amont c\u2019est-\u00e0-dire le d\u00e9partement voisin de la Meuse.<\/p>\n<p>Ce contenu est bloqu\u00e9 car vous n&rsquo;avez pas accept\u00e9 les cookies et autres traceurs.<\/p>\n<p>En cliquant sur \u00ab J\u2019accepte \u00bb, les cookies et autres traceurs seront d\u00e9pos\u00e9s et vous pourrez visualiser les contenus  (<a href=\"\" class=\"consentModule_policy\" target=\"_blank\" title=\"Consulter la politique de protection des donn\u00e9es du fournisseur\">plus d&rsquo;informations<\/a>).<\/p>\n<p>En cliquant sur \u00ab J\u2019accepte tous les cookies \u00bb, vous autorisez des d\u00e9p\u00f4ts de cookies et autres traceurs pour le stockage de vos donn\u00e9es sur nos sites et applications \u00e0 des fins de personnalisation et de ciblage publicitaire.<\/p>\n<p class=\"consentModule_secondaryText\">Vous gardez la possibilit\u00e9 de retirer votre consentement \u00e0 tout moment en consultant notre <a href=\"https:\/\/www.estrepublicain.fr\/protection-des-donnees\" target=\"_blank\" title=\"Consulter notre politique de protection des donn\u00e9es\" rel=\"noopener\">politique de protection des donn\u00e9es<\/a>. <br \/>&#13;<br \/>\n            <a href=\"https:\/\/www.estrepublicain.fr\/environnement\/2025\/08\/04\/javascript:Didomi.notice.show()\" class=\"consentModule_cmp\" target=\"_blank\" rel=\"noopener\">G\u00e9rer mes choix<\/a>&#13;\n        <\/p>\n<p>&#13;<br \/>\n                        J&rsquo;accepte&#13;<br \/>\n            J&rsquo;accepte tous les cookies&#13;\n        <\/p>\n<p>  Aucune pollution \u00e0 Essay-et-Maizerais<\/p>\n<p>En aval, aucune pollution n\u2019a \u00e9t\u00e9 constat\u00e9e \u00e0 Essey-et-Maizerais, le village suivant.<\/p>\n<p>Pr\u00e9sents sur place, les gendarmes de Pagny-sur-Moselle et de Saint-Mihiel attendaient les r\u00e9sultats des investigations aux c\u00f4t\u00e9s du maire.<\/p>\n<p>Quant au garde-p\u00eache, qui surveille <a href=\"https:\/\/www.estrepublicain.fr\/magazine-tourisme-et-patrimoine\/2024\/07\/14\/d-ou-vient-le-nom-rupt-de-mad\" target=\"_blank\" rel=\"noopener\">le Rupt-de-Mad,<\/a> il conseille aux p\u00eacheurs de ne pas consommer de poisson, jusqu\u2018\u00e0 nouvel ordre.<\/p>\n","protected":false},"excerpt":{"rendered":"C\u2019est une habitante du village de Saint-Baussant qui a constat\u00e9 la mortalit\u00e9 de poissons en passant sur le&hellip;\n","protected":false},"author":2,"featured_media":296723,"comment_status":"","ping_status":"","sticky":false,"template":"","format":"standard","meta":{"footnotes":""},"categories":[9635],"tags":[1111,11,37216,3602,1704,1706,1705,436,1777,674,274,1011,27,775,3457,1702,12,1800,25,43710],"class_list":{"0":"post-296722","1":"post","2":"type-post","3":"status-publish","4":"format-standard","5":"has-post-thumbnail","7":"category-nancy","8":"tag-actu","9":"tag-actualites","10":"tag-cc-mad-et-moselle-54c","11":"tag-edition-bar-le-duc","12":"tag-edition-nancy-et-agglomeration","13":"tag-edition-pont-a-mousson","14":"tag-edition-toul","15":"tag-environnement","16":"tag-eu","17":"tag-europe","18":"tag-faits-divers-justice","19":"tag-fr","20":"tag-france","21":"tag-grand-est","22":"tag-meurthe-et-moselle","23":"tag-nancy","24":"tag-news","25":"tag-pollution","26":"tag-republique-francaise","27":"tag-saint-baussant"},"share_on_mastodon":{"url":"https:\/\/pubeurope.com\/@fr\/114972858918796534","error":""},"_links":{"self":[{"href":"https:\/\/www.europesays.com\/fr\/wp-json\/wp\/v2\/posts\/296722","targetHints":{"allow":["GET"]}}],"collection":[{"href":"https:\/\/www.europesays.com\/fr\/wp-json\/wp\/v2\/posts"}],"about":[{"href":"https:\/\/www.europesays.com\/fr\/wp-json\/wp\/v2\/types\/post"}],"author":[{"embeddable":true,"href":"https:\/\/www.europesays.com\/fr\/wp-json\/wp\/v2\/users\/2"}],"replies":[{"embeddable":true,"href":"https:\/\/www.europesays.com\/fr\/wp-json\/wp\/v2\/comments?post=296722"}],"version-history":[{"count":0,"href":"https:\/\/www.europesays.com\/fr\/wp-json\/wp\/v2\/posts\/296722\/revisions"}],"wp:featuredmedia":[{"embeddable":true,"href":"https:\/\/www.europesays.com\/fr\/wp-json\/wp\/v2\/media\/296723"}],"wp:attachment":[{"href":"https:\/\/www.europesays.com\/fr\/wp-json\/wp\/v2\/media?parent=296722"}],"wp:term":[{"taxonomy":"category","embeddable":true,"href":"https:\/\/www.europesays.com\/fr\/wp-json\/wp\/v2\/categories?post=296722"},{"taxonomy":"post_tag","embeddable":true,"href":"https:\/\/www.europesays.com\/fr\/wp-json\/wp\/v2\/tags?post=296722"}],"curies":[{"name":"wp","href":"https:\/\/api.w.org\/{rel}","templated":true}]}}