{"id":296728,"date":"2025-08-04T22:34:12","date_gmt":"2025-08-04T22:34:12","guid":{"rendered":"https:\/\/www.europesays.com\/fr\/296728\/"},"modified":"2025-08-04T22:34:12","modified_gmt":"2025-08-04T22:34:12","slug":"un-nouveau-depart-de-poids-a-quevilly-rouen-off","status":"publish","type":"post","link":"https:\/\/www.europesays.com\/fr\/296728\/","title":{"rendered":"un nouveau d\u00e9part de poids \u00e0 Quevilly-Rouen (off)"},"content":{"rendered":"<p>Zapping Foot National Coupe de France : Calais, Quevilly, El-Biar, &#8230; les plus grands exploits de la comp\u00e9tition<\/p>\n<p>De quoi compliquer encore davantage la pr\u00e9paration de David Carr\u00e9 et ses troupes. Ce lundi 4 ao\u00fbt, Quevilly-Rouen M\u00e9tropole a effectivement officialis\u00e9 le d\u00e9part d&rsquo;un cadre suppl\u00e9mentaire. D\u00e9j\u00e0 fragilis\u00e9 par les d\u00e9parts de Belkacem Dali-Amar (Caen) et Isaac Tshipamba (Maribor, Slov\u00e9nie), le pensionnaire de National a vu Yassin Fortun\u00e9 quitter la Normandie ces derni\u00e8res heures.\u00a0<\/p>\n<p>Direction le Portugal !\u00a0<\/p>\n<p>Un an seulement apr\u00e8s son arriv\u00e9e, l\u2019ancien espoir du centre de formation d\u2019Arsenal s&rsquo;est s\u2019engager sous les couleurs du FC Vizela, pensionnaire de deuxi\u00e8me division portugaise. Il y retrouvera notamment Damien Loppy, pass\u00e9 par la r\u00e9serve de QRM entre 2018 et 2020, puis par le FC Rouen lors de la saison 2023-2024. La saison derni\u00e8re, Yassin Fortun\u00e9 a inscrit cinq buts et d\u00e9livr\u00e9 quatre passes d\u00e9cisives en 28 apparitions avec les L\u00e9opards.\u00a0<\/p>\n<p>Partagez cette info avec vos amis et vos proches en cliquant ici<br \/>Pour r\u00e9sumer<\/p>\n<p>De quoi compliquer encore davantage la pr\u00e9paration de David Carr\u00e9 et ses troupes. Selon les informations de nos confr\u00e8res de Paris-Normandie, Quevilly-Rouen M\u00e9tropole serait sur le point de perdre un cadre suppl\u00e9mentaire.<\/p>\n<p> <img decoding=\"async\" width=\"76\" height=\"76\" loading=\"lazy\" src=\"https:\/\/static.wui.fr\/images_v3\/avatar-footnational.png\" alt=\"Youcef Ghalaza-Boudra\"\/><\/p>\n","protected":false},"excerpt":{"rendered":"Zapping Foot National Coupe de France : Calais, Quevilly, El-Biar, &#8230; les plus grands exploits de la comp\u00e9tition&hellip;\n","protected":false},"author":2,"featured_media":296729,"comment_status":"","ping_status":"","sticky":false,"template":"","format":"standard","meta":{"footnotes":""},"categories":[9587],"tags":[1111,11,1777,674,1011,27,12,5161,25,9590],"class_list":{"0":"post-296728","1":"post","2":"type-post","3":"status-publish","4":"format-standard","5":"has-post-thumbnail","7":"category-rouen","8":"tag-actu","9":"tag-actualites","10":"tag-eu","11":"tag-europe","12":"tag-fr","13":"tag-france","14":"tag-news","15":"tag-normandie","16":"tag-republique-francaise","17":"tag-rouen"},"share_on_mastodon":{"url":"https:\/\/pubeurope.com\/@fr\/114972882533723507","error":""},"_links":{"self":[{"href":"https:\/\/www.europesays.com\/fr\/wp-json\/wp\/v2\/posts\/296728","targetHints":{"allow":["GET"]}}],"collection":[{"href":"https:\/\/www.europesays.com\/fr\/wp-json\/wp\/v2\/posts"}],"about":[{"href":"https:\/\/www.europesays.com\/fr\/wp-json\/wp\/v2\/types\/post"}],"author":[{"embeddable":true,"href":"https:\/\/www.europesays.com\/fr\/wp-json\/wp\/v2\/users\/2"}],"replies":[{"embeddable":true,"href":"https:\/\/www.europesays.com\/fr\/wp-json\/wp\/v2\/comments?post=296728"}],"version-history":[{"count":0,"href":"https:\/\/www.europesays.com\/fr\/wp-json\/wp\/v2\/posts\/296728\/revisions"}],"wp:featuredmedia":[{"embeddable":true,"href":"https:\/\/www.europesays.com\/fr\/wp-json\/wp\/v2\/media\/296729"}],"wp:attachment":[{"href":"https:\/\/www.europesays.com\/fr\/wp-json\/wp\/v2\/media?parent=296728"}],"wp:term":[{"taxonomy":"category","embeddable":true,"href":"https:\/\/www.europesays.com\/fr\/wp-json\/wp\/v2\/categories?post=296728"},{"taxonomy":"post_tag","embeddable":true,"href":"https:\/\/www.europesays.com\/fr\/wp-json\/wp\/v2\/tags?post=296728"}],"curies":[{"name":"wp","href":"https:\/\/api.w.org\/{rel}","templated":true}]}}