{"id":296732,"date":"2025-08-04T22:38:44","date_gmt":"2025-08-04T22:38:44","guid":{"rendered":"https:\/\/www.europesays.com\/fr\/296732\/"},"modified":"2025-08-04T22:38:44","modified_gmt":"2025-08-04T22:38:44","slug":"ille-et-vilaine-un-homme-mortellement-poignarde-a-rennes-cinq-personnes-en-garde-a-vue","status":"publish","type":"post","link":"https:\/\/www.europesays.com\/fr\/296732\/","title":{"rendered":"Ille-et-Vilaine. Un homme mortellement poignard\u00e9 \u00e0 Rennes, cinq personnes en garde \u00e0 vue"},"content":{"rendered":"<p>Un jeune homme de 20 ans a \u00e9t\u00e9 poignard\u00e9 samedi soir \u00e0 Rennes, avant de succomber \u00e0 ses blessures \u00e0 l&rsquo;h\u00f4pital, a-t-on appris dimanche de source polici\u00e8re.<\/p>\n<p>Samedi vers 20h, la victime, bless\u00e9e par arme blanche, a \u00e9t\u00e9 d\u00e9pos\u00e9e en voiture par trois personnes au service des urgences, o\u00f9 elle a succomb\u00e9 \u00e0 ses blessures malgr\u00e9 les tentatives de r\u00e9animation, selon la m\u00eame source. <\/p>\n<p>Ce contenu est bloqu\u00e9 car vous n&rsquo;avez pas accept\u00e9 les cookies et autres traceurs.<\/p>\n<p>En cliquant sur \u00ab J\u2019accepte \u00bb, les cookies et autres traceurs seront d\u00e9pos\u00e9s et vous pourrez visualiser les contenus  (<a href=\"\" class=\"consentModule_policy\" target=\"_blank\" title=\"Consulter la politique de protection des donn\u00e9es du fournisseur\">plus d&rsquo;informations<\/a>).<\/p>\n<p>En cliquant sur \u00ab J\u2019accepte tous les cookies \u00bb, vous autorisez des d\u00e9p\u00f4ts de cookies et autres traceurs pour le stockage de vos donn\u00e9es sur nos sites et applications \u00e0 des fins de personnalisation et de ciblage publicitaire.<\/p>\n<p class=\"consentModule_secondaryText\">Vous gardez la possibilit\u00e9 de retirer votre consentement \u00e0 tout moment en consultant notre <a href=\"https:\/\/www.ledauphine.com\/protection-des-donnees\" target=\"_blank\" title=\"Consulter notre politique de protection des donn\u00e9es\" rel=\"nofollow noopener\">politique de protection des donn\u00e9es<\/a>. <br \/>&#13;<br \/>\n            <a href=\"https:\/\/www.ledauphine.com\/faits-divers-justice\/2025\/07\/20\/javascript:Didomi.notice.show()\" class=\"consentModule_cmp\" rel=\"nofollow noopener\" target=\"_blank\">G\u00e9rer mes choix<\/a>&#13;\n        <\/p>\n<p>&#13;<br \/>\n                        J&rsquo;accepte&#13;<br \/>\n            J&rsquo;accepte tous les cookies&#13;\n        <\/p>\n<p>Les trois accompagnateurs de la victime, ainsi que deux autres personnes qui s&rsquo;\u00e9taient pr\u00e9sent\u00e9es \u00e0 l&rsquo;h\u00f4pital pour prendre des nouvelles du bless\u00e9, ont \u00e9t\u00e9 plac\u00e9s en garde \u00e0 vue. Selon une source proche de l&rsquo;enqu\u00eate, les faits se sont d\u00e9roul\u00e9s rue Ferdinand de Lesseps, dans un lieu connu pour abriter du trafic de stup\u00e9fiants, situ\u00e9 dans le quartier de Cleunay.<\/p>\n<p>La victime\u00a0pr\u00e9sentait \u00ab une plaie grave \u00e0 l&rsquo;abdomen, semblant r\u00e9sulter de violences par arme blanche \u00bb et son d\u00e9c\u00e8s a \u00e9t\u00e9 \u00ab constat\u00e9 hier soir au CHU Pontchaillou \u00bb, a pr\u00e9cis\u00e9 le procureur de la R\u00e9publique adjoint Matthieu Thomas.<\/p>\n","protected":false},"excerpt":{"rendered":"Un jeune homme de 20 ans a \u00e9t\u00e9 poignard\u00e9 samedi soir \u00e0 Rennes, avant de succomber \u00e0 ses&hellip;\n","protected":false},"author":2,"featured_media":296733,"comment_status":"","ping_status":"","sticky":false,"template":"","format":"standard","meta":{"footnotes":""},"categories":[2821],"tags":[1111,11,829,1777,674,274,107,1011,27,329,12,584,25],"class_list":{"0":"post-296732","1":"post","2":"type-post","3":"status-publish","4":"format-standard","5":"has-post-thumbnail","7":"category-rennes","8":"tag-actu","9":"tag-actualites","10":"tag-bretagne","11":"tag-eu","12":"tag-europe","13":"tag-faits-divers-justice","14":"tag-fil-info","15":"tag-fr","16":"tag-france","17":"tag-france-monde","18":"tag-news","19":"tag-rennes","20":"tag-republique-francaise"},"share_on_mastodon":{"url":"https:\/\/pubeurope.com\/@fr\/114972898304907158","error":""},"_links":{"self":[{"href":"https:\/\/www.europesays.com\/fr\/wp-json\/wp\/v2\/posts\/296732","targetHints":{"allow":["GET"]}}],"collection":[{"href":"https:\/\/www.europesays.com\/fr\/wp-json\/wp\/v2\/posts"}],"about":[{"href":"https:\/\/www.europesays.com\/fr\/wp-json\/wp\/v2\/types\/post"}],"author":[{"embeddable":true,"href":"https:\/\/www.europesays.com\/fr\/wp-json\/wp\/v2\/users\/2"}],"replies":[{"embeddable":true,"href":"https:\/\/www.europesays.com\/fr\/wp-json\/wp\/v2\/comments?post=296732"}],"version-history":[{"count":0,"href":"https:\/\/www.europesays.com\/fr\/wp-json\/wp\/v2\/posts\/296732\/revisions"}],"wp:featuredmedia":[{"embeddable":true,"href":"https:\/\/www.europesays.com\/fr\/wp-json\/wp\/v2\/media\/296733"}],"wp:attachment":[{"href":"https:\/\/www.europesays.com\/fr\/wp-json\/wp\/v2\/media?parent=296732"}],"wp:term":[{"taxonomy":"category","embeddable":true,"href":"https:\/\/www.europesays.com\/fr\/wp-json\/wp\/v2\/categories?post=296732"},{"taxonomy":"post_tag","embeddable":true,"href":"https:\/\/www.europesays.com\/fr\/wp-json\/wp\/v2\/tags?post=296732"}],"curies":[{"name":"wp","href":"https:\/\/api.w.org\/{rel}","templated":true}]}}