{"id":296734,"date":"2025-08-04T22:39:30","date_gmt":"2025-08-04T22:39:30","guid":{"rendered":"https:\/\/www.europesays.com\/fr\/296734\/"},"modified":"2025-08-04T22:39:30","modified_gmt":"2025-08-04T22:39:30","slug":"rennes-soffre-lasse-en-finale-le-classement-du-tournoi-europeen-u21","status":"publish","type":"post","link":"https:\/\/www.europesays.com\/fr\/296734\/","title":{"rendered":"Rennes s\u2019offre l\u2019ASSE en finale, le classement du tournoi europ\u00e9en U21"},"content":{"rendered":"<p>Zapping Foot National Les Petits Princes du Rocher, immersion dans le Groupe \u00c9lite de l\u2019AS Monaco !<\/p>\n<p>Tout est fait ! Apr\u00e8s deux jours de phase de poules, le Tournoi europ\u00e9en U21 de Ploufragan vivait un dimanche disput\u00e9. Et pour cause, ce 3 ao\u00fbt marquait la phase finale du tournoi qui r\u00e9unit huit \u00e9quipes europ\u00e9ennes au Centre Technique Henri-Gu\u00e9rin de Ploufragan en Bretagne. Oppos\u00e9 \u00e0 l\u2019AS Saint-\u00c9tienne en finale de cette 27\u00e8me \u00e9dition, le Stade Rennais s\u2019est impos\u00e9 sur la plus petite des marges et remporte ainsi le troph\u00e9e. Le club allemand d\u2019Hambourg n\u2019a fait qu\u2019une bouch\u00e9e de l\u2019En Avant Guingamp en petite finale et termine sur la troisi\u00e8me et derni\u00e8re marche du podium. Sans plus tarder, d\u00e9couvrez les r\u00e9sultats complets et le classement de la 27\u00e8me \u00e9dition du Tournoi de Ploufragan.\u00a0<\/p>\n<p>Les r\u00e9sultats de dimanche\u00a0<\/p>\n<ul>\n<li>SM Caen (7e) 2 &#8211; 0 Real Sociedad (8e)<\/li>\n<li>OL (5e) 1 &#8211; 0 PSG (6e)<\/li>\n<li>Hambourg (3e) 3 &#8211; 0 Guingamp (4e)<\/li>\n<li>Rennes 1 (1er) &#8211; 0 ASSE (2e)<\/li>\n<\/ul>\n<p>Partagez cette info avec vos amis et vos proches en cliquant ici<br \/>Pour r\u00e9sumer<\/p>\n<p>Tout est fait ! Apr\u00e8s deux jours de phase de poules, le Tournoi europ\u00e9en U21 de Ploufragan vivait un dimanche disput\u00e9. Et pour cause, ce 3 ao\u00fbt marquait la phase finale du tournoi qui r\u00e9unit huit \u00e9quipes europ\u00e9ennes au Centre Technique Henri-Gu\u00e9rin de Ploufragan en Bretagne.<\/p>\n<p> <img decoding=\"async\" width=\"76\" height=\"76\" loading=\"lazy\" src=\"https:\/\/static.wui.fr\/images_v3\/avatar-footnational.png\" alt=\"Youcef Ghalaza-Boudra\"\/><\/p>\n","protected":false},"excerpt":{"rendered":"Zapping Foot National Les Petits Princes du Rocher, immersion dans le Groupe \u00c9lite de l\u2019AS Monaco ! Tout&hellip;\n","protected":false},"author":2,"featured_media":296735,"comment_status":"","ping_status":"","sticky":false,"template":"","format":"standard","meta":{"footnotes":""},"categories":[2821],"tags":[1111,11,829,1777,674,1011,27,12,584,25],"class_list":{"0":"post-296734","1":"post","2":"type-post","3":"status-publish","4":"format-standard","5":"has-post-thumbnail","7":"category-rennes","8":"tag-actu","9":"tag-actualites","10":"tag-bretagne","11":"tag-eu","12":"tag-europe","13":"tag-fr","14":"tag-france","15":"tag-news","16":"tag-rennes","17":"tag-republique-francaise"},"share_on_mastodon":{"url":"https:\/\/pubeurope.com\/@fr\/114972902265729201","error":""},"_links":{"self":[{"href":"https:\/\/www.europesays.com\/fr\/wp-json\/wp\/v2\/posts\/296734","targetHints":{"allow":["GET"]}}],"collection":[{"href":"https:\/\/www.europesays.com\/fr\/wp-json\/wp\/v2\/posts"}],"about":[{"href":"https:\/\/www.europesays.com\/fr\/wp-json\/wp\/v2\/types\/post"}],"author":[{"embeddable":true,"href":"https:\/\/www.europesays.com\/fr\/wp-json\/wp\/v2\/users\/2"}],"replies":[{"embeddable":true,"href":"https:\/\/www.europesays.com\/fr\/wp-json\/wp\/v2\/comments?post=296734"}],"version-history":[{"count":0,"href":"https:\/\/www.europesays.com\/fr\/wp-json\/wp\/v2\/posts\/296734\/revisions"}],"wp:featuredmedia":[{"embeddable":true,"href":"https:\/\/www.europesays.com\/fr\/wp-json\/wp\/v2\/media\/296735"}],"wp:attachment":[{"href":"https:\/\/www.europesays.com\/fr\/wp-json\/wp\/v2\/media?parent=296734"}],"wp:term":[{"taxonomy":"category","embeddable":true,"href":"https:\/\/www.europesays.com\/fr\/wp-json\/wp\/v2\/categories?post=296734"},{"taxonomy":"post_tag","embeddable":true,"href":"https:\/\/www.europesays.com\/fr\/wp-json\/wp\/v2\/tags?post=296734"}],"curies":[{"name":"wp","href":"https:\/\/api.w.org\/{rel}","templated":true}]}}