{"id":296738,"date":"2025-08-04T22:42:14","date_gmt":"2025-08-04T22:42:14","guid":{"rendered":"https:\/\/www.europesays.com\/fr\/296738\/"},"modified":"2025-08-04T22:42:14","modified_gmt":"2025-08-04T22:42:14","slug":"apres-4-ans-dinsalubrite-dans-les-logements-les-travaux-ont-enfin-debute-dans-cette-residence-hlm-de-nice-ouest","status":"publish","type":"post","link":"https:\/\/www.europesays.com\/fr\/296738\/","title":{"rendered":"Apr\u00e8s 4 ans d&rsquo;insalubrit\u00e9 dans les logements, les travaux ont (enfin) d\u00e9but\u00e9 dans cette r\u00e9sidence HLM de Nice-Ouest"},"content":{"rendered":"<p>Les travaux d\u00e9butent enfin. C\u2019est un soulagement pour les locataires de la r\u00e9sidence C\u00f4tes d\u2019Azur habitat les Sagnes, \u00e0 l\u2019ouest de Nice. Une fuite qui durait depuis plusieurs ann\u00e9es avait engendr\u00e9 de <a href=\"https:\/\/www.nicematin.com\/vie-locale\/ca-fait-quatre-ans-quon-vit-dans-la-moisissure-le-coup-de-gueule-dune-residente-des-sagnes-a-nice-974646\" rel=\"nofollow noopener\" target=\"_blank\">l\u2019humidit\u00e9 et des moisissures chez une habitante qui s\u2019est plainte aupr\u00e8s de Nice-Matin.<\/a><\/p>\n<p>Le bailleur social avait alors indiqu\u00e9 que \u00ab\u00a010 millions d\u2019euros d\u2019investissements sont pr\u00e9vus aux Sagnes en 2025, soit plus de 61.000 euros par logement. Ces travaux devraient d\u00e9buter cet \u00e9t\u00e9.\u00a0\u00bb C\u2019est chose faite. On ignore encore la date de fin du chantier.<\/p>\n","protected":false},"excerpt":{"rendered":"Les travaux d\u00e9butent enfin. C\u2019est un soulagement pour les locataires de la r\u00e9sidence C\u00f4tes d\u2019Azur habitat les Sagnes,&hellip;\n","protected":false},"author":2,"featured_media":296739,"comment_status":"","ping_status":"","sticky":false,"template":"","format":"standard","meta":{"footnotes":""},"categories":[2819],"tags":[1111,11,1777,674,1011,27,12,2401,882,25,3366],"class_list":{"0":"post-296738","1":"post","2":"type-post","3":"status-publish","4":"format-standard","5":"has-post-thumbnail","7":"category-nice","8":"tag-actu","9":"tag-actualites","10":"tag-eu","11":"tag-europe","12":"tag-fr","13":"tag-france","14":"tag-news","15":"tag-nice","16":"tag-provence-alpes-cote-dazur","17":"tag-republique-francaise","18":"tag-vie-locale"},"share_on_mastodon":{"url":"https:\/\/pubeurope.com\/@fr\/114972914015333220","error":""},"_links":{"self":[{"href":"https:\/\/www.europesays.com\/fr\/wp-json\/wp\/v2\/posts\/296738","targetHints":{"allow":["GET"]}}],"collection":[{"href":"https:\/\/www.europesays.com\/fr\/wp-json\/wp\/v2\/posts"}],"about":[{"href":"https:\/\/www.europesays.com\/fr\/wp-json\/wp\/v2\/types\/post"}],"author":[{"embeddable":true,"href":"https:\/\/www.europesays.com\/fr\/wp-json\/wp\/v2\/users\/2"}],"replies":[{"embeddable":true,"href":"https:\/\/www.europesays.com\/fr\/wp-json\/wp\/v2\/comments?post=296738"}],"version-history":[{"count":0,"href":"https:\/\/www.europesays.com\/fr\/wp-json\/wp\/v2\/posts\/296738\/revisions"}],"wp:featuredmedia":[{"embeddable":true,"href":"https:\/\/www.europesays.com\/fr\/wp-json\/wp\/v2\/media\/296739"}],"wp:attachment":[{"href":"https:\/\/www.europesays.com\/fr\/wp-json\/wp\/v2\/media?parent=296738"}],"wp:term":[{"taxonomy":"category","embeddable":true,"href":"https:\/\/www.europesays.com\/fr\/wp-json\/wp\/v2\/categories?post=296738"},{"taxonomy":"post_tag","embeddable":true,"href":"https:\/\/www.europesays.com\/fr\/wp-json\/wp\/v2\/tags?post=296738"}],"curies":[{"name":"wp","href":"https:\/\/api.w.org\/{rel}","templated":true}]}}