{"id":296760,"date":"2025-08-04T22:58:15","date_gmt":"2025-08-04T22:58:15","guid":{"rendered":"https:\/\/www.europesays.com\/fr\/296760\/"},"modified":"2025-08-04T22:58:15","modified_gmt":"2025-08-04T22:58:15","slug":"un-vol-madrid-paris-fait-demi-tour-apres-une-collision-avec-un-oiseau","status":"publish","type":"post","link":"https:\/\/www.europesays.com\/fr\/296760\/","title":{"rendered":"un vol Madrid-Paris fait demi-tour apr\u00e8s une collision avec un oiseau"},"content":{"rendered":"<p>            lire plus tard<\/p>\n<p id=\"dialog__title\" class=\"dialog__title\">Pour sauvegarder cet article, connectez-vous ou cr\u00e9ez un compte franceinfo<\/p>\n<p class=\"dialog__description\">Sans paiement. Sans abonnement.<\/p>\n<p>        Fermer la fen\u00eatre d\u2019activation des notifications France Info<\/p>\n<p>            cr\u00e9er votre compte<\/p>\n<p>            se connecter<\/p>\n<p>        Fermer la fen\u00eatre de pr\u00e9sentation<\/p>\n<p>    Publi\u00e9 le 04\/08\/2025 22:47<\/p>\n<p>        Temps de lecture : 1min &#8211; vid\u00e9o : 2min<\/p>\n<p>    <img decoding=\"async\" class=\"francetv-player-wrapper__image\" alt=\"Aviation : un vol Madrid-Paris fait demi-tour apr\u00e8s une collision avec un oiseau\"  width=\"432\" height=\"243\" src=\"https:\/\/www.europesays.com\/fr\/wp-content\/uploads\/2025\/08\/video-46-68911b1a81b85113396700.jpg\" fetchpriority=\"high\"\/><\/p>\n<p>              Aviation : un vol Madrid-Paris fait demi-tour apr\u00e8s une collision avec un oiseau<br \/>\n                    (France 2)<\/p>\n<p>      2min<\/p>\n<p class=\"c-chapo \">\n  Un Airbus a \u00e9t\u00e9 contraint de faire demi-tour apr\u00e8s une collision avec un oiseau dimanche 4 ao\u00fbt. L&rsquo;incident n&rsquo;a pas fait de bless\u00e9, mais l&rsquo;appareil est lourdement endommag\u00e9.\n<\/p>\n<p><strong>Ce texte correspond \u00e0 une partie de la retranscription du reportage ci-dessus. Cliquez sur la vid\u00e9o pour la regarder dans son int\u00e9gralit\u00e9.<\/strong><\/p>\n<p>Les traces de la collision sont impressionnantes. La moiti\u00e9 du nez d\u2019un <a href=\"https:\/\/www.franceinfo.fr\/economie\/aeronautique\/\" target=\"_blank\" rel=\"noopener nofollow\">Airbus<\/a> A321 a disparu. Dimanche 4 ao\u00fbt, l\u2019avion a quitt\u00e9 Madrid (Espagne) en direction d&rsquo;Orly. Quatre minutes apr\u00e8s le d\u00e9collage, \u00e0 2 000 m d&rsquo;altitude, il a percut\u00e9 un gros oiseau. Un passager colombien a film\u00e9 les quelques minutes d&rsquo;angoisse. \u00ab\u00a0On a senti un choc. On a pens\u00e9 \u00e0 des turbulences. Il y a eu de la fum\u00e9e \u00e0 l&rsquo;arri\u00e8re. Sur la vid\u00e9o, je suis en panique. Des gens pleuraient, se prenaient dans les bras et priaient. C&rsquo;\u00e9tait vraiment stressant\u00a0\u00bb, se souvient Giancarlo Sandoval, passager du vol IB579.<\/p>\n<p>Le pilote revient imm\u00e9diatement au point de d\u00e9part. Aucun bless\u00e9 n&rsquo;est \u00e0 d\u00e9plorer. \u00c0 la premi\u00e8re inspection, quelques ailettes d&rsquo;un r\u00e9acteur sont endommag\u00e9es. Le nez, lui, est un \u00e9l\u00e9ment con\u00e7u pour d&rsquo;\u00e9ventuels chocs. \u00ab\u00a0Le nez de l&rsquo;avion endommag\u00e9 va vous provoquer la perte du radar, mais ce n&rsquo;est pas essentiel pour voler. L&rsquo;avion reste int\u00e8gre. Tandis que dans le r\u00e9acteur, une ailette qui est cass\u00e9e va entra\u00eener les autres ailettes et finalement faire exploser le r\u00e9acteur\u00a0\u00bb, assure G\u00e9rard Feldzer, ancien pilote de ligne et pr\u00e9sident d\u2019Aviation Sans Fronti\u00e8res.<\/p>\n<p>D&rsquo;autres contacts avec des oiseaux ont \u00e9t\u00e9 plus dramatiques. En Cor\u00e9e du Sud, en d\u00e9cembre 2024, un avion atterrit en urgence et percute un mur : 179 morts. En 2009 \u00e0 New York, des oiseaux neutralisent les r\u00e9acteurs d\u2019un avion am\u00e9ricain qui amerrit miraculeusement dans l&rsquo;Hudson, sans aucune victime. Chaque ann\u00e9e, on recense environ 50 000 collisions aviaires dans le monde.<\/p>\n<p class=\"related-tags__title\" role=\"heading\" aria-level=\"2\">les mots-cl\u00e9s associ\u00e9s \u00e0 cet article\n    <\/p>\n","protected":false},"excerpt":{"rendered":"lire plus tard Pour sauvegarder cet article, connectez-vous ou cr\u00e9ez un compte franceinfo Sans paiement. Sans abonnement. Fermer&hellip;\n","protected":false},"author":2,"featured_media":296761,"comment_status":"","ping_status":"","sticky":false,"template":"","format":"standard","meta":{"footnotes":""},"categories":[1888],"tags":[1111,1928,11,1927,1777,674,1011,27,12,1926,626,1925,25],"class_list":{"0":"post-296760","1":"post","2":"type-post","3":"status-publish","4":"format-standard","5":"has-post-thumbnail","7":"category-paris","8":"tag-actu","9":"tag-actu-paris","10":"tag-actualites","11":"tag-actualites-paris","12":"tag-eu","13":"tag-europe","14":"tag-fr","15":"tag-france","16":"tag-news","17":"tag-news-paris","18":"tag-paris","19":"tag-paris-news","20":"tag-republique-francaise"},"share_on_mastodon":{"url":"https:\/\/pubeurope.com\/@fr\/114972976960341198","error":""},"_links":{"self":[{"href":"https:\/\/www.europesays.com\/fr\/wp-json\/wp\/v2\/posts\/296760","targetHints":{"allow":["GET"]}}],"collection":[{"href":"https:\/\/www.europesays.com\/fr\/wp-json\/wp\/v2\/posts"}],"about":[{"href":"https:\/\/www.europesays.com\/fr\/wp-json\/wp\/v2\/types\/post"}],"author":[{"embeddable":true,"href":"https:\/\/www.europesays.com\/fr\/wp-json\/wp\/v2\/users\/2"}],"replies":[{"embeddable":true,"href":"https:\/\/www.europesays.com\/fr\/wp-json\/wp\/v2\/comments?post=296760"}],"version-history":[{"count":0,"href":"https:\/\/www.europesays.com\/fr\/wp-json\/wp\/v2\/posts\/296760\/revisions"}],"wp:featuredmedia":[{"embeddable":true,"href":"https:\/\/www.europesays.com\/fr\/wp-json\/wp\/v2\/media\/296761"}],"wp:attachment":[{"href":"https:\/\/www.europesays.com\/fr\/wp-json\/wp\/v2\/media?parent=296760"}],"wp:term":[{"taxonomy":"category","embeddable":true,"href":"https:\/\/www.europesays.com\/fr\/wp-json\/wp\/v2\/categories?post=296760"},{"taxonomy":"post_tag","embeddable":true,"href":"https:\/\/www.europesays.com\/fr\/wp-json\/wp\/v2\/tags?post=296760"}],"curies":[{"name":"wp","href":"https:\/\/api.w.org\/{rel}","templated":true}]}}