{"id":296762,"date":"2025-08-04T22:59:19","date_gmt":"2025-08-04T22:59:19","guid":{"rendered":"https:\/\/www.europesays.com\/fr\/296762\/"},"modified":"2025-08-04T22:59:19","modified_gmt":"2025-08-04T22:59:19","slug":"les-bourses-europeennes-rebondissent-apres-leurs-pertes-paris-et-francfort-en-tete","status":"publish","type":"post","link":"https:\/\/www.europesays.com\/fr\/296762\/","title":{"rendered":"Les Bourses europ\u00e9ennes rebondissent apr\u00e8s leurs pertes, Paris et Francfort en t\u00eate"},"content":{"rendered":"<p>        <a class=\"Link \" href=\"https:\/\/www.lopinion.fr\/international\/surtaxe-americaine-la-suisse-sous-pression-face-aux-39-de-droits-de-douane-de-donald-trump\" data-cms-ai=\"0\" rel=\"nofollow noopener\" target=\"_blank\">Surtaxe am\u00e9ricaine : la Suisse sous pression face aux 39% de droits de douane de Donald Trump<\/a><\/p>\n<p>l&rsquo;Opinion (avec AFP)<\/p>\n<p>Zurich &#8211; R\u00e9union d\u2019urgence du gouvernement f\u00e9d\u00e9ral, consultations avec les entreprises, les autorit\u00e9s suisses ont sonn\u00e9 le branle-bas de combat pour tenter de trouver une r\u00e9ponse \u00e0 la menace de Donald Trump d\u2019assener 39% de droits de douane punitifs aux produits du petit pays alpin. Le gouvernement suisse doit se r\u00e9unir dans journ\u00e9e en visioconf\u00e9rence pour une s\u00e9ance extraordinaire, selon la chancellerie f\u00e9d\u00e9rale. Le Secr\u00e9tariat d\u2019Etat \u00e0 l\u2019Economie s\u2019est \u00e9galement entretenu avec divers repr\u00e9sentants de l&rsquo;\u00e9conomie helv\u00e9tique, a-t-il indiqu\u00e9 \u00e0 l\u2019AFP, sans divulguer le contenu des discussions. La Suisse est sonn\u00e9e par la d\u00e9cision de l\u2019administration am\u00e9ricaine, qui a relev\u00e9 les droits de douane pour les produits suisses import\u00e9s aux \u00c9tats-Unis \u00e0 39% \u00e0 compter du 7 ao\u00fbt, contre 31% initialement annonc\u00e9s d\u00e9but avril. La d\u00e9cision a estomaqu\u00e9 le pays alpin qui avait d\u2019embl\u00e9e choisi la voie de la n\u00e9gociation avec les Etats-Unis apr\u00e8s ce Donald Trump avait appel\u00e9 le \u00abLiberation Day\u00bb (jour de la lib\u00e9ration) d\u00e9but avril. Selon le pr\u00e9sident am\u00e9ricain Donald Trump, la Suisse \u00abvole\u00bb les Etats-Unis au vu d\u2019un d\u00e9ficit commercial de pr\u00e8s de 40 milliards de francs suisses (42,8 milliards d\u2019euros). Le Conseil f\u00e9d\u00e9ral (gouvernement) &#8211; qui dit avoir appris avec grand regret cette surtaxe de 39% &#8211; esp\u00e8re pouvoir utiliser les quelques jours de r\u00e9pit avant l&rsquo;\u00e9ch\u00e9ance du 7 ao\u00fbt pour n\u00e9gocier des concessions. A l\u2019ouverture lundi, la Bourse suisse a accus\u00e9 le coup, perdant 2% dans les premiers \u00e9changes, avant de rattraper progressivement ses pertes. A 11H14 GMT, le SMI, l\u2019indice de r\u00e9f\u00e9rence de la Bourse suisse, perdait 0,65% \u00e0 11.759,03 points, avec toutefois une certaine f\u00e9brilit\u00e9 au sein des grandes valeurs de l\u2019indice qui \u00e9voluent de mani\u00e8re erratique. 0,3% \u00e0 0,6% de PIB Cette surtaxe, bien plus \u00e9lev\u00e9e que les 15% impos\u00e9s aux concurrents bas\u00e9s dans l\u2019Union europ\u00e9enne, est un enjeu de taille pour l&rsquo;\u00e9conomie suisse, la grande inconnue \u00e9tant le traitement r\u00e9serv\u00e9 aux produits pharmaceutiques, qui repr\u00e9sentent \u00abplus de la moiti\u00e9\u00bb des exportations de la Suisse, a rappel\u00e9 Hans Gersbach. Selon ce professeur d&rsquo;\u00e9conomie, chef adjoint du centre de Centre de recherches conjoncturelles de l&rsquo;\u00c9cole polytechnique f\u00e9d\u00e9rale de Zurich, ces droits de douane \u00e0 39% pourraient co\u00fbter entre 0,3% et 0,6% de croissance annuelle \u00e0 la Suisse, mais l\u2019impact sur le produit int\u00e9rieur brut pourrait grimper \u00e0 \u00abau moins 0,7%\u00bb, selon le sort r\u00e9serv\u00e9s aux produits pharmaceutiques, jusqu&rsquo;\u00e0 pr\u00e9sent exempt\u00e9s de droits de douane. Le pr\u00e9sident am\u00e9ricain cherche aussi \u00e0 faire pression sur les grands groupes pharmaceutiques pour faire baisser le prix des m\u00e9dicaments, ce qui ajoute une inconnue suppl\u00e9mentaire. Dans une note de march\u00e9, les analystes de Vontobel soulignent que ces 39% touchent en particulier certains secteurs, comme l\u2019horlogerie puisque les montres sont fabriqu\u00e9es en Suisse, ou une partie des fabricants de machines. D\u2019apr\u00e8s eux, il \u00abreste de l\u2019espoir qu\u2019un accord\u00bb puisse \u00eatre conclu et ram\u00e8ne les droits de douane \u00e0 un niveau \u00abplus proche des 15%\u00bb appliqu\u00e9s \u00e0 d\u2019autres pays. \u00abToutefois, si ces droits de douane \u00e0 39% restent en place\u00bb, les b\u00e9n\u00e9fices des entreprises dans ces secteurs pourraient \u00eatre \u00absubstantiellement touch\u00e9s\u00bb, pr\u00e9viennent-ils. Ne pas l\u00e2cher le morceau Chocosuisse, l\u2019organisation patronale des fabricants de chocolat, ces droits de douane \u00e0 39% sont \u00abun coup de massue\u00bb qui fait courir le risque que les produits suisses diminuent dans les rayons aux Etats-Unis et que ceux qui y restent \u00abvoient leur prix augmenter\u00bb. Cette organisation patronale a appel\u00e9 le gouvernement \u00e0 \u00abne pas l\u00e2cher le morceau\u00bb et \u00e0 \u00abpoursuivre \u00e2prement les n\u00e9gociations\u00bb. Parmi les leviers de n\u00e9gociation, la presse dominicale a \u00e9voqu\u00e9 le commerce de l\u2019or, qui a pour effet de gonfler l\u2019exc\u00e9dent commercial de la Suisse vis-\u00e0-vis des Etats-Unis. La Suisse abrite de nombreuses raffineries, o\u00f9 sont fondus des lingots import\u00e9s pour la plupart du Royaume-Uni afin de les refondre aux normes am\u00e9ricaines. Ces \u00e9changes d\u2019or entra\u00eenent donc une distorsion statistique dans les \u00e9changes commerciaux, selon le journal dominical SonntagZeitung, qui sugg\u00e8re de rappeler qu\u2019ils donnent l\u2019impression que la Suisse exporte davantage vers les USA qu\u2019elle ne le fait en r\u00e9alit\u00e9. Nathalie OLOF-ORS \u00a9 Agence France-Presse<\/p>\n","protected":false},"excerpt":{"rendered":"Surtaxe am\u00e9ricaine : la Suisse sous pression face aux 39% de droits de douane de Donald Trump l&rsquo;Opinion&hellip;\n","protected":false},"author":2,"featured_media":296763,"comment_status":"","ping_status":"","sticky":false,"template":"","format":"standard","meta":{"footnotes":""},"categories":[1888],"tags":[1111,1928,11,1927,1777,674,1011,27,12,1926,626,1925,25],"class_list":{"0":"post-296762","1":"post","2":"type-post","3":"status-publish","4":"format-standard","5":"has-post-thumbnail","7":"category-paris","8":"tag-actu","9":"tag-actu-paris","10":"tag-actualites","11":"tag-actualites-paris","12":"tag-eu","13":"tag-europe","14":"tag-fr","15":"tag-france","16":"tag-news","17":"tag-news-paris","18":"tag-paris","19":"tag-paris-news","20":"tag-republique-francaise"},"share_on_mastodon":{"url":"https:\/\/pubeurope.com\/@fr\/114972981173162617","error":""},"_links":{"self":[{"href":"https:\/\/www.europesays.com\/fr\/wp-json\/wp\/v2\/posts\/296762","targetHints":{"allow":["GET"]}}],"collection":[{"href":"https:\/\/www.europesays.com\/fr\/wp-json\/wp\/v2\/posts"}],"about":[{"href":"https:\/\/www.europesays.com\/fr\/wp-json\/wp\/v2\/types\/post"}],"author":[{"embeddable":true,"href":"https:\/\/www.europesays.com\/fr\/wp-json\/wp\/v2\/users\/2"}],"replies":[{"embeddable":true,"href":"https:\/\/www.europesays.com\/fr\/wp-json\/wp\/v2\/comments?post=296762"}],"version-history":[{"count":0,"href":"https:\/\/www.europesays.com\/fr\/wp-json\/wp\/v2\/posts\/296762\/revisions"}],"wp:featuredmedia":[{"embeddable":true,"href":"https:\/\/www.europesays.com\/fr\/wp-json\/wp\/v2\/media\/296763"}],"wp:attachment":[{"href":"https:\/\/www.europesays.com\/fr\/wp-json\/wp\/v2\/media?parent=296762"}],"wp:term":[{"taxonomy":"category","embeddable":true,"href":"https:\/\/www.europesays.com\/fr\/wp-json\/wp\/v2\/categories?post=296762"},{"taxonomy":"post_tag","embeddable":true,"href":"https:\/\/www.europesays.com\/fr\/wp-json\/wp\/v2\/tags?post=296762"}],"curies":[{"name":"wp","href":"https:\/\/api.w.org\/{rel}","templated":true}]}}