{"id":296768,"date":"2025-08-04T23:02:09","date_gmt":"2025-08-04T23:02:09","guid":{"rendered":"https:\/\/www.europesays.com\/fr\/296768\/"},"modified":"2025-08-04T23:02:09","modified_gmt":"2025-08-04T23:02:09","slug":"la-france-ne-peut-pas-etre-un-interlocuteur-de-la-russie-affirme-hugues-pernet-premier-ambassadeur-de-france-en-ukraine","status":"publish","type":"post","link":"https:\/\/www.europesays.com\/fr\/296768\/","title":{"rendered":"la France \u00ab\u00a0ne peut pas \u00eatre un interlocuteur de la Russie\u00a0\u00bb, affirme Hugues Pernet (premier ambassadeur de France en Ukraine)"},"content":{"rendered":"<p>Guerre en Ukraine: la France \u00ab\u00a0ne peut pas \u00eatre un interlocuteur de la Russie\u00a0\u00bb, affirme Hugues Pernet (premier ambassadeur de France en Ukraine)Sur le m\u00eame sujet<a href=\"https:\/\/www.bfmtv.com\/international\/amerique-nord\/etats-unis\/video-guerre-en-ukraine-la-france-ne-peut-pas-etre-un-interlocuteur-de-la-russie-affirme-hugues-pernet-premier-ambassadeur-de-france-en-ukraine_VN-202508040504.html\" title=\"Guerre en Ukraine: la France &quot;ne peut pas \u00eatre un interlocuteur de la Russie&quot;, affirme Hugues Pernet (premier ambassadeur de France en Ukraine)\" rel=\"nofollow noopener\" target=\"_blank\"><img width=\"16\" height=\"9\" class=\"lozad\"  alt=\"Guerre en Ukraine: la France &quot;ne peut pas \u00eatre un interlocuteur de la Russie&quot;, affirme Hugues Pernet (premier ambassadeur de France en Ukraine)\"\/>en lectureGuerre en Ukraine: la France \u00ab\u00a0ne peut pas \u00eatre un interlocuteur de la Russie\u00a0\u00bb, affirme Hugues Pernet (premier ambassadeur de France en Ukraine)<\/a><a href=\"https:\/\/www.bfmtv.com\/international\/amerique-nord\/etats-unis\/video-guerre-en-ukraine-la-visite-de-m-vitkoff-en-russie-est-importante-mais-pas-decisive-estime-hugues-pernet-premier-ambassadeur-de-france-en-ukraine_VN-202508040503.html\" title=\"Guerre en Ukraine: &quot;La visite de M. Vitkoff [en Russie] est importante mais pas d\u00e9cisive&quot;, estime Hugues Pernet (premier ambassadeur de France en Ukraine)\" rel=\"nofollow noopener\" target=\"_blank\"><img width=\"16\" height=\"9\" class=\"lozad\"  alt=\"Guerre en Ukraine: &quot;La visite de M. Vitkoff [en Russie] est importante mais pas d\u00e9cisive&quot;, estime Hugues Pernet (premier ambassadeur de France en Ukraine)\"\/>1:56Guerre en Ukraine: \u00ab\u00a0La visite de M. Vitkoff [en Russie] est importante mais pas d\u00e9cisive\u00a0\u00bb, estime Hugues Pernet (premier ambassadeur de France en Ukraine)<\/a><a href=\"https:\/\/www.bfmtv.com\/international\/amerique-nord\/etats-unis\/video-guerre-en-ukraine-ultimatum-menace-nucleaire-l-interview-en-integralite-de-frederic-encel_VN-202508040483.html\" title=\"Guerre en Ukraine, ultimatum, menace nucl\u00e9aire... L&#039;interview en int\u00e9gralit\u00e9 de Fr\u00e9d\u00e9ric Encel\" rel=\"nofollow noopener\" target=\"_blank\"><img width=\"16\" height=\"9\" class=\"lozad\"  alt=\"Guerre en Ukraine, ultimatum, menace nucl\u00e9aire... L'interview en int\u00e9gralit\u00e9 de Fr\u00e9d\u00e9ric Encel\"\/>13:09Guerre en Ukraine, ultimatum, menace nucl\u00e9aire&#8230; L&rsquo;interview en int\u00e9gralit\u00e9 de Fr\u00e9d\u00e9ric Encel<\/a><a href=\"https:\/\/www.bfmtv.com\/international\/amerique-nord\/etats-unis\/video-guerre-en-ukraine-je-ne-crois-pas-que-donald-trump-abandonnera-la-question-ukrainienne-estime-frederic-encel-docteur-en-geopolitique_VN-202508040475.html\" title=\"Guerre en Ukraine: &quot;Je ne crois pas que Donald Trump abandonnera la question ukrainienne&quot;, estime Fr\u00e9d\u00e9ric Encel (docteur en g\u00e9opolitique)\" rel=\"nofollow noopener\" target=\"_blank\"><img width=\"16\" height=\"9\" class=\"lozad\"  alt=\"Guerre en Ukraine: &quot;Je ne crois pas que Donald Trump abandonnera la question ukrainienne&quot;, estime Fr\u00e9d\u00e9ric Encel (docteur en g\u00e9opolitique)\"\/>1:30Guerre en Ukraine: \u00ab\u00a0Je ne crois pas que Donald Trump abandonnera la question ukrainienne\u00a0\u00bb, estime Fr\u00e9d\u00e9ric Encel (docteur en g\u00e9opolitique)<\/a><a href=\"https:\/\/www.bfmtv.com\/international\/amerique-nord\/etats-unis\/video-frederic-encel-docteur-en-geopolitique-revient-sur-l-ultimatum-lance-par-les-americains-aux-russes-pour-mettre-fin-a-la-guerre-en-ukraine_VN-202508040471.html\" title=\"Fr\u00e9d\u00e9ric Encel, docteur en g\u00e9opolitique, revient sur l&#039;ultimatum lanc\u00e9 par les Am\u00e9ricains aux Russes pour mettre fin \u00e0 la guerre en Ukraine\" rel=\"nofollow noopener\" target=\"_blank\"><img width=\"16\" height=\"9\" class=\"lozad\"  alt=\"Fr\u00e9d\u00e9ric Encel, docteur en g\u00e9opolitique, revient sur l'ultimatum lanc\u00e9 par les Am\u00e9ricains aux Russes pour mettre fin \u00e0 la guerre en Ukraine\"\/>3:36Fr\u00e9d\u00e9ric Encel, docteur en g\u00e9opolitique, revient sur l&rsquo;ultimatum lanc\u00e9 par les Am\u00e9ricains aux Russes pour mettre fin \u00e0 la guerre en Ukraine<\/a><a href=\"https:\/\/www.bfmtv.com\/international\/amerique-nord\/etats-unis\/video-deploiement-de-sous-marins-nucleaires-americains-volodymyr-zelensky-remercie-donald-trump-pour-sa-determination_VN-202508040459.html\" title=\"D\u00e9ploiement de sous-marins nucl\u00e9aires am\u00e9ricains: Volodymyr Zelensky remercie Donald Trump pour &quot;sa d\u00e9termination&quot;\" rel=\"nofollow noopener\" target=\"_blank\"><img width=\"16\" height=\"9\" class=\"lozad\"  alt=\"D\u00e9ploiement de sous-marins nucl\u00e9aires am\u00e9ricains: Volodymyr Zelensky remercie Donald Trump pour &quot;sa d\u00e9termination&quot;\"\/>1:33D\u00e9ploiement de sous-marins nucl\u00e9aires am\u00e9ricains: Volodymyr Zelensky remercie Donald Trump pour \u00ab\u00a0sa d\u00e9termination\u00a0\u00bb<\/a><a href=\"https:\/\/www.bfmtv.com\/international\/amerique-nord\/etats-unis\/video-guerre-en-ukraine-la-visite-de-steve-witkoff-emissaire-americain-qualifiee-d-importante-et-d-utile-par-le-kremlin_VN-202508040457.html\" title=\"Guerre en Ukraine: la visite de Steve Witkoff, \u00e9missaire am\u00e9ricain, qualifi\u00e9e d&#039;&quot;importante&quot; et d&#039;&quot;utile&quot; par le Kremlin\" rel=\"nofollow noopener\" target=\"_blank\"><img width=\"16\" height=\"9\" class=\"lozad\"  alt=\"Guerre en Ukraine: la visite de Steve Witkoff, \u00e9missaire am\u00e9ricain, qualifi\u00e9e d'&quot;importante&quot; et d'&quot;utile&quot; par le Kremlin\"\/>1:22Guerre en Ukraine: la visite de Steve Witkoff, \u00e9missaire am\u00e9ricain, qualifi\u00e9e d'\u00a0\u00bbimportante\u00a0\u00bb et d'\u00a0\u00bbutile\u00a0\u00bb par le Kremlin<\/a><a href=\"https:\/\/www.bfmtv.com\/international\/amerique-nord\/etats-unis\/video-l-inde-considere-comme-injustifiees-les-menaces-d-augmentation-des-droits-de-douane-americains-concernant-ses-achats-de-petrole-russe_VN-202508040447.html\" title=\"L&#039;Inde consid\u00e8re comme &quot;injustifi\u00e9es&quot; les menaces d&#039;augmentation des droits de douane am\u00e9ricains concernant ses achats de p\u00e9trole russe\" rel=\"nofollow noopener\" target=\"_blank\"><img width=\"16\" height=\"9\" class=\"lozad\"  alt=\"L'Inde consid\u00e8re comme &quot;injustifi\u00e9es&quot; les menaces d'augmentation des droits de douane am\u00e9ricains concernant ses achats de p\u00e9trole russe\"\/>1:39L&rsquo;Inde consid\u00e8re comme \u00ab\u00a0injustifi\u00e9es\u00a0\u00bb les menaces d&rsquo;augmentation des droits de douane am\u00e9ricains concernant ses achats de p\u00e9trole russe<\/a><a href=\"https:\/\/www.bfmtv.com\/economie\/video-a-bord-du-plus-grand-porte-avions-americain-l-uss-gerald-r-ford-amarre-a-marseille-pour-une-semaine_VN-202508040414.html\" title=\"\u00c0 bord du plus grand porte-avions am\u00e9ricain, l&#039;USS Gerald R. Ford, amarr\u00e9 \u00e0 Marseille pour une semaine\" rel=\"nofollow noopener\" target=\"_blank\"><img width=\"16\" height=\"9\" class=\"lozad\"  alt=\"\u00c0 bord du plus grand porte-avions am\u00e9ricain, l'USS Gerald R. Ford, amarr\u00e9 \u00e0 Marseille pour une semaine\"\/>1:17\u00c0 bord du plus grand porte-avions am\u00e9ricain, l&rsquo;USS Gerald R. Ford, amarr\u00e9 \u00e0 Marseille pour une semaine<\/a><a href=\"https:\/\/www.bfmtv.com\/international\/amerique-nord\/etats-unis\/video-rearmement-de-l-ukraine-pour-hugues-pernet-premier-ambassadeur-de-france-a-kiev-donald-trump-a-une-attitude-totalement-cynique_VN-202508040408.html\" title=\"R\u00e9armement de l&#039;Ukraine: pour Hugues Pernet (premier ambassadeur de France \u00e0 Kiev), Donald Trump &quot;a une attitude totalement cynique&quot;\" rel=\"nofollow noopener\" target=\"_blank\"><img width=\"16\" height=\"9\" class=\"lozad\"  alt=\"R\u00e9armement de l'Ukraine: pour Hugues Pernet (premier ambassadeur de France \u00e0 Kiev), Donald Trump &quot;a une attitude totalement cynique&quot;\"\/>2:34R\u00e9armement de l&rsquo;Ukraine: pour Hugues Pernet (premier ambassadeur de France \u00e0 Kiev), Donald Trump \u00ab\u00a0a une attitude totalement cynique\u00a0\u00bb<\/a><a href=\"https:\/\/www.bfmtv.com\/international\/amerique-nord\/etats-unis\/video-guerre-en-ukraine-l-emissaire-americain-steve-witkoff-attendu-mercredi-ou-jeudi-a-moscou_VN-202508040404.html\" title=\"Guerre en Ukraine: l&#039;\u00e9missaire am\u00e9ricain, Steve Witkoff, attendu &quot;mercredi ou jeudi&quot; \u00e0 Moscou\" rel=\"nofollow noopener\" target=\"_blank\"><img width=\"16\" height=\"9\" class=\"lozad\"  alt=\"Guerre en Ukraine: l'\u00e9missaire am\u00e9ricain, Steve Witkoff, attendu &quot;mercredi ou jeudi&quot; \u00e0 Moscou\"\/>1:41Guerre en Ukraine: l&rsquo;\u00e9missaire am\u00e9ricain, Steve Witkoff, attendu \u00ab\u00a0mercredi ou jeudi\u00a0\u00bb \u00e0 Moscou<\/a><a href=\"https:\/\/www.bfmtv.com\/economie\/replay-emissions\/bfm-bourse\/video-le-club-etats-unis-deception-pour-l-emploi-04-08_VN-202508040394.html\" title=\"Le Club : \u00c9tats-Unis, d\u00e9ception pour l&#039;emploi - 04\/08\" rel=\"nofollow noopener\" target=\"_blank\"><img width=\"16\" height=\"9\" class=\"lozad\"  alt=\"Le Club : \u00c9tats-Unis, d\u00e9ception pour l'emploi - 04\/08\"\/>24:23Le Club : \u00c9tats-Unis, d\u00e9ception pour l&#8217;emploi &#8211; 04\/08<\/a><a href=\"https:\/\/www.bfmtv.com\/international\/amerique-nord\/etats-unis\/video-un-policier-retire-a-mains-nues-un-alligator-d-une-piscine-en-floride_VN-202508040376.html\" title=\"Un policier retire \u00e0 mains nues un alligator d&#039;une piscine en Floride\" rel=\"nofollow noopener\" target=\"_blank\"><img width=\"16\" height=\"9\" class=\"lozad\"  alt=\"Un policier retire \u00e0 mains nues un alligator d'une piscine en Floride\"\/>1:02Un policier retire \u00e0 mains nues un alligator d&rsquo;une piscine en Floride<\/a><a href=\"https:\/\/www.bfmtv.com\/economie\/video-le-plus-grand-porte-avions-americain-l-uss-gerald-r-ford-amarre-a-marseille-pour-une-semaine-avant-de-retourner-en-mer_VN-202508040362.html\" title=\"Le plus grand porte-avions am\u00e9ricain, l&#039;USS Gerald R. Ford, amarr\u00e9 \u00e0 Marseille pour une semaine avant de retourner en mer \" rel=\"nofollow noopener\" target=\"_blank\"><img width=\"16\" height=\"9\" class=\"lozad\"  alt=\"Le plus grand porte-avions am\u00e9ricain, l'USS Gerald R. Ford, amarr\u00e9 \u00e0 Marseille pour une semaine avant de retourner en mer \"\/>1:05Le plus grand porte-avions am\u00e9ricain, l&rsquo;USS Gerald R. Ford, amarr\u00e9 \u00e0 Marseille pour une semaine avant de retourner en mer<\/a><a class=\"jumpToVideo\" target=\"_blank\"><img class=\"thumbnailPreview\"\/><\/a><\/p>\n","protected":false},"excerpt":{"rendered":"Guerre en Ukraine: la France \u00ab\u00a0ne peut pas \u00eatre un interlocuteur de la Russie\u00a0\u00bb, affirme Hugues Pernet (premier&hellip;\n","protected":false},"author":2,"featured_media":296769,"comment_status":"","ping_status":"","sticky":false,"template":"","format":"standard","meta":{"footnotes":""},"categories":[1591],"tags":[11,1887,12,1885,1886,132],"class_list":{"0":"post-296768","1":"post","2":"type-post","3":"status-publish","4":"format-standard","5":"has-post-thumbnail","7":"category-russie","8":"tag-actualites","9":"tag-federation-de-russie","10":"tag-news","11":"tag-russia","12":"tag-russian-federation","13":"tag-russie"},"share_on_mastodon":{"url":"https:\/\/pubeurope.com\/@fr\/114972992792255648","error":""},"_links":{"self":[{"href":"https:\/\/www.europesays.com\/fr\/wp-json\/wp\/v2\/posts\/296768","targetHints":{"allow":["GET"]}}],"collection":[{"href":"https:\/\/www.europesays.com\/fr\/wp-json\/wp\/v2\/posts"}],"about":[{"href":"https:\/\/www.europesays.com\/fr\/wp-json\/wp\/v2\/types\/post"}],"author":[{"embeddable":true,"href":"https:\/\/www.europesays.com\/fr\/wp-json\/wp\/v2\/users\/2"}],"replies":[{"embeddable":true,"href":"https:\/\/www.europesays.com\/fr\/wp-json\/wp\/v2\/comments?post=296768"}],"version-history":[{"count":0,"href":"https:\/\/www.europesays.com\/fr\/wp-json\/wp\/v2\/posts\/296768\/revisions"}],"wp:featuredmedia":[{"embeddable":true,"href":"https:\/\/www.europesays.com\/fr\/wp-json\/wp\/v2\/media\/296769"}],"wp:attachment":[{"href":"https:\/\/www.europesays.com\/fr\/wp-json\/wp\/v2\/media?parent=296768"}],"wp:term":[{"taxonomy":"category","embeddable":true,"href":"https:\/\/www.europesays.com\/fr\/wp-json\/wp\/v2\/categories?post=296768"},{"taxonomy":"post_tag","embeddable":true,"href":"https:\/\/www.europesays.com\/fr\/wp-json\/wp\/v2\/tags?post=296768"}],"curies":[{"name":"wp","href":"https:\/\/api.w.org\/{rel}","templated":true}]}}