{"id":296774,"date":"2025-08-04T23:05:13","date_gmt":"2025-08-04T23:05:13","guid":{"rendered":"https:\/\/www.europesays.com\/fr\/296774\/"},"modified":"2025-08-04T23:05:13","modified_gmt":"2025-08-04T23:05:13","slug":"royaume-uni-nombreuses-perturbations-en-ecosse-touchee-par-la-tempete-floris","status":"publish","type":"post","link":"https:\/\/www.europesays.com\/fr\/296774\/","title":{"rendered":"Royaume-Uni: Nombreuses perturbations en Ecosse, touch\u00e9e par la temp\u00eate Floris"},"content":{"rendered":"<p>  <img decoding=\"async\" class=\"m-image-and-caption__image lazyload\" src=\"https:\/\/www.europesays.com\/fr\/wp-content\/uploads\/2025\/08\/67b434e6-c698-4fe5-b8a5-100b2d7056b7.jpeg\"  data- alt=\"De nombreuses perturbations ont \u00e9t\u00e9 enregistr\u00e9es, en particulier sur le r\u00e9seau de chemins de fer, notamment \u00e0 Londres.\"\/><\/p>\n<p>      De nombreuses perturbations ont \u00e9t\u00e9 enregistr\u00e9es, en particulier sur le r\u00e9seau de chemins de fer, notamment \u00e0 Londres.<\/p>\n<p>        ATS\n      <\/p>\n<p class=\"a-paragraph a-paragraph--lead\" data-t-name=\"Paragraph\">Trains perturb\u00e9s, routes coup\u00e9es, \u00e9v\u00e9nements annul\u00e9s: la temp\u00eate Floris frappe l&rsquo;Ecosse et le nord de l&rsquo;Angleterre lundi, avec une force \u00abinhabituelle\u00bb pour un mois d&rsquo;ao\u00fbt, selon l&rsquo;office national de m\u00e9t\u00e9orologie.<\/p>\n<p class=\"a-paragraph\" data-t-name=\"Paragraph\">Le Met Office a plac\u00e9 la quasi-totalit\u00e9 de l&rsquo;Ecosse, une destination particuli\u00e8rement touristique en \u00e9t\u00e9, au niveau d&rsquo;alerte \u00abambre\u00bb, le 2e sur 3.<\/p>\n<p class=\"a-paragraph\" data-t-name=\"Paragraph\">\u00abLa temp\u00eate Floris est une temp\u00eate inhabituellement forte pour cette \u00e9poque de l&rsquo;ann\u00e9e\u00bb, a soulign\u00e9 le Met Office dans un communiqu\u00e9, ajoutant que c&rsquo;est seulement la deuxi\u00e8me fois depuis 2011 qu&rsquo;il \u00e9met une alerte aux vents violents de ce niveau en ao\u00fbt.<\/p>\n<p class=\"a-paragraph\" data-t-name=\"Paragraph\">Dans la soir\u00e9e, le vent a ainsi atteint 132 km\/h \u00e0 Wick dans l&rsquo;extr\u00eame nord de l&rsquo;Ecosse, devenant le nouveau record pour un mois d&rsquo;ao\u00fbt dans cette nation britannique, a indiqu\u00e9 le Met Office sur le r\u00e9seau social X.<\/p>\n<p class=\"a-paragraph\" data-t-name=\"Paragraph\">De nombreuses perturbations ont \u00e9t\u00e9 enregistr\u00e9es, en particulier sur le r\u00e9seau de chemins de fer, o\u00f9 des liaisons ont \u00e9t\u00e9 annul\u00e9es, selon l&rsquo;op\u00e9rateur Network Rail Scotland. La chute d&rsquo;un arbre a caus\u00e9 un incendie sur les rails pr\u00e8s de Glasgow.<\/p>\n<p class=\"a-paragraph\" data-t-name=\"Paragraph\">Des vols ont \u00e9galement \u00e9t\u00e9 annul\u00e9s dans certains a\u00e9roports, en particulier celui d&rsquo;Aberdeen (nord-est).<\/p>\n<p>Coupures d&rsquo;\u00e9lectricit\u00e9<\/p>\n<p class=\"a-paragraph\" data-t-name=\"Paragraph\">Environ 22&rsquo;500 foyers \u00e9taient sans \u00e9lectricit\u00e9 dans l&rsquo;apr\u00e8s-midi, selon l&rsquo;op\u00e9rateur du r\u00e9seau Scottish and Southern Electricity Networks (SSEN).<\/p>\n<p class=\"a-paragraph\" data-t-name=\"Paragraph\">\u00abEn plein \u00e9t\u00e9, nous d\u00e9ployons une op\u00e9ration comparable en taille \u00e0 celles que nous mobilisons lorsqu&rsquo;une temp\u00eate frappe au coeur de l&rsquo;hiver\u00bb, a soulign\u00e9 Andy Smith, responsable des op\u00e9rations de SSEN.<\/p>\n<p class=\"a-paragraph\" data-t-name=\"Paragraph\">A Edimbourg, le c\u00e9l\u00e8bre festival d&rsquo;arts de la sc\u00e8ne Fringe, qui accueille plus de 2 millions de personnes par an, a d\u00fb annuler une centaine de repr\u00e9sentations \u00e0 cause de la temp\u00eate, a indiqu\u00e9 \u00e0 Sky News son directeur Tony Lankester.<\/p>\n<p class=\"a-paragraph\" data-t-name=\"Paragraph\">Le zoo de cette ville restera ferm\u00e9 pour la journ\u00e9e. Le domaine de Balmoral, r\u00e9sidence estivale du roi britannique Charles III situ\u00e9e dans le nord de l&rsquo;Ecosse, a \u00e9galement ferm\u00e9 ses portes lundi aux visiteurs.<\/p>\n<p class=\"a-paragraph\" data-t-name=\"Paragraph\">Sur l&rsquo;\u00eele de Skye, tr\u00e8s touristique, des camping-cars ont \u00e9t\u00e9 emport\u00e9s sous l&rsquo;effet des fortes rafales, a rapport\u00e9 la police locale, qui recommande aux vacanciers de se mettre \u00e0 l&rsquo;abri.<\/p>\n<p class=\"a-paragraph\" data-t-name=\"Paragraph\">Le Met Office a pr\u00e9venu que des pr\u00e9cipitations intenses pourraient s&rsquo;ajouter aux vents violents.<\/p>\n<p class=\"a-paragraph\" data-t-name=\"Paragraph\">La temp\u00eate a \u00e9galement touch\u00e9 l&rsquo;Irlande du Nord, o\u00f9 environ 2700 foyers \u00e9taient priv\u00e9s d&rsquo;\u00e9lectricit\u00e9 en fin de journ\u00e9e, selon l&rsquo;op\u00e9rateur du r\u00e9seau ESB Networks.<\/p>\n<p class=\"a-paragraph\" data-t-name=\"Paragraph\">La temp\u00eate Floris est la sixi\u00e8me \u00e0 frapper le Royaume-Uni depuis septembre dernier, qui marque le d\u00e9but du calendrier pour le d\u00e9compte de ce type d&rsquo;\u00e9v\u00e9nement climatique, dont la force est amplifi\u00e9e par le changement climatique.<\/p>\n","protected":false},"excerpt":{"rendered":"De nombreuses perturbations ont \u00e9t\u00e9 enregistr\u00e9es, en particulier sur le r\u00e9seau de chemins de fer, notamment \u00e0 Londres.&hellip;\n","protected":false},"author":2,"featured_media":296775,"comment_status":"","ping_status":"","sticky":false,"template":"","format":"standard","meta":{"footnotes":""},"categories":[1588],"tags":[11,1777,674,12,473,1853,1851,1850,1852],"class_list":{"0":"post-296774","1":"post","2":"type-post","3":"status-publish","4":"format-standard","5":"has-post-thumbnail","7":"category-royaume-uni","8":"tag-actualites","9":"tag-eu","10":"tag-europe","11":"tag-news","12":"tag-royaume-uni","13":"tag-royaume-uni-de-grande-bretagne-et-dirlande-du-nord","14":"tag-uk","15":"tag-united-kingdom","16":"tag-united-kingdom-of-great-britain-and-northern-ireland"},"share_on_mastodon":{"url":"https:\/\/pubeurope.com\/@fr\/114973004743693219","error":""},"_links":{"self":[{"href":"https:\/\/www.europesays.com\/fr\/wp-json\/wp\/v2\/posts\/296774","targetHints":{"allow":["GET"]}}],"collection":[{"href":"https:\/\/www.europesays.com\/fr\/wp-json\/wp\/v2\/posts"}],"about":[{"href":"https:\/\/www.europesays.com\/fr\/wp-json\/wp\/v2\/types\/post"}],"author":[{"embeddable":true,"href":"https:\/\/www.europesays.com\/fr\/wp-json\/wp\/v2\/users\/2"}],"replies":[{"embeddable":true,"href":"https:\/\/www.europesays.com\/fr\/wp-json\/wp\/v2\/comments?post=296774"}],"version-history":[{"count":0,"href":"https:\/\/www.europesays.com\/fr\/wp-json\/wp\/v2\/posts\/296774\/revisions"}],"wp:featuredmedia":[{"embeddable":true,"href":"https:\/\/www.europesays.com\/fr\/wp-json\/wp\/v2\/media\/296775"}],"wp:attachment":[{"href":"https:\/\/www.europesays.com\/fr\/wp-json\/wp\/v2\/media?parent=296774"}],"wp:term":[{"taxonomy":"category","embeddable":true,"href":"https:\/\/www.europesays.com\/fr\/wp-json\/wp\/v2\/categories?post=296774"},{"taxonomy":"post_tag","embeddable":true,"href":"https:\/\/www.europesays.com\/fr\/wp-json\/wp\/v2\/tags?post=296774"}],"curies":[{"name":"wp","href":"https:\/\/api.w.org\/{rel}","templated":true}]}}