{"id":296787,"date":"2025-08-04T23:14:08","date_gmt":"2025-08-04T23:14:08","guid":{"rendered":"https:\/\/www.europesays.com\/fr\/296787\/"},"modified":"2025-08-04T23:14:08","modified_gmt":"2025-08-04T23:14:08","slug":"cela-permettra-de-traiter-tous-les-cas-clivants-comment-va-fonctionner-la-nouvelle-regle-du-carton-orange-en-top-14-et-en-pro-d2-lequipe","status":"publish","type":"post","link":"https:\/\/www.europesays.com\/fr\/296787\/","title":{"rendered":"\u00ab Cela permettra de traiter tous les cas clivants \u00bb : comment va fonctionner la nouvelle r\u00e8gle du carton orange en Top 14 et en Pro D2 ? &#8211; L&#039;\u00c9quipe"},"content":{"rendered":"<ol>\n<li><a href=\"https:\/\/news.google.com\/rss\/articles\/CBMihAJBVV95cUxQbnZxNFo3djNIaGRIUG5xbFMwQkVNSF9rU2EtNG1Tc1VfbzQ3akVtbnlvLTNnZHBXSjVBTFllcEZLY0tJaHotdjI5M2t2MXdtVHZHSVpZdVlJalRpelhEUVZqOWtnU25DRmpxQXhiMnZTMndrY0IzUm03Z1paeWxmWm1ab2ZObVlKbjFnUlBPWVJWUHg2NWJPV0E4ZVFDSDZyaVpscmhNTkFQNjVkRVNCWGNWU1pTTHNMS3BPT1BlTGw3XzNJX01nTTFCcWhiYmxtaHVzb0lNX2QzLVk3MEI0WTZmcGhicWZpdmwteHItaVNqRmg2b29VZEp1WV9jU1ZZeEJuZg?oc=5\" target=\"_blank\" rel=\"nofollow noopener\">\u00ab Cela permettra de traiter tous les cas clivants \u00bb : comment va fonctionner la nouvelle r\u00e8gle du carton orange en Top 14 et en Pro D2 ?<\/a>&nbsp;&nbsp;L&rsquo;\u00c9quipe<\/li>\n<li><a href=\"https:\/\/news.google.com\/rss\/articles\/CBMitgFBVV95cUxQY3pYS3M2dWd1MFYwV0ozVVphVW04V2NoaERoMVF1LVpXdXlydmZBYTF6X2VXVVVOeVlSTHI5VGtyOXFvTmlqWlhjc2JTeGdUWVNYYTFUOWYzdUxzeDNMYV9abW1FSnpYbkIwN19VYlljM3ZoeG5tUUlqNjVnbGRxTzFoLVgwYTF2S1dQbjZmSi1jdmRrQTNHSkJvOWt4NDFzd1pCMG0yckRiV1cwUHo1VlhRSXk1Zw?oc=5\" target=\"_blank\" rel=\"nofollow noopener\">Les sp\u00e9cificit\u00e9s de l\u2019utilisation du carton rouge de 20 minutes en Top 14<\/a>&nbsp;&nbsp;Rugby Scapulaire<\/li>\n<li><a href=\"https:\/\/news.google.com\/rss\/articles\/CBMi3wFBVV95cUxQaU45RzQ2QXJNa3FVc0RFQkFqZTFQMGhQaERwTWFCeEVmc2tEa1RtUnExQ2d4RU9NY1Bud24wTHg5SjdGdHJONXBYLVEycmV3X0Zzd0p3Mi1DQ1Rjd0xlN1I4YWp0MW42QTlKampoOFJyT3dMT2t3QW5ycFlCYmtGa0l1MmUySXJNdVlwbkJVWmdPZW1WTFBZLVNCOWt3OVNyZzhUdlNCZWdLSkNfYVVqZUtPSVEwa1BlUmExTFpORkVCU3FHcEIwZjZCQXJUYmMtQnF2cV9fb1B0d2RKOWRB?oc=5\" target=\"_blank\" rel=\"nofollow noopener\">Top 14 &#8211; Le chantier du carton orange s\u2019ouvre dans le rugby fran\u00e7ais pour mieux prot\u00e9ger les joueurs<\/a>&nbsp;&nbsp;Rugbyrama<\/li>\n<li><a href=\"https:\/\/news.google.com\/rss\/articles\/CBMi6wFBVV95cUxNLWNHQXh2V2o5dUtiNGJ6Umk4ZkJ3YjRCRTRJWWFCUVVqbHFxLTUxYzBzNGhSaDVTNDdxMXdPUTF3OWJaOHNIRHlKajZxanRQYmoxOWlWZFo5Q0Vsbk56aEpLZmZELXJKanpYRFFGdmFGeGFqbldqRHE4Z3A5bjlnUjdtV3ZyMXVlbHh6TGNBY21NWW5MbFF6RDhiY2xMOC16Tm5DMmVBV1htMUozd05adDhTMk80dlZmRFpISEQ0OHRRZGNYMEJDVnF0ZXRHOWlFWVoxNm1sTkhsOVE5NDhHcmZWV3JvWElSc3dv?oc=5\" target=\"_blank\" rel=\"nofollow noopener\">A la demande de la France, World Rugby apporte des pr\u00e9cisions sur une r\u00e8gle particuli\u00e8re du hors-jeu<\/a>&nbsp;&nbsp;Actu.fr<\/li>\n<li><a href=\"https:\/\/news.google.com\/rss\/articles\/CBMitwFBVV95cUxNSENrWVFoM0ZlTmxWT2VmanBwME9YZDBDdVc0Q0NwLWF5WGJEQ0dGOU92cFpmZkljVVJ0WVpheE1YSjA0anc1OEJyeW9IemNlTHNKWnNXZDBKd0NpTTAwd1RvZ2Y0bl81T2tnRWdHOE14YldKdFB4MXhHbmRFVG1zU01uRzVGMTZwQkI5aXJMTHJyVGNja2V3cHFTUGZCYnVjZWZ5TXRpNUNxaDlNbFFWTm9melhDNUE?oc=5\" target=\"_blank\" rel=\"nofollow noopener\">La FFR et les arbitres du Top 14 ne vont pas suivre les r\u00e8gles de World Rugby ! Explications.<\/a>&nbsp;&nbsp;Blog RCT<\/li>\n<\/ol>\n","protected":false},"excerpt":{"rendered":"\u00ab Cela permettra de traiter tous les cas clivants \u00bb : comment va fonctionner la nouvelle r\u00e8gle du&hellip;\n","protected":false},"author":2,"featured_media":296788,"comment_status":"","ping_status":"","sticky":false,"template":"","format":"standard","meta":{"footnotes":""},"categories":[1416],"tags":[1011,27,479,1468,60],"class_list":{"0":"post-296787","1":"post","2":"type-post","3":"status-publish","4":"format-standard","5":"has-post-thumbnail","7":"category-rugby","8":"tag-fr","9":"tag-france","10":"tag-rugby","11":"tag-rugby-football","12":"tag-sports"},"share_on_mastodon":{"url":"https:\/\/pubeurope.com\/@fr\/114973039933928968","error":""},"_links":{"self":[{"href":"https:\/\/www.europesays.com\/fr\/wp-json\/wp\/v2\/posts\/296787","targetHints":{"allow":["GET"]}}],"collection":[{"href":"https:\/\/www.europesays.com\/fr\/wp-json\/wp\/v2\/posts"}],"about":[{"href":"https:\/\/www.europesays.com\/fr\/wp-json\/wp\/v2\/types\/post"}],"author":[{"embeddable":true,"href":"https:\/\/www.europesays.com\/fr\/wp-json\/wp\/v2\/users\/2"}],"replies":[{"embeddable":true,"href":"https:\/\/www.europesays.com\/fr\/wp-json\/wp\/v2\/comments?post=296787"}],"version-history":[{"count":0,"href":"https:\/\/www.europesays.com\/fr\/wp-json\/wp\/v2\/posts\/296787\/revisions"}],"wp:featuredmedia":[{"embeddable":true,"href":"https:\/\/www.europesays.com\/fr\/wp-json\/wp\/v2\/media\/296788"}],"wp:attachment":[{"href":"https:\/\/www.europesays.com\/fr\/wp-json\/wp\/v2\/media?parent=296787"}],"wp:term":[{"taxonomy":"category","embeddable":true,"href":"https:\/\/www.europesays.com\/fr\/wp-json\/wp\/v2\/categories?post=296787"},{"taxonomy":"post_tag","embeddable":true,"href":"https:\/\/www.europesays.com\/fr\/wp-json\/wp\/v2\/tags?post=296787"}],"curies":[{"name":"wp","href":"https:\/\/api.w.org\/{rel}","templated":true}]}}