{"id":296795,"date":"2025-08-04T23:20:13","date_gmt":"2025-08-04T23:20:13","guid":{"rendered":"https:\/\/www.europesays.com\/fr\/296795\/"},"modified":"2025-08-04T23:20:13","modified_gmt":"2025-08-04T23:20:13","slug":"le-talk-les-girondins-montrent-leur-potentiel-mercato-faut-il-signer-vital-nsimba","status":"publish","type":"post","link":"https:\/\/www.europesays.com\/fr\/296795\/","title":{"rendered":"Le Talk : les Girondins montrent leur potentiel, mercato, faut-il signer Vital Nsimba ?"},"content":{"rendered":"<p><img decoding=\"async\" src=\"https:\/\/www.europesays.com\/fr\/wp-content\/uploads\/2025\/08\/671_e3bb9dce4302ebe86647fc4a27f80639.jpg\" alt=\"Le Talk : les Girondins montrent leur potentiel, mercato, faut-il signer Vital Nsimba ?\" class=\"img-responsive mt-3\"\/><\/p>\n<p class=\"text-center mb-3\" style=\"font-size: 14px\">\u00a9 Iconsport<\/p>\n<p style=\"text-align: justify;\">Cette \u00e9mission est plac\u00e9e sous le signe du d\u00e9bat, de l&rsquo;information et de l&rsquo;analyse.<\/p>\n<p>Ce navigateur ne supporte pas les iframes<\/p>\n<p class=\"p1\" style=\"text-align: justify;\">Ils sont pr\u00e9sents : les supporters et chroniqueurs Jonathan d&rsquo;Agostino, et Djino Fort\u00e9 avec Nicolas Pietrelli \u00e0 la pr\u00e9sentation et Conan pour le chat.<\/p>\n<p>\u00c9mission r\u00e9alis\u00e9e avec le <a href=\"https:\/\/fr.tipeee.com\/webgirondins\" target=\"_blank\" rel=\"noopener\">soutien des socios<\/a>.<\/p>\n<p class=\"p1\" style=\"text-align: justify;\">Le gros programme :<\/p>\n<p class=\"p1\" style=\"text-align: justify;\"><img decoding=\"async\" src=\"https:\/\/www.europesays.com\/fr\/wp-content\/uploads\/2025\/08\/INFOGRAPHIES E\u0301MISSIONS (23).jpg\" alt=\"INFOGRAPHIES E\u0301MISSIONS (23).jpg (136 KB)\" style=\"width:700px;max-width:100%;\"\/><\/p>\n<p class=\"p1\" style=\"text-align: justify;\">&gt;&gt; <a href=\"https:\/\/www.youtube.com\/watch?v=7pxfuJgVgrk\" target=\"_blank\" rel=\"noopener\">\u00c9mission diffus\u00e9e sur la cha\u00eene YouTube de WebGirondins <\/a><\/p>\n","protected":false},"excerpt":{"rendered":"\u00a9 Iconsport Cette \u00e9mission est plac\u00e9e sous le signe du d\u00e9bat, de l&rsquo;information et de l&rsquo;analyse. Ce navigateur&hellip;\n","protected":false},"author":2,"featured_media":296796,"comment_status":"","ping_status":"","sticky":false,"template":"","format":"standard","meta":{"footnotes":""},"categories":[1410],"tags":[3233,3235,2263,3947,8290,63,1011,27,1987,5239,7285,3289,9865,1434,43724,3946,39232,3948,13131,9834,3975,60,5237,5234,39231,5238],"class_list":{"0":"post-296795","1":"post","2":"type-post","3":"status-publish","4":"format-standard","5":"has-post-thumbnail","7":"category-football","8":"tag-championnat","9":"tag-effectif","10":"tag-equipe","11":"tag-faisons","12":"tag-faut","13":"tag-football","14":"tag-fr","15":"tag-france","16":"tag-girondins","17":"tag-gros","18":"tag-jours","19":"tag-leur","20":"tag-lundi","21":"tag-mercato","22":"tag-montrent","23":"tag-nous","24":"tag-nsimba","25":"tag-point","26":"tag-potentiel","27":"tag-reprise","28":"tag-signer","29":"tag-sports","30":"tag-suivez","31":"tag-talk","32":"tag-vital","33":"tag-webgirondins"},"share_on_mastodon":{"url":"https:\/\/pubeurope.com\/@fr\/114973063538714259","error":""},"_links":{"self":[{"href":"https:\/\/www.europesays.com\/fr\/wp-json\/wp\/v2\/posts\/296795","targetHints":{"allow":["GET"]}}],"collection":[{"href":"https:\/\/www.europesays.com\/fr\/wp-json\/wp\/v2\/posts"}],"about":[{"href":"https:\/\/www.europesays.com\/fr\/wp-json\/wp\/v2\/types\/post"}],"author":[{"embeddable":true,"href":"https:\/\/www.europesays.com\/fr\/wp-json\/wp\/v2\/users\/2"}],"replies":[{"embeddable":true,"href":"https:\/\/www.europesays.com\/fr\/wp-json\/wp\/v2\/comments?post=296795"}],"version-history":[{"count":0,"href":"https:\/\/www.europesays.com\/fr\/wp-json\/wp\/v2\/posts\/296795\/revisions"}],"wp:featuredmedia":[{"embeddable":true,"href":"https:\/\/www.europesays.com\/fr\/wp-json\/wp\/v2\/media\/296796"}],"wp:attachment":[{"href":"https:\/\/www.europesays.com\/fr\/wp-json\/wp\/v2\/media?parent=296795"}],"wp:term":[{"taxonomy":"category","embeddable":true,"href":"https:\/\/www.europesays.com\/fr\/wp-json\/wp\/v2\/categories?post=296795"},{"taxonomy":"post_tag","embeddable":true,"href":"https:\/\/www.europesays.com\/fr\/wp-json\/wp\/v2\/tags?post=296795"}],"curies":[{"name":"wp","href":"https:\/\/api.w.org\/{rel}","templated":true}]}}