{"id":296801,"date":"2025-08-04T23:23:11","date_gmt":"2025-08-04T23:23:11","guid":{"rendered":"https:\/\/www.europesays.com\/fr\/296801\/"},"modified":"2025-08-04T23:23:11","modified_gmt":"2025-08-04T23:23:11","slug":"la-fouillade-clap-de-fin-sur-le-festival-des-livres-2025","status":"publish","type":"post","link":"https:\/\/www.europesays.com\/fr\/296801\/","title":{"rendered":"La Fouillade. Clap de fin sur le Festival des livres 2025"},"content":{"rendered":"<p>Vendredi 1er ao\u00fbt, dans une atmosph\u00e8re douce et ensoleill\u00e9e, la derni\u00e8re sc\u00e8ne du dernier acte s\u2019est jou\u00e9e sous le signe des mots justes et des r\u00e9ponses exactes. Le Festival des livres 2025 a baiss\u00e9 le rideau avec panache, en remettant les prix tant convoit\u00e9s du grand Quiz organis\u00e9 en partenariat avec \u00ab\u00a0Le Villefranchois\u00a0\u00bb, hebdomadaire du groupe La D\u00e9p\u00eache, le conseil d\u00e9partemental, les \u00e9ditions Toute Latitude et le VVF de Najac. Une ultime salve de sourires pour clore cette \u00e9dition haute en lectures et en \u00e9motions.<\/p>\n<p>Parmi la pile de bulletins re\u00e7us, venus de tous les coins du d\u00e9partement et au-del\u00e0, onze seulement ont atteint le sans-faute. De ces orf\u00e8vres de la bonne r\u00e9ponse, trois ont \u00e9t\u00e9 distingu\u00e9s sous les applaudissements nourris des b\u00e9n\u00e9voles, infatigables chevilles ouvri\u00e8res de l\u2019\u00e9v\u00e9nement, qui n\u2019ont pas m\u00e9nag\u00e9 leurs \u00e9lans de joie ni leurs verres de l\u2019amiti\u00e9. Il s\u2019agissait de Dominique Salesses (2e prix du Quiz), Bernard Fourni\u00e9 (1er\u02b3 prix) et Nicole Clapi\u00e9 (3e prix). Une c\u00e9r\u00e9monie simple, presque modeste, mais charg\u00e9e de cette chaleur humaine propre aux f\u00eates de village et aux passions partag\u00e9es. On s\u2019est congratul\u00e9, on a trinqu\u00e9, et l\u2019on s\u2019est promis de recommencer. Le Festival s\u2019\u00e9clipse, certes, mais les mots, eux, restent. Dans les m\u00e9moires, dans les livres, dans les c\u0153urs.<\/p>\n","protected":false},"excerpt":{"rendered":"Vendredi 1er ao\u00fbt, dans une atmosph\u00e8re douce et ensoleill\u00e9e, la derni\u00e8re sc\u00e8ne du dernier acte s\u2019est jou\u00e9e sous&hellip;\n","protected":false},"author":2,"featured_media":296802,"comment_status":"","ping_status":"","sticky":false,"template":"","format":"standard","meta":{"footnotes":""},"categories":[1357],"tags":[1379,58,59,1011,27,1380],"class_list":{"0":"post-296801","1":"post","2":"type-post","3":"status-publish","4":"format-standard","5":"has-post-thumbnail","7":"category-livres","8":"tag-books","9":"tag-divertissement","10":"tag-entertainment","11":"tag-fr","12":"tag-france","13":"tag-livres"},"share_on_mastodon":{"url":"https:\/\/pubeurope.com\/@fr\/114973075279293271","error":""},"_links":{"self":[{"href":"https:\/\/www.europesays.com\/fr\/wp-json\/wp\/v2\/posts\/296801","targetHints":{"allow":["GET"]}}],"collection":[{"href":"https:\/\/www.europesays.com\/fr\/wp-json\/wp\/v2\/posts"}],"about":[{"href":"https:\/\/www.europesays.com\/fr\/wp-json\/wp\/v2\/types\/post"}],"author":[{"embeddable":true,"href":"https:\/\/www.europesays.com\/fr\/wp-json\/wp\/v2\/users\/2"}],"replies":[{"embeddable":true,"href":"https:\/\/www.europesays.com\/fr\/wp-json\/wp\/v2\/comments?post=296801"}],"version-history":[{"count":0,"href":"https:\/\/www.europesays.com\/fr\/wp-json\/wp\/v2\/posts\/296801\/revisions"}],"wp:featuredmedia":[{"embeddable":true,"href":"https:\/\/www.europesays.com\/fr\/wp-json\/wp\/v2\/media\/296802"}],"wp:attachment":[{"href":"https:\/\/www.europesays.com\/fr\/wp-json\/wp\/v2\/media?parent=296801"}],"wp:term":[{"taxonomy":"category","embeddable":true,"href":"https:\/\/www.europesays.com\/fr\/wp-json\/wp\/v2\/categories?post=296801"},{"taxonomy":"post_tag","embeddable":true,"href":"https:\/\/www.europesays.com\/fr\/wp-json\/wp\/v2\/tags?post=296801"}],"curies":[{"name":"wp","href":"https:\/\/api.w.org\/{rel}","templated":true}]}}