{"id":296803,"date":"2025-08-04T23:24:21","date_gmt":"2025-08-04T23:24:21","guid":{"rendered":"https:\/\/www.europesays.com\/fr\/296803\/"},"modified":"2025-08-04T23:24:21","modified_gmt":"2025-08-04T23:24:21","slug":"la-fin-de-la-saison-1-de-la-serie-numero-1-de-netflix-expliquee","status":"publish","type":"post","link":"https:\/\/www.europesays.com\/fr\/296803\/","title":{"rendered":"La fin de la saison 1 de la s\u00e9rie num\u00e9ro 1 de Netflix expliqu\u00e9e"},"content":{"rendered":"<p>Alors qu\u2019Ivan et Helena pensaient enfin tourner la page apr\u00e8s avoir \u00e9chapp\u00e9 \u00e0 de nombreuses menaces, la fin de la saison 1 de P\u00e9ch\u00e9s inavouables, la s\u00e9rie num\u00e9ro 1 du moment sur Netflix, r\u00e9v\u00e8le qu\u2019un danger plus sournois les guette encore. Attention aux spoilers, si vous n&rsquo;avez pas vu l&rsquo;int\u00e9gralit\u00e9 des \u00e9pisodes. <\/p>\n<p>La fin de <a href=\"https:\/\/www.programme-tv.net\/news\/series-tv\/384300-peches-inavouables-netflix-ne-cherchez-pas-plus-loin-c-est-la-serie-a-voir-sans-faute-cette-semaine\/\" data-api-deeplink=\"teleloisirs:\/\/news\/384300\" target=\"_blank\" rel=\"noopener\">la saison 1 de P\u00e9ch\u00e9s inavouables<\/a>, la <a href=\"https:\/\/www.programme-tv.net\/news\/series-tv\/384579-rien-na-de-sens-cette-serie-netflix-est-numero-1-du-top-et-personne-ne-comprend-pourquoi\/\" data-api-deeplink=\"teleloisirs:\/\/news\/384579\" target=\"_blank\" rel=\"noopener\">s\u00e9rie num\u00e9ro 1 du moment sur Netflix<\/a><a href=\"https:\/\/www.programme-tv.net\/news\/series-tv\/384442-peches-inavouables-j-avoue-tout-je-suis-deja-accro-a-la-nouvelle-serie-de-netflix\/\" data-api-deeplink=\"teleloisirs:\/\/news\/384442\" target=\"_blank\" rel=\"noopener\"> <\/a>a \u00e9t\u00e9 marqu\u00e9e par un v\u00e9ritable choc : Claudio a \u00e9t\u00e9 assassin\u00e9 chez lui, la gorge tranch\u00e9e. Rapidement, la police s\u2019est retrouv\u00e9e face \u00e0 une multitude de suspects, tant l\u2019homme d&rsquo;affaires comptait d\u2019ennemis. Mais contre toute attente, le coupable n\u2019\u00e9tait ni Octavio, son fils, ni Fedra, la m\u00e8re de son jeune amant qui s&rsquo;est suicid\u00e9 : c\u2019est bien Helena qui l\u2019a tu\u00e9. Claudio la faisait chanter avec une vid\u00e9o compromettante o\u00f9 Fernando, son fils, \u00e9tait impliqu\u00e9 dans un accident mortel de sa premi\u00e8re femme. Il exigeait qu\u2019Helena quitte Ivan, son amant, et vienne vivre avec lui. D\u00e9sempar\u00e9e, mais d\u00e9termin\u00e9e \u00e0 prot\u00e9ger Fer, Helena a commis l\u2019irr\u00e9parable. Ivan l\u2019a soutenue en l\u2019aidant \u00e0 dissimuler l\u2019arme du crime.<\/p>\n<p>                        P\u00e9ch\u00e9s inavouables : que se passe-t-il \u00e0 la fin de la s\u00e9rie de Netflix pour Helena et Ivan ?<\/p>\n<p>Pendant ce temps, Octavio \u00e9tait menac\u00e9 par les anciens alli\u00e9s de Magic, tu\u00e9 par Claudio. L\u2019un d\u2019eux, surnomm\u00e9 \u00ab\u00a0l\u2019Avocat\u00a0\u00bb, a tent\u00e9 de l\u2019assassiner. Octavio, aid\u00e9 par Livia, l\u2019a abattu dans un geste de l\u00e9gitime d\u00e9fense. Convaincu qu\u2019il s\u2019agissait du meurtrier de son p\u00e8re, et faute de preuves contraires, la police a class\u00e9 l\u2019affaire. De leur c\u00f4t\u00e9, Ivan et Helena ont laiss\u00e9 les choses suivre leur cours sans s\u2019impliquer davantage. Une fois la situation plus stable, Helena est all\u00e9e voir Fedra en prison, lui r\u00e9v\u00e9lant qu\u2019elle avait veng\u00e9 son fils et fait souffrir Claudio avant sa mort. Fedra, apais\u00e9e mais pas satisfaite, a fait transf\u00e9rer Arcadia dans sa cellule pour lui faire payer la mort de sa fille.<\/p>\n<p>            P\u00e9ch\u00e9s inavouables (Netflix) : Helena et Ivan espionn\u00e9s, l&rsquo;ultime rebondissement qui ouvre sur une saison 2<\/p>\n<p>De leur c\u00f4t\u00e9, Ivan et Helena, pensant pouvoir enfin tourner la page, ont d\u00e9cid\u00e9 de d\u00e9marrer une nouvelle vie \u00e0 Los Angeles avec leur fils respectif. Mais un dernier rebondissement a sem\u00e9 le doute : une cam\u00e9ra cach\u00e9e a \u00e9t\u00e9 retrouv\u00e9e dans leur chambre. Quelqu\u2019un les surveille. <a href=\"https:\/\/www.programme-tv.net\/news\/series-tv\/384499-peches-inavouables-netflix-une-saison-2-est-elle-prevue\/\" data-api-deeplink=\"teleloisirs:\/\/news\/384499\" target=\"_blank\" rel=\"noopener\">Si une saison 2 de <b>P\u00e9ch\u00e9s inavouables<\/b> voit le jour, <\/a>elle l\u00e8vera sans doute le voile sur l\u2019identit\u00e9 de cet espion et ses intentions. Une chose est s\u00fbre : la paix retrouv\u00e9e d\u2019Ivan et Helena est plus fragile qu\u2019elle n\u2019y para\u00eet.<\/p>\n","protected":false},"excerpt":{"rendered":"Alors qu\u2019Ivan et Helena pensaient enfin tourner la page apr\u00e8s avoir \u00e9chapp\u00e9 \u00e0 de nombreuses menaces, la fin&hellip;\n","protected":false},"author":2,"featured_media":296804,"comment_status":"","ping_status":"","sticky":false,"template":"","format":"standard","meta":{"footnotes":""},"categories":[1356],"tags":[244,58,59,1011,27,127,43283,1722,1721,129,252,1364],"class_list":{"0":"post-296803","1":"post","2":"type-post","3":"status-publish","4":"format-standard","5":"has-post-thumbnail","7":"category-television","8":"tag-commentaire","9":"tag-divertissement","10":"tag-entertainment","11":"tag-fr","12":"tag-france","13":"tag-netflix","14":"tag-pu00e9chu00e9s-inavouables","15":"tag-pub-streaming-netflix","16":"tag-su00e9rie-netflix","17":"tag-svod","18":"tag-television","19":"tag-tv"},"share_on_mastodon":{"url":"https:\/\/pubeurope.com\/@fr\/114973079282217307","error":""},"_links":{"self":[{"href":"https:\/\/www.europesays.com\/fr\/wp-json\/wp\/v2\/posts\/296803","targetHints":{"allow":["GET"]}}],"collection":[{"href":"https:\/\/www.europesays.com\/fr\/wp-json\/wp\/v2\/posts"}],"about":[{"href":"https:\/\/www.europesays.com\/fr\/wp-json\/wp\/v2\/types\/post"}],"author":[{"embeddable":true,"href":"https:\/\/www.europesays.com\/fr\/wp-json\/wp\/v2\/users\/2"}],"replies":[{"embeddable":true,"href":"https:\/\/www.europesays.com\/fr\/wp-json\/wp\/v2\/comments?post=296803"}],"version-history":[{"count":0,"href":"https:\/\/www.europesays.com\/fr\/wp-json\/wp\/v2\/posts\/296803\/revisions"}],"wp:featuredmedia":[{"embeddable":true,"href":"https:\/\/www.europesays.com\/fr\/wp-json\/wp\/v2\/media\/296804"}],"wp:attachment":[{"href":"https:\/\/www.europesays.com\/fr\/wp-json\/wp\/v2\/media?parent=296803"}],"wp:term":[{"taxonomy":"category","embeddable":true,"href":"https:\/\/www.europesays.com\/fr\/wp-json\/wp\/v2\/categories?post=296803"},{"taxonomy":"post_tag","embeddable":true,"href":"https:\/\/www.europesays.com\/fr\/wp-json\/wp\/v2\/tags?post=296803"}],"curies":[{"name":"wp","href":"https:\/\/api.w.org\/{rel}","templated":true}]}}