{"id":296807,"date":"2025-08-04T23:26:16","date_gmt":"2025-08-04T23:26:16","guid":{"rendered":"https:\/\/www.europesays.com\/fr\/296807\/"},"modified":"2025-08-04T23:26:16","modified_gmt":"2025-08-04T23:26:16","slug":"jai-73-ans-bordel-liam-neeson-ne-sait-pas-sil-participera-a-un-autre-film-daction","status":"publish","type":"post","link":"https:\/\/www.europesays.com\/fr\/296807\/","title":{"rendered":"\u00abJ\u2019ai 73 ans, bordel!\u00bb: Liam Neeson ne sait pas s&rsquo;il participera \u00e0 un autre film d\u2019action"},"content":{"rendered":"<p><strong>\u00abJ\u2019ai 73\u00a0ans, bordel! Je ne veux pas offenser le public s\u2019il regarde des sc\u00e8nes de combat enti\u00e8res et que ce n\u2019est pas moi\u00bb, confie Liam Neeson au magazine <\/strong><strong>Variety<\/strong><strong>, alors qu\u2019il ignore s\u2019il sera capable de participer \u00e0 un autre film d\u2019action.<\/strong><\/p>\n<p>La vedette du nouveau film L\u2019agent fait la farce, qui fait le buzz \u00e0 travers le monde en ce moment avec sa pr\u00e9tendue idylle avec sa partenaire de jeu Pamela Anderson, a \u00e9t\u00e9 pour le moins directe dans une r\u00e9cente entrevue avec le magazine Variety.<\/p>\n<p class=\"toreadalso-fromEMP\"><strong>\u2022 \u00c0 lire aussi: <\/strong><a href=\"https:\/\/www.lesacdechips.com\/2025\/07\/29\/pamela-anderson-et-liam-neeson-formeraient-maintenant-un-couple\" target=\"22c201a1-62cb-438c-9a78-f6012d7a64a2\" rel=\"nofollow noopener\"><strong>Pamela Anderson et Liam Neeson formeraient maintenant un couple<\/strong><\/a><\/p>\n<p class=\"toreadalso-fromEMP\"><strong>\u2022 \u00c0 lire aussi: <\/strong><a href=\"https:\/\/www.lesacdechips.com\/2025\/05\/21\/pamela-anderson-recree-son-look-de-baywatch-apres-des-annees-sans-maquillage\" target=\"8647c488-09c8-46c6-8dda-11c3fade1fa9\" rel=\"nofollow noopener\"><strong>Pamela Anderson recr\u00e9e son look de Baywatch apr\u00e8s des ann\u00e9es sans maquillage<\/strong><\/a><\/p>\n<p>\u00abLe premier Taken date d\u2019il y a 18\u00a0ans, j\u2019avais 54\u00a0ans. J\u2019ai l\u2019impression que c\u2019\u00e9tait il y a une \u00e9ternit\u00e9\u00bb, r\u00e9pond-il lorsqu\u2019on lui demande s\u2019il compte participer \u00e0 d\u2019autres films d\u2019action dans sa carri\u00e8re.<\/p>\n<p>\u00abOn m\u2019en propose encore de temps en temps. Jusqu\u2019\u00e0 r\u00e9cemment, j\u2019aimais faire mes propres sc\u00e8nes de combat. Mais je ne veux pas faire \u00e7a avec un d\u00e9ambulateur ou une canne. Bien s\u00fbr, il y en aura peut-\u00eatre un autre&#8230; mais rien de concret \u00e0 l\u2019horizon\u00bb, explique celui qui a tenu la vedette de 106\u00a0films \u00e0 ce jour.<\/p>\n<p>\t<a data-fancybox=\"photo\" data-type=\"image\" href=\"https:\/\/www.europesays.com\/fr\/wp-content\/uploads\/2025\/08\/cf8123c0-6c17-11f0-91ff-11c9104e12e5_ORIGINAL.jpg\"><\/p>\n<p>            <img decoding=\"async\" class=\"lazyload\" src=\"https:\/\/www.europesays.com\/fr\/wp-content\/uploads\/2025\/08\/cf8123c0-6c17-11f0-91ff-11c9104e12e5_ORIGINAL.jpg\" alt=\"\"\/><\/p>\n<p>\t<\/a><\/p>\n<p class=\"photo-credit\">AFP<\/p>\n<p>  <strong>Non aux imitations<\/strong><\/p>\n<p>\u00abJe n\u2019aurais pas accept\u00e9 ce genre de remarques\u00bb, affirme Liam Neeson, lorsqu\u2019on lui demande s\u2019il avait comme objectif d\u2019imiter les expressions faciales l\u00e9gendaires de l\u2019acteur des films originaux, le regrett\u00e9 Leslie Nielsen.<\/p>\n<p>\u00abJ\u2019ai fait plus de 100\u00a0films, je n\u2019ai pas besoin de me faire dire comment jouer. Et si les producteurs m\u2019avaient dit de me d\u00e9colorer les cheveux pour le r\u00f4le, je ne l\u2019aurais jamais fait\u00bb, poursuit l\u2019acteur, qui participe ici \u00e0 sa premi\u00e8re com\u00e9die.<\/p>\n<p class=\"toreadalso-fromEMP\"><strong>\u2022 \u00c0 lire aussi: <\/strong><a href=\"https:\/\/www.lesacdechips.com\/2025\/06\/11\/par-pitie-va-te-mettre-des-vetements-jennifer-lopez-55-ans-se-fait-ramasser-pour-ses-vetements-tres-revelateurs\" target=\"441221b3-eb8e-467f-8945-d8415b7a79a7\" rel=\"nofollow noopener\"><strong>\u00abPar piti\u00e9, va te mettre des v\u00eatements\u00bb: Jennifer Lopez, 55 ans, se fait ramasser pour ses v\u00eatements tr\u00e8s r\u00e9v\u00e9lateurs<\/strong><\/a><\/p>\n<p class=\"toreadalso-fromEMP\"><strong>\u2022 \u00c0 lire aussi: <\/strong><a href=\"https:\/\/www.lesacdechips.com\/2025\/08\/03\/elizabeth-hurley-et-sa-mere-de-85-ans-posent-en-bikini-sexy\" target=\"4a930ab0-cf64-48c6-a733-133b09038add\" rel=\"nofollow noopener\"><strong>Elizabeth Hurley et sa m\u00e8re de 85 ans posent en bikini sexy <\/strong><\/a><\/p>\n<p>L\u2019acteur irlandais \u2014 qui admet que la derni\u00e8re fois qu\u2019il a vu les films originaux remonte au moment de leur sortie au cin\u00e9ma dans les ann\u00e9es\u00a01980 et 1990 \u2014 a toutefois particip\u00e9 \u00e0 des sketches humoristiques dans les s\u00e9ries Life&rsquo;s Too Short et Derry Girls, pour l\u2019\u00e9mission de Stephen Colbert ainsi qu\u2019avec l\u2019humoriste Ricky Gervais.<\/p>\n<p>\t<a data-fancybox=\"photo\" data-type=\"image\" href=\"https:\/\/www.europesays.com\/fr\/wp-content\/uploads\/2025\/08\/d28272e0-67a3-11f0-ac77-1d969f62eff4_ORIGINAL.jpg\"><\/p>\n<p>            <img decoding=\"async\" class=\"lazyload\" src=\"https:\/\/www.europesays.com\/fr\/wp-content\/uploads\/2025\/08\/d28272e0-67a3-11f0-ac77-1d969f62eff4_ORIGINAL.jpg\" alt=\"\"\/><\/p>\n<p>\t<\/a><\/p>\n<p class=\"photo-credit\">MEGA\/WENN<\/p>\n<p>\u00abLes sketches comiques que j\u2019avais faits se r\u00e9sumaient \u00e0 des sketches t\u00e9l\u00e9vis\u00e9s de quelques minutes. Mais un film \u00e9tait un d\u00e9fi de taille. Je savais que si on se donnait la peine de le faire, le sc\u00e9nario serait au moins bon si Seth y participait, car il a un sens de l\u2019humour d\u00e9capant. Si c\u2019est au moins bon, je ne devrais pas chercher \u00e0 \u00eatre dr\u00f4le. Juste \u00eatre s\u00e9rieux. Je savais qu\u2019il y aurait beaucoup de gags visuels\u00bb, conclut Liam Neeson.<\/p>\n","protected":false},"excerpt":{"rendered":"\u00abJ\u2019ai 73\u00a0ans, bordel! Je ne veux pas offenser le public s\u2019il regarde des sc\u00e8nes de combat enti\u00e8res et&hellip;\n","protected":false},"author":2,"featured_media":296808,"comment_status":"","ping_status":"","sticky":false,"template":"","format":"standard","meta":{"footnotes":""},"categories":[1354],"tags":[58,59,1346,1011,27,1360],"class_list":{"0":"post-296807","1":"post","2":"type-post","3":"status-publish","4":"format-standard","5":"has-post-thumbnail","7":"category-films","8":"tag-divertissement","9":"tag-entertainment","10":"tag-films","11":"tag-fr","12":"tag-france","13":"tag-movies"},"share_on_mastodon":{"url":"https:\/\/pubeurope.com\/@fr\/114973087261820653","error":""},"_links":{"self":[{"href":"https:\/\/www.europesays.com\/fr\/wp-json\/wp\/v2\/posts\/296807","targetHints":{"allow":["GET"]}}],"collection":[{"href":"https:\/\/www.europesays.com\/fr\/wp-json\/wp\/v2\/posts"}],"about":[{"href":"https:\/\/www.europesays.com\/fr\/wp-json\/wp\/v2\/types\/post"}],"author":[{"embeddable":true,"href":"https:\/\/www.europesays.com\/fr\/wp-json\/wp\/v2\/users\/2"}],"replies":[{"embeddable":true,"href":"https:\/\/www.europesays.com\/fr\/wp-json\/wp\/v2\/comments?post=296807"}],"version-history":[{"count":0,"href":"https:\/\/www.europesays.com\/fr\/wp-json\/wp\/v2\/posts\/296807\/revisions"}],"wp:featuredmedia":[{"embeddable":true,"href":"https:\/\/www.europesays.com\/fr\/wp-json\/wp\/v2\/media\/296808"}],"wp:attachment":[{"href":"https:\/\/www.europesays.com\/fr\/wp-json\/wp\/v2\/media?parent=296807"}],"wp:term":[{"taxonomy":"category","embeddable":true,"href":"https:\/\/www.europesays.com\/fr\/wp-json\/wp\/v2\/categories?post=296807"},{"taxonomy":"post_tag","embeddable":true,"href":"https:\/\/www.europesays.com\/fr\/wp-json\/wp\/v2\/tags?post=296807"}],"curies":[{"name":"wp","href":"https:\/\/api.w.org\/{rel}","templated":true}]}}