{"id":296827,"date":"2025-08-04T23:38:14","date_gmt":"2025-08-04T23:38:14","guid":{"rendered":"https:\/\/www.europesays.com\/fr\/296827\/"},"modified":"2025-08-04T23:38:14","modified_gmt":"2025-08-04T23:38:14","slug":"vezelise-showcase-au-grenier-des-halles","status":"publish","type":"post","link":"https:\/\/www.europesays.com\/fr\/296827\/","title":{"rendered":"V\u00e9zelise. Showcase au Grenier des Halles"},"content":{"rendered":"<p>Dans le cadre du quartier des Francofolies \u00ab\u00a0Dites-le en musique\u00a0\u00bb et en partenariat avec Sc\u00e8nes et Territoires, le relais Familles a organis\u00e9 des ateliers d\u2019\u00e9criture. La semaine a d\u00e9but\u00e9 avec un showcase, qui, avec le temps incertain, a d\u00fb avoir lieu au Grenier des Halles, \u00e0 l\u2019abri des averses \u00e9ventuelles. Ce showcase a donn\u00e9 le d\u00e9part d\u2019une semaine charg\u00e9e avec les ateliers, puis le vendredi, sous les Halles, s\u2019est d\u00e9roul\u00e9e la restitution de la chanson \u00e9crite avec les participants, suivie d\u2019un concert.<\/p>\n","protected":false},"excerpt":{"rendered":"Dans le cadre du quartier des Francofolies \u00ab\u00a0Dites-le en musique\u00a0\u00bb et en partenariat avec Sc\u00e8nes et Territoires, le&hellip;\n","protected":false},"author":2,"featured_media":296828,"comment_status":"","ping_status":"","sticky":false,"template":"","format":"standard","meta":{"footnotes":""},"categories":[9635],"tags":[1111,11,18599,1687,1704,1777,674,1011,27,775,873,1702,12,25,18598],"class_list":{"0":"post-296827","1":"post","2":"type-post","3":"status-publish","4":"format-standard","5":"has-post-thumbnail","7":"category-nancy","8":"tag-actu","9":"tag-actualites","10":"tag-cc-du-pays-du-saintois-54b","11":"tag-culture-loisirs","12":"tag-edition-nancy-et-agglomeration","13":"tag-eu","14":"tag-europe","15":"tag-fr","16":"tag-france","17":"tag-grand-est","18":"tag-musique","19":"tag-nancy","20":"tag-news","21":"tag-republique-francaise","22":"tag-vezelise"},"share_on_mastodon":{"url":"https:\/\/pubeurope.com\/@fr\/114973134195860915","error":""},"_links":{"self":[{"href":"https:\/\/www.europesays.com\/fr\/wp-json\/wp\/v2\/posts\/296827","targetHints":{"allow":["GET"]}}],"collection":[{"href":"https:\/\/www.europesays.com\/fr\/wp-json\/wp\/v2\/posts"}],"about":[{"href":"https:\/\/www.europesays.com\/fr\/wp-json\/wp\/v2\/types\/post"}],"author":[{"embeddable":true,"href":"https:\/\/www.europesays.com\/fr\/wp-json\/wp\/v2\/users\/2"}],"replies":[{"embeddable":true,"href":"https:\/\/www.europesays.com\/fr\/wp-json\/wp\/v2\/comments?post=296827"}],"version-history":[{"count":0,"href":"https:\/\/www.europesays.com\/fr\/wp-json\/wp\/v2\/posts\/296827\/revisions"}],"wp:featuredmedia":[{"embeddable":true,"href":"https:\/\/www.europesays.com\/fr\/wp-json\/wp\/v2\/media\/296828"}],"wp:attachment":[{"href":"https:\/\/www.europesays.com\/fr\/wp-json\/wp\/v2\/media?parent=296827"}],"wp:term":[{"taxonomy":"category","embeddable":true,"href":"https:\/\/www.europesays.com\/fr\/wp-json\/wp\/v2\/categories?post=296827"},{"taxonomy":"post_tag","embeddable":true,"href":"https:\/\/www.europesays.com\/fr\/wp-json\/wp\/v2\/tags?post=296827"}],"curies":[{"name":"wp","href":"https:\/\/api.w.org\/{rel}","templated":true}]}}