{"id":296831,"date":"2025-08-04T23:43:10","date_gmt":"2025-08-04T23:43:10","guid":{"rendered":"https:\/\/www.europesays.com\/fr\/296831\/"},"modified":"2025-08-04T23:43:10","modified_gmt":"2025-08-04T23:43:10","slug":"previsions-du-mardi-5-aout-2025","status":"publish","type":"post","link":"https:\/\/www.europesays.com\/fr\/296831\/","title":{"rendered":"pr\u00e9visions du mardi 5 ao\u00fbt 2025"},"content":{"rendered":"<p>La journ\u00e9e qui s&rsquo;annonce \u00e0 Montpellier, promet d&rsquo;\u00eatre belle et ensoleill\u00e9e ! Les temp\u00e9ratures seront comprises entre 20\u00b0C et 34\u00b0C. La ville va conna\u00eetre, le matin, un passage de fortes chaleurs avec des valeurs qui atteindront parfois les 30\u00b0C. Le mercure affichera 26\u00b0C en moyenne. Une l\u00e9g\u00e8re brise de sud-ouest sera ressentie par les habitants. Les temp\u00e9ratures vont conna\u00eetre une hausse de plusieurs degr\u00e9s dans l&rsquo;apr\u00e8s-midi. Les valeurs maximums attendues sont importantes, avec 34\u00b0C. L&rsquo;\u00e9pisode de grosses chaleurs est bien l\u00e0, avec des valeurs qui pourront aller \u00e0 33\u00b0C le soir. Le ciel sera d\u00e9pourvu de nuages dans la nuit de mardi \u00e0 mercredi.<\/p>\n<p>C&rsquo;est un soleil \u00e9clatant qui va briller demain sur Montpellier. Une chute des temp\u00e9ratures est \u00e0 pr\u00e9voir. Il va faire 25\u00b0C en moyenne. Un vent de sud-ouest rafra\u00eechira quelque peu l&rsquo;atmosph\u00e8re. Il fera en moyenne 26\u00b0C, le matin. Les temp\u00e9ratures afficheront entre 27 et 29\u00b0C pendant l&rsquo;apr\u00e8s-midi.<\/p>\n<p>Pour les jours \u00e0 venir, le temps ne changera pas. On anticipe des journ\u00e9es ensoleill\u00e9es, accompagn\u00e9es par des temp\u00e9ratures dans les 28\u00b0C en moyenne.<\/p>\n<p>En ces temps de fortes chaleurs, il est essentiel de rester vigilant. Pensez \u00e0 bien vous hydrater et \u00e0 vous prot\u00e9ger des rayons du soleil. Lors de vos activit\u00e9s en ext\u00e9rieur, la cr\u00e8me solaire est un indispensable pour \u00e9viter les coups de soleil !<\/p>\n","protected":false},"excerpt":{"rendered":"La journ\u00e9e qui s&rsquo;annonce \u00e0 Montpellier, promet d&rsquo;\u00eatre belle et ensoleill\u00e9e ! Les temp\u00e9ratures seront comprises entre 20\u00b0C&hellip;\n","protected":false},"author":2,"featured_media":296832,"comment_status":"","ping_status":"","sticky":false,"template":"","format":"standard","meta":{"footnotes":""},"categories":[9599],"tags":[1111,11,1777,674,1011,27,7089,2681,2208,12,2680,2119,25],"class_list":{"0":"post-296831","1":"post","2":"type-post","3":"status-publish","4":"format-standard","5":"has-post-thumbnail","7":"category-montpellier","8":"tag-actu","9":"tag-actualites","10":"tag-eu","11":"tag-europe","12":"tag-fr","13":"tag-france","14":"tag-herault","15":"tag-languedoc-roussillon","16":"tag-montpellier","17":"tag-news","18":"tag-occitanie","19":"tag-previsions-meteo","20":"tag-republique-francaise"},"share_on_mastodon":{"url":"https:\/\/pubeurope.com\/@fr\/114973153976221359","error":""},"_links":{"self":[{"href":"https:\/\/www.europesays.com\/fr\/wp-json\/wp\/v2\/posts\/296831","targetHints":{"allow":["GET"]}}],"collection":[{"href":"https:\/\/www.europesays.com\/fr\/wp-json\/wp\/v2\/posts"}],"about":[{"href":"https:\/\/www.europesays.com\/fr\/wp-json\/wp\/v2\/types\/post"}],"author":[{"embeddable":true,"href":"https:\/\/www.europesays.com\/fr\/wp-json\/wp\/v2\/users\/2"}],"replies":[{"embeddable":true,"href":"https:\/\/www.europesays.com\/fr\/wp-json\/wp\/v2\/comments?post=296831"}],"version-history":[{"count":0,"href":"https:\/\/www.europesays.com\/fr\/wp-json\/wp\/v2\/posts\/296831\/revisions"}],"wp:featuredmedia":[{"embeddable":true,"href":"https:\/\/www.europesays.com\/fr\/wp-json\/wp\/v2\/media\/296832"}],"wp:attachment":[{"href":"https:\/\/www.europesays.com\/fr\/wp-json\/wp\/v2\/media?parent=296831"}],"wp:term":[{"taxonomy":"category","embeddable":true,"href":"https:\/\/www.europesays.com\/fr\/wp-json\/wp\/v2\/categories?post=296831"},{"taxonomy":"post_tag","embeddable":true,"href":"https:\/\/www.europesays.com\/fr\/wp-json\/wp\/v2\/tags?post=296831"}],"curies":[{"name":"wp","href":"https:\/\/api.w.org\/{rel}","templated":true}]}}