{"id":296833,"date":"2025-08-04T23:44:18","date_gmt":"2025-08-04T23:44:18","guid":{"rendered":"https:\/\/www.europesays.com\/fr\/296833\/"},"modified":"2025-08-04T23:44:18","modified_gmt":"2025-08-04T23:44:18","slug":"extinction-rebellion-et-les-soulevements-de-la-terre-collent-la-loi-duplomb","status":"publish","type":"post","link":"https:\/\/www.europesays.com\/fr\/296833\/","title":{"rendered":"Extinction Rebellion et les Soul\u00e8vements de la Terre collent la loi Duplomb"},"content":{"rendered":"<p>            Par<br \/>\n        <strong><br \/>\n            <a href=\"https:\/\/actu.fr\/auteur\/c-nithard\" title=\"Consulter tous les articles de C\u00e9dric Nithard\" target=\"_blank\" rel=\"noopener\">C\u00e9dric Nithard<\/a><br \/>\n        <\/strong><\/p>\n<p>        Publi\u00e9 le<\/p>\n<p>            4 ao\u00fbt 2025 \u00e0 16h42<br \/>\n        ; mis \u00e0 jour le 4 ao\u00fbt 2025 \u00e0 16h57    <\/p>\n<p>\u00ab\u00a0Duplomb c\u2019est non\u00a0\u00bb. Le message est aussi simple que clair. Dans la nuit du samedi 2 au dimanche 3 ao\u00fbt, des militants d\u2019<strong>Extinction Rebellion<\/strong> et des <strong>Soul\u00e8vements de la Terre<\/strong> ont r\u00e9alis\u00e9<strong> un collage<\/strong> sur un mur de <strong>la Chambre d\u2019Agriculture de l\u2019H\u00e9rault<\/strong> \u00e0 <strong>Montpellier<\/strong> en signe de <strong>protestation contre la loi Duplomb<\/strong> adopt\u00e9e par l\u2019Assembl\u00e9e nationale le 8 juillet dernier.<\/p>\n<p>Pour \u00ab\u00a0un monde paysan autonome\u00a0\u00bb<\/p>\n<p class=\" wall-content\">Les d\u00e9bats autour de la loi Duplomb ne sont pas pr\u00eats de s\u2019arr\u00eater. Si le d\u00e9put\u00e9 \u00e9cologiste Jean-Louis Roum\u00e9gas a tendu la main aux agriculteurs de la Coordination Rurale 34 qui <a href=\"https:\/\/actu.fr\/occitanie\/montpellier_34172\/montpellier-sandrine-rousseau-visee-par-la-degradation-de-la-facade-de-la-permanence-de-jean-louis-roumegas_62928972.html\" target=\"_blank\" rel=\"noopener\">avaient red\u00e9cor\u00e9 la fa\u00e7ade de sa permanence parlementaire<\/a>, il serait \u00e9tonnant que la Chambre d\u2019Agriculture de l\u2019H\u00e9rault en fasse de m\u00eame avec les militants d\u2019Extinction Rebellion et des Soul\u00e8vements de la Terre. Dans la nuit de samedi \u00e0 dimanche, ces derniers ont men\u00e9 une action symbolique en collant le message \u00ab\u00a0Duplomb c\u2019est non\u00a0\u00bb accompagn\u00e9 de quelques affichettes. Rien de m\u00e9chant, n\u2019ayant entrain\u00e9 aucune d\u00e9gradation, dans un lieu qui n\u2019a pas \u00e9t\u00e9 choisie par hasard.<\/p>\n<p class=\" wall-content\">\u00c0 la t\u00eate de la Chambre d\u2019Agriculture de l\u2019H\u00e9rault, <a href=\"https:\/\/actu.fr\/occitanie\/saint-genies-des-mourgues_34256\/herault-la-feuille-de-route-du-vigneron-jerome-despey-a-la-tete-du-salon-de-l-agriculture_60828656.html\" target=\"_blank\" rel=\"noopener\">mais \u00e9galement du Salon Internationale de l\u2019Agriculture<\/a>, J\u00e9r\u00f4me Despey est le repr\u00e9sentant de la FDSEA JA H\u00e9rault et aussi, depuis 2023, apr\u00e8s en avoir \u00e9t\u00e9 son secr\u00e9taire g\u00e9n\u00e9ral le num\u00e9ro 2 de la FNSEA. Cette derni\u00e8re \u00e9tant accus\u00e9e d\u2019\u00eatre \u00ab\u00a0une grande promotrice de cette loi\u00a0\u00bb selon les militants qui pr\u00e9sentent \u00ab\u00a0une loi catastrophique pour la sant\u00e9 des agriculteur.ice.s et de tou.te.s les habitant.e.s des territoires concern\u00e9s par les \u00e9pandages de produits toxiques. La biodiversit\u00e9 est aussi largement menac\u00e9e, avec le retour des n\u00e9onicotinoides dans les champs mais plus g\u00e9n\u00e9ralement de la promotion de toutes les pratiques intensives. Cette loi facilite ainsi la construction de nouveaux projets de m\u00e9ga-bassines, qui sont une mal-adaptation face \u00e0 l\u2019intensification des s\u00e9cheresses\u00a0\u00bb.<\/p>\n<p>    <a href=\"https:\/\/www.google.com\/maps\/embed?pb=!1m18!1m12!1m3!1d2890.154334933168!2d3.889053875620605!3d43.58250155700131!2m3!1f0!2f0!3f0!3m2!1i1024!2i768!4f13.1!3m3!1m2!1s0x12b3ff4348652e13%3A0xa9126e66b0ae069e!2sChambre%20d%27agriculture%20de%20l%27H%C3%A9rault!5e0!3m2!1sfr!2sfr!4v1754301927974!5m2!1sfr!2sfr\" title=\"Ouvrie le lien\" target=\"_blank\" rel=\"noopener\">Cliquez ici pour visualiser le contenu<\/a><\/p>\n<p class=\" wall-content\">Appelant \u00e0 signer <a href=\"https:\/\/petitions.assemblee-nationale.fr\/initiatives\/i-3014\" target=\"_blank\" rel=\"noopener\">la p\u00e9tition demandant son retrait<\/a> qui a recueilli plus de 2,1 millions de signatures, en jugeant que \u00ab\u00a0toutes les initiatives pour mettre la pression sur les d\u00e9cideurs et exiger un retrait total et sans concession de cette loi sont les bienvenues\u00a0\u00bb, Extinction Rebellion et les Soul\u00e8vements de la Terre, expliquent : \u00ab\u00a0La question centrale est celle du mod\u00e8le agricole que l\u2019on d\u00e9sire. Nous voyons bien la mort \u00e0 petit feu du monde paysan, pris en tenaille entre la baisse des prix des mati\u00e8res agricoles, en grande partie \u00e0 cause des trait\u00e9s de libre-\u00e9change et la hausse du prix des intrants\u00a0\u00bb. C\u2019est pourquoi ils militent pour \u00ab\u00a0un monde paysan autonome, capable de diversifier les productions sur un m\u00eame territoire, d\u2019appliquer le mod\u00e8le de la polyculture-\u00e9levage contre la sp\u00e9cialisation r\u00e9gionale et capable de stopper l\u2019accaparement des terres et des aides publiques par les plus grands propri\u00e9taires\u00a0\u00bb.<\/p>\n<p class=\" wall-content\">Suivez toute l\u2019actualit\u00e9 de vos villes et m\u00e9dias favoris en vous inscrivant \u00e0 <a href=\"https:\/\/moncompte.actu.fr\" title=\"D\u00e9couvez Mon Actu\" rel=\"nofollow noopener\" data-trk=\"{&quot;cta&quot;:{&quot;action&quot;:&quot;https:\\\/\\\/moncompte.actu.fr&quot;,&quot;category&quot;:&quot;mon compte&quot;,&quot;from&quot;:&quot;article footer&quot;,&quot;name&quot;:&quot;Mon actu&quot;,&quot;type&quot;:&quot;cta&quot;}}\" target=\"_blank\">Mon Actu<\/a>.<\/p>\n","protected":false},"excerpt":{"rendered":"Par C\u00e9dric Nithard Publi\u00e9 le 4 ao\u00fbt 2025 \u00e0 16h42 ; mis \u00e0 jour le 4 ao\u00fbt 2025&hellip;\n","protected":false},"author":2,"featured_media":296834,"comment_status":"","ping_status":"","sticky":false,"template":"","format":"standard","meta":{"footnotes":""},"categories":[9599],"tags":[1111,11,1777,674,1011,27,2208,12,2680,52,25],"class_list":{"0":"post-296833","1":"post","2":"type-post","3":"status-publish","4":"format-standard","5":"has-post-thumbnail","7":"category-montpellier","8":"tag-actu","9":"tag-actualites","10":"tag-eu","11":"tag-europe","12":"tag-fr","13":"tag-france","14":"tag-montpellier","15":"tag-news","16":"tag-occitanie","17":"tag-planete","18":"tag-republique-francaise"},"share_on_mastodon":{"url":"https:\/\/pubeurope.com\/@fr\/114973157814293786","error":""},"_links":{"self":[{"href":"https:\/\/www.europesays.com\/fr\/wp-json\/wp\/v2\/posts\/296833","targetHints":{"allow":["GET"]}}],"collection":[{"href":"https:\/\/www.europesays.com\/fr\/wp-json\/wp\/v2\/posts"}],"about":[{"href":"https:\/\/www.europesays.com\/fr\/wp-json\/wp\/v2\/types\/post"}],"author":[{"embeddable":true,"href":"https:\/\/www.europesays.com\/fr\/wp-json\/wp\/v2\/users\/2"}],"replies":[{"embeddable":true,"href":"https:\/\/www.europesays.com\/fr\/wp-json\/wp\/v2\/comments?post=296833"}],"version-history":[{"count":0,"href":"https:\/\/www.europesays.com\/fr\/wp-json\/wp\/v2\/posts\/296833\/revisions"}],"wp:featuredmedia":[{"embeddable":true,"href":"https:\/\/www.europesays.com\/fr\/wp-json\/wp\/v2\/media\/296834"}],"wp:attachment":[{"href":"https:\/\/www.europesays.com\/fr\/wp-json\/wp\/v2\/media?parent=296833"}],"wp:term":[{"taxonomy":"category","embeddable":true,"href":"https:\/\/www.europesays.com\/fr\/wp-json\/wp\/v2\/categories?post=296833"},{"taxonomy":"post_tag","embeddable":true,"href":"https:\/\/www.europesays.com\/fr\/wp-json\/wp\/v2\/tags?post=296833"}],"curies":[{"name":"wp","href":"https:\/\/api.w.org\/{rel}","templated":true}]}}