{"id":296835,"date":"2025-08-04T23:46:17","date_gmt":"2025-08-04T23:46:17","guid":{"rendered":"https:\/\/www.europesays.com\/fr\/296835\/"},"modified":"2025-08-04T23:46:17","modified_gmt":"2025-08-04T23:46:17","slug":"un-ancien-stephanois-prend-sa-revanche","status":"publish","type":"post","link":"https:\/\/www.europesays.com\/fr\/296835\/","title":{"rendered":"Un ancien St\u00e9phanois prend sa revanche !"},"content":{"rendered":"<p><strong>D\u00e9tect\u00e9 tr\u00e8s t\u00f4t pour son sens du but, Charles Abi incarnait l\u2019avenir de l\u2019ASSE. Mais confront\u00e9 \u00e0 la dure r\u00e9alit\u00e9 du football professionnel, le talent de la g\u00e9n\u00e9ration Gambardella a vacill\u00e9. Mis \u00e0 pied par le club en 2022, l\u2019attaquant clermontois a touch\u00e9 le fond\u2026 avant de mieux rebondir. Charles Abi confirme en troisi\u00e8me division fran\u00e7aise.<\/strong><\/p>\n<p>Itin\u00e9raire d&rsquo;un joueur g\u00e2ch\u00e9<\/p>\n<p>Arriv\u00e9 dans le Forez en 2015 \u00e0 seulement 15 ans, Charles Abi impressionne rapidement par son potentiel. D\u00e8s la saison suivante, il int\u00e8gre les U17 Nationaux de Jean-Philippe Primard, tout en faisant ses premi\u00e8res apparitions avec les U19. C\u2019est dans cette cat\u00e9gorie qu\u2019il se r\u00e9v\u00e8le v\u00e9ritablement, participant \u00e0 l\u2019Euro U19 avec les Bleuets et inscrivant 4 buts lors des qualifications.<\/p>\n<p>En avril 2018, il signe son premier contrat professionnel, confirmant les espoirs plac\u00e9s en lui. Quelques mois plus tard, en d\u00e9cembre, il d\u00e9couvre la Ligue 1 sous Jean-Louis Gasset (\u00e0 Nice, 1-1) et remporte la Coupe Gambardella avec les U19 de Razik Nedder.<\/p>\n<p>Mais malgr\u00e9 pr\u00e8s de 1000 minutes de jeu en Ligue 1 sous Claude Puel, Abi peine \u00e0 convaincre. Avec 3 buts et 2 passes d\u00e9cisives, ses d\u00e9buts restent en de\u00e7\u00e0 des attentes, dans une \u00e9quipe en difficult\u00e9, focalis\u00e9e sur le maintien. L\u2019ASSE tente alors de relancer son attaquant en le pr\u00eatant \u00e0 Guingamp. Il marque d\u00e8s son premier match face au Paris FC\u2026 mais ce sera son seul but en Bretagne. L\u2019EAG cherchera \u00e0 mettre fin au pr\u00eat d\u00e8s janvier, sans succ\u00e8s. Abi termine la saison dans l\u2019anonymat.<\/p>\n<p>La suite prend un tournant brutal. En octobre 2021, l\u2019attaquant percute un pyl\u00f4ne \u00e9lectrique \u00e0 l\u2019entr\u00e9e du centre d\u2019entra\u00eenement. \u00c0 ses c\u00f4t\u00e9s, une passag\u00e8re en \u00e9tat d\u2019\u00e9bri\u00e9t\u00e9. Lui-m\u00eame est contr\u00f4l\u00e9 positif \u00e0 l\u2019alcool. Dix jours plus tard, il est mis \u00e0 pied et interdit d\u2019acc\u00e8s au centre Robert-Herbin. La direction saisit la commission juridique de la LFP. L\u2019histoire entre Charles Abi et l\u2019ASSE touche \u00e0 sa fin.<\/p>\n<p>Mais l&rsquo;ancien attaquant de l&rsquo;ASSE retrouve son niveau !<\/p>\n<p>Parti en Suisse en f\u00e9vrier 2023, Charles Abi rejoint le FC Stade Lausanne Ouchy. Mais l\u2019aventure tourne court. Frein\u00e9 par des blessures et des soucis de sant\u00e9, l\u2019attaquant ne dispute que quelques rencontres avant d\u2019\u00eatre lib\u00e9r\u00e9 six mois plus tard.<\/p>\n<p>Libre, il rebondit au FC Rouen en National, o\u00f9 il est rapidement titularis\u00e9 \u00e0 13 reprises. R\u00e9sultat : 8 buts et <a href=\"https:\/\/peuple-vert.fr\/ex-asse\/abi-ex-asse\/\" rel=\"nofollow noopener\" target=\"_blank\">un r\u00f4le cl\u00e9 dans l\u2019animation offensive<\/a>. Puissant, mobile et capable de jouer en appui, Abi apporte un profil nouveau \u00e0 l\u2019attaque rouennaise, jusqu\u2019alors d\u00e9pourvue d\u2019un tel gabarit.<\/p>\n<p>Un pari gagnant pour R\u00e9gis Brouard. Ce 31 juillet, le club normand officialise la prolongation de son attaquant. Courtis\u00e9 \u00e0 l\u2019\u00e9tranger (<a href=\"https:\/\/www.paris-normandie.fr\/id649613\/article\/2025-07-31\/football-national-fc-rouen-un-attaquant-prolonge-de-deux-ans-son-contrat\" rel=\"nofollow noopener\" target=\"_blank\">une offre de 300 000 \u20ac aurait \u00e9t\u00e9 transmise<\/a>) Charles Abi poursuit l\u2019aventure \u00e0 Rouen, bien d\u00e9cid\u00e9 \u00e0 confirmer son renouveau.<\/p>\n<p><strong>Le communiqu\u00e9 du FC Rouen 1899 :\u00a0<\/strong><\/p>\n<p>\u00ab\u00a0L&rsquo;aventure continue pour Charles Abi au FC Rouen 1899 !\u00a0Le FC Rouen 1899 a le plaisir d&rsquo;annoncer la prolongation de contrat de son attaquant Charles Abi, pour deux saisons. Arriv\u00e9 en cours de saison, Charles a tout de suite montr\u00e9 toutes ses qualit\u00e9s en marquant notamment \u00e0 huit reprises en 13 matchs de National avec le club. Notre num\u00e9ro 9 sera encore un atout tr\u00e8s pr\u00e9cieux sur le front de l\u2019attaque des Diables rouges.\u00a0\u00bb<\/p>\n","protected":false},"excerpt":{"rendered":"D\u00e9tect\u00e9 tr\u00e8s t\u00f4t pour son sens du but, Charles Abi incarnait l\u2019avenir de l\u2019ASSE. Mais confront\u00e9 \u00e0 la&hellip;\n","protected":false},"author":2,"featured_media":296836,"comment_status":"","ping_status":"","sticky":false,"template":"","format":"standard","meta":{"footnotes":""},"categories":[9587],"tags":[1111,11,1777,674,1011,27,12,5161,25,9590],"class_list":{"0":"post-296835","1":"post","2":"type-post","3":"status-publish","4":"format-standard","5":"has-post-thumbnail","7":"category-rouen","8":"tag-actu","9":"tag-actualites","10":"tag-eu","11":"tag-europe","12":"tag-fr","13":"tag-france","14":"tag-news","15":"tag-normandie","16":"tag-republique-francaise","17":"tag-rouen"},"share_on_mastodon":{"url":"https:\/\/pubeurope.com\/@fr\/114973165652017885","error":""},"_links":{"self":[{"href":"https:\/\/www.europesays.com\/fr\/wp-json\/wp\/v2\/posts\/296835","targetHints":{"allow":["GET"]}}],"collection":[{"href":"https:\/\/www.europesays.com\/fr\/wp-json\/wp\/v2\/posts"}],"about":[{"href":"https:\/\/www.europesays.com\/fr\/wp-json\/wp\/v2\/types\/post"}],"author":[{"embeddable":true,"href":"https:\/\/www.europesays.com\/fr\/wp-json\/wp\/v2\/users\/2"}],"replies":[{"embeddable":true,"href":"https:\/\/www.europesays.com\/fr\/wp-json\/wp\/v2\/comments?post=296835"}],"version-history":[{"count":0,"href":"https:\/\/www.europesays.com\/fr\/wp-json\/wp\/v2\/posts\/296835\/revisions"}],"wp:featuredmedia":[{"embeddable":true,"href":"https:\/\/www.europesays.com\/fr\/wp-json\/wp\/v2\/media\/296836"}],"wp:attachment":[{"href":"https:\/\/www.europesays.com\/fr\/wp-json\/wp\/v2\/media?parent=296835"}],"wp:term":[{"taxonomy":"category","embeddable":true,"href":"https:\/\/www.europesays.com\/fr\/wp-json\/wp\/v2\/categories?post=296835"},{"taxonomy":"post_tag","embeddable":true,"href":"https:\/\/www.europesays.com\/fr\/wp-json\/wp\/v2\/tags?post=296835"}],"curies":[{"name":"wp","href":"https:\/\/api.w.org\/{rel}","templated":true}]}}