{"id":296838,"date":"2025-08-04T23:50:11","date_gmt":"2025-08-04T23:50:11","guid":{"rendered":"https:\/\/www.europesays.com\/fr\/296838\/"},"modified":"2025-08-04T23:50:11","modified_gmt":"2025-08-04T23:50:11","slug":"previsions-du-mardi-5-aout-2025-2","status":"publish","type":"post","link":"https:\/\/www.europesays.com\/fr\/296838\/","title":{"rendered":"pr\u00e9visions du mardi 5 ao\u00fbt 2025"},"content":{"rendered":"<p>Un bel ensoleillement est attendu aujourd&rsquo;hui \u00e0 Rennes. Il fera en moyenne 18\u00b0C. Une brise de nord-ouest soufflera doucement. Le matin, on anticipe des valeurs d&rsquo;environ 19\u00b0C. L&rsquo;apr\u00e8s-midi, c&rsquo;est une hausse de quelques degr\u00e9s que vont conna\u00eetre les temp\u00e9ratures. Ces valeurs seront comprises entre 21\u00b0C et 24\u00b0C. Le temps va progressivement se voiler durant la soir\u00e9e du fait de la venue de nuages. Les temp\u00e9ratures seront de 17\u00b0C. Le ciel sera limpide dans la nuit de mardi \u00e0 mercredi.<\/p>\n<p>Demain, un grand soleil brillera sur Rennes. Une m\u00e9t\u00e9o plus chaude est pr\u00e9vue puisque les temp\u00e9ratures vont enregistrer une augmentation. Il va faire 20\u00b0C en moyenne. Un modeste vent de nord-est sera ressenti par les habitants. L&rsquo;air ambiant va se r\u00e9chauffer demain apr\u00e8s-midi avec une hausse de plusieurs degr\u00e9s. Les valeurs iront de 26 \u00e0 28\u00b0C.<\/p>\n<p>Les jours suivants s&rsquo;annoncent identiques. On pr\u00e9voit des journ\u00e9es ensoleill\u00e9es, avec des temp\u00e9ratures dans les 34\u00b0C en moyenne.<\/p>\n<p><\/p>\n","protected":false},"excerpt":{"rendered":"Un bel ensoleillement est attendu aujourd&rsquo;hui \u00e0 Rennes. Il fera en moyenne 18\u00b0C. Une brise de nord-ouest soufflera&hellip;\n","protected":false},"author":2,"featured_media":296839,"comment_status":"","ping_status":"","sticky":false,"template":"","format":"standard","meta":{"footnotes":""},"categories":[2821],"tags":[1111,11,829,1777,674,1011,27,848,12,2119,584,25],"class_list":{"0":"post-296838","1":"post","2":"type-post","3":"status-publish","4":"format-standard","5":"has-post-thumbnail","7":"category-rennes","8":"tag-actu","9":"tag-actualites","10":"tag-bretagne","11":"tag-eu","12":"tag-europe","13":"tag-fr","14":"tag-france","15":"tag-ille-et-vilaine","16":"tag-news","17":"tag-previsions-meteo","18":"tag-rennes","19":"tag-republique-francaise"},"share_on_mastodon":{"url":"https:\/\/pubeurope.com\/@fr\/114973181500646315","error":""},"_links":{"self":[{"href":"https:\/\/www.europesays.com\/fr\/wp-json\/wp\/v2\/posts\/296838","targetHints":{"allow":["GET"]}}],"collection":[{"href":"https:\/\/www.europesays.com\/fr\/wp-json\/wp\/v2\/posts"}],"about":[{"href":"https:\/\/www.europesays.com\/fr\/wp-json\/wp\/v2\/types\/post"}],"author":[{"embeddable":true,"href":"https:\/\/www.europesays.com\/fr\/wp-json\/wp\/v2\/users\/2"}],"replies":[{"embeddable":true,"href":"https:\/\/www.europesays.com\/fr\/wp-json\/wp\/v2\/comments?post=296838"}],"version-history":[{"count":0,"href":"https:\/\/www.europesays.com\/fr\/wp-json\/wp\/v2\/posts\/296838\/revisions"}],"wp:featuredmedia":[{"embeddable":true,"href":"https:\/\/www.europesays.com\/fr\/wp-json\/wp\/v2\/media\/296839"}],"wp:attachment":[{"href":"https:\/\/www.europesays.com\/fr\/wp-json\/wp\/v2\/media?parent=296838"}],"wp:term":[{"taxonomy":"category","embeddable":true,"href":"https:\/\/www.europesays.com\/fr\/wp-json\/wp\/v2\/categories?post=296838"},{"taxonomy":"post_tag","embeddable":true,"href":"https:\/\/www.europesays.com\/fr\/wp-json\/wp\/v2\/tags?post=296838"}],"curies":[{"name":"wp","href":"https:\/\/api.w.org\/{rel}","templated":true}]}}