{"id":296840,"date":"2025-08-04T23:51:51","date_gmt":"2025-08-04T23:51:51","guid":{"rendered":"https:\/\/www.europesays.com\/fr\/296840\/"},"modified":"2025-08-04T23:51:51","modified_gmt":"2025-08-04T23:51:51","slug":"stade-rennais-une-entorse-de-la-cheville-pour-lilian-brassier","status":"publish","type":"post","link":"https:\/\/www.europesays.com\/fr\/296840\/","title":{"rendered":"Stade Rennais. Une entorse de la cheville pour Lilian Brassier"},"content":{"rendered":"<p>Les examens compl\u00e9mentaires effectu\u00e9s par le Stade Rennais ont finalement \u00e9cart\u00e9 la crainte d\u2019une longue absence pour Lilian Brassier. Samedi 2\u00a0ao\u00fbt, lors du deuxi\u00e8me <a href=\"https:\/\/rennes.maville.com\/sport\/detail_-stade-rennais.-tous-les-regards-se-tournent-vers-l-attaque-_7-6922677_actu.Htm\" target=\"_blank\" rel=\"nofollow noopener\">match amical du SRFC \u00e0 la Real Sociedad (1-1)<\/a>, le d\u00e9fenseur central de 25\u00a0ans avait \u00e9t\u00e9 victime d\u2019un tacle tr\u00e8s appuy\u00e9 sur la cheville et avait d\u00fb \u00eatre remplac\u00e9 trois minutes plus tard par Abdelhamid A\u00eft Boudlal.<\/p>\n<p><strong>Lire aussi.<\/strong>\u00a0<a href=\"https:\/\/rennes.maville.com\/sport\/detail_-stade-rennais-olympique-de-marseille-la-billetterie-grand-public-ouvrira-mercredi-_52674-6923995_actu.Htm\" target=\"_blank\" rel=\"nofollow noopener\">Stade Rennais &#8211; Olympique de Marseille\u00a0: la billetterie grand public ouvrira mercredi<\/a><\/p>\n<p>Incertain pour la r\u00e9ception de Marseille<\/p>\n<p>Apr\u00e8s le match, l\u2019entra\u00eeneur du SRFC Habib Beye s\u2019\u00e9tait montr\u00e9 <a href=\"https:\/\/www.ouest-france.fr\/sport\/football\/stade-rennais\/video-stade-rennais-habib-beye-inquiet-par-la-blessure-de-lilian-brassier-ca-a-craque-945b4fca-d296-4651-ab37-db0d65a84c07\" target=\"_blank\" rel=\"nofollow noopener\">inquiet par la blessure de Brassier<\/a>. Comme r\u00e9v\u00e9l\u00e9 par nos confr\u00e8res du Parisien, l\u2019ancien Brestois et Marseillais souffre d\u2019une simple entorse \u00e0 la cheville. Il devrait \u00eatre de retour avant la fin du mois d\u2019ao\u00fbt mais reste tr\u00e8s incertain pour la premi\u00e8re journ\u00e9e de Ligue 1\u00a0avec la r\u00e9ception de l\u2019Olympique de Marseille, vendredi 15\u00a0ao\u00fbt (20\u00a0h\u00a045) au Roazhon Park.<\/p>\n<p>\u00a0<\/p>\n","protected":false},"excerpt":{"rendered":"Les examens compl\u00e9mentaires effectu\u00e9s par le Stade Rennais ont finalement \u00e9cart\u00e9 la crainte d\u2019une longue absence pour Lilian&hellip;\n","protected":false},"author":2,"featured_media":296841,"comment_status":"","ping_status":"","sticky":false,"template":"","format":"standard","meta":{"footnotes":""},"categories":[2821],"tags":[1111,11,22501,829,8249,43726,1777,674,1011,27,16523,12,13658,584,25,2858],"class_list":{"0":"post-296840","1":"post","2":"type-post","3":"status-publish","4":"format-standard","5":"has-post-thumbnail","7":"category-rennes","8":"tag-actu","9":"tag-actualites","10":"tag-brassier","11":"tag-bretagne","12":"tag-cheville","13":"tag-entorse","14":"tag-eu","15":"tag-europe","16":"tag-fr","17":"tag-france","18":"tag-lilian","19":"tag-news","20":"tag-rennais","21":"tag-rennes","22":"tag-republique-francaise","23":"tag-stade"},"share_on_mastodon":{"url":"https:\/\/pubeurope.com\/@fr\/114973189459035222","error":""},"_links":{"self":[{"href":"https:\/\/www.europesays.com\/fr\/wp-json\/wp\/v2\/posts\/296840","targetHints":{"allow":["GET"]}}],"collection":[{"href":"https:\/\/www.europesays.com\/fr\/wp-json\/wp\/v2\/posts"}],"about":[{"href":"https:\/\/www.europesays.com\/fr\/wp-json\/wp\/v2\/types\/post"}],"author":[{"embeddable":true,"href":"https:\/\/www.europesays.com\/fr\/wp-json\/wp\/v2\/users\/2"}],"replies":[{"embeddable":true,"href":"https:\/\/www.europesays.com\/fr\/wp-json\/wp\/v2\/comments?post=296840"}],"version-history":[{"count":0,"href":"https:\/\/www.europesays.com\/fr\/wp-json\/wp\/v2\/posts\/296840\/revisions"}],"wp:featuredmedia":[{"embeddable":true,"href":"https:\/\/www.europesays.com\/fr\/wp-json\/wp\/v2\/media\/296841"}],"wp:attachment":[{"href":"https:\/\/www.europesays.com\/fr\/wp-json\/wp\/v2\/media?parent=296840"}],"wp:term":[{"taxonomy":"category","embeddable":true,"href":"https:\/\/www.europesays.com\/fr\/wp-json\/wp\/v2\/categories?post=296840"},{"taxonomy":"post_tag","embeddable":true,"href":"https:\/\/www.europesays.com\/fr\/wp-json\/wp\/v2\/tags?post=296840"}],"curies":[{"name":"wp","href":"https:\/\/api.w.org\/{rel}","templated":true}]}}