{"id":296842,"date":"2025-08-04T23:52:10","date_gmt":"2025-08-04T23:52:10","guid":{"rendered":"https:\/\/www.europesays.com\/fr\/296842\/"},"modified":"2025-08-04T23:52:10","modified_gmt":"2025-08-04T23:52:10","slug":"previsions-du-mardi-5-aout-2025-3","status":"publish","type":"post","link":"https:\/\/www.europesays.com\/fr\/296842\/","title":{"rendered":"pr\u00e9visions du mardi 5 ao\u00fbt 2025"},"content":{"rendered":"<p>Dans la journ\u00e9e, les temp\u00e9ratures avoisineront les 20\u00b0C \u00e0 Strasbourg. Une brise de nord-ouest soufflera doucement. Le ciel sera relativement lumineux, avec quelques \u00e9claircies le matin. Les valeurs seront de 23\u00b0C. L&rsquo;apr\u00e8s-midi, un important soleil brillera. Les temp\u00e9ratures s&rsquo;\u00e9chelonneront entre 21 et 25\u00b0C. Il va faire environ 19\u00b0C, le soir. Entre mardi et mercredi, la nuit sera claire.<\/p>\n<p>Une baisse des temp\u00e9ratures est \u00e0 pr\u00e9voir \u00e0 Strasbourg, demain. Le mercure affichera 17\u00b0C en moyenne. Un petit vent de nord-est sera ressenti par les habitants. Malheureusement, il va y avoir encore des nuages le matin. Le soleil risque d&rsquo;\u00eatre cach\u00e9 par des nuages. C&rsquo;est un soleil radieux qui va se montrer demain apr\u00e8s-midi. C&rsquo;est une hausse de plusieurs degr\u00e9s que vont conna\u00eetre les temp\u00e9ratures. Les valeurs afficheront entre 21 et 23\u00b0C. Il fera 17\u00b0C en moyenne demain soir.<\/p>\n<p>Les jours se suivent et se ressemblent. Des temp\u00e9ratures dans les 29\u00b0C iront de pair avec un ciel ensoleill\u00e9.<\/p>\n<p><\/p>\n","protected":false},"excerpt":{"rendered":"Dans la journ\u00e9e, les temp\u00e9ratures avoisineront les 20\u00b0C \u00e0 Strasbourg. Une brise de nord-ouest soufflera doucement. Le ciel&hellip;\n","protected":false},"author":2,"featured_media":296843,"comment_status":"","ping_status":"","sticky":false,"template":"","format":"standard","meta":{"footnotes":""},"categories":[2820],"tags":[1111,11,2389,2649,1777,674,1011,27,775,12,2119,25,640],"class_list":{"0":"post-296842","1":"post","2":"type-post","3":"status-publish","4":"format-standard","5":"has-post-thumbnail","7":"category-strasbourg","8":"tag-actu","9":"tag-actualites","10":"tag-alsace","11":"tag-bas-rhin","12":"tag-eu","13":"tag-europe","14":"tag-fr","15":"tag-france","16":"tag-grand-est","17":"tag-news","18":"tag-previsions-meteo","19":"tag-republique-francaise","20":"tag-strasbourg"},"share_on_mastodon":{"url":"https:\/\/pubeurope.com\/@fr\/114973189517792707","error":""},"_links":{"self":[{"href":"https:\/\/www.europesays.com\/fr\/wp-json\/wp\/v2\/posts\/296842","targetHints":{"allow":["GET"]}}],"collection":[{"href":"https:\/\/www.europesays.com\/fr\/wp-json\/wp\/v2\/posts"}],"about":[{"href":"https:\/\/www.europesays.com\/fr\/wp-json\/wp\/v2\/types\/post"}],"author":[{"embeddable":true,"href":"https:\/\/www.europesays.com\/fr\/wp-json\/wp\/v2\/users\/2"}],"replies":[{"embeddable":true,"href":"https:\/\/www.europesays.com\/fr\/wp-json\/wp\/v2\/comments?post=296842"}],"version-history":[{"count":0,"href":"https:\/\/www.europesays.com\/fr\/wp-json\/wp\/v2\/posts\/296842\/revisions"}],"wp:featuredmedia":[{"embeddable":true,"href":"https:\/\/www.europesays.com\/fr\/wp-json\/wp\/v2\/media\/296843"}],"wp:attachment":[{"href":"https:\/\/www.europesays.com\/fr\/wp-json\/wp\/v2\/media?parent=296842"}],"wp:term":[{"taxonomy":"category","embeddable":true,"href":"https:\/\/www.europesays.com\/fr\/wp-json\/wp\/v2\/categories?post=296842"},{"taxonomy":"post_tag","embeddable":true,"href":"https:\/\/www.europesays.com\/fr\/wp-json\/wp\/v2\/tags?post=296842"}],"curies":[{"name":"wp","href":"https:\/\/api.w.org\/{rel}","templated":true}]}}