{"id":296844,"date":"2025-08-04T23:53:20","date_gmt":"2025-08-04T23:53:20","guid":{"rendered":"https:\/\/www.europesays.com\/fr\/296844\/"},"modified":"2025-08-04T23:53:20","modified_gmt":"2025-08-04T23:53:20","slug":"un-chateau-organise-un-apero-concert-a-1h-de-strasbourg","status":"publish","type":"post","link":"https:\/\/www.europesays.com\/fr\/296844\/","title":{"rendered":"un ch\u00e2teau organise un ap\u00e9ro-concert \u00e0 1h de Strasbourg !"},"content":{"rendered":"<p>    <img loading=\"lazy\" width=\"1800\" height=\"900\" src=\"https:\/\/www.europesays.com\/fr\/wp-content\/uploads\/2025\/04\/jeanne-callthepolice.jpg\" class=\"attachment-full size-full\" alt=\"\" id=\"imageLove\" decoding=\"async\"  \/><\/p>\n<p id=\"breadcrumbs\"><a href=\"https:\/\/pokaa.fr\/\" target=\"_blank\" rel=\"noopener\">Accueil<\/a> \/ <a href=\"https:\/\/pokaa.fr\/categories\/ses-sorties\/\" target=\"_blank\" rel=\"noopener\">Sorties<\/a> \/ Trinquer \u00e0 400 m\u00e8tres d\u2019altitude : un ch\u00e2teau organise un ap\u00e9ro-concert \u00e0 1h de Strasbourg !<\/p>\n<p>                    Sorties<\/p>\n<p><b>Ils portent bien leur nom\u00a0: Mountain Men. Le 13 ao\u00fbt, le duo (compos\u00e9 de Mister Mat, r\u00e9v\u00e9l\u00e9 par The Voice, et de Barefoot iano) nous emm\u00e8ne prendre de la hauteur, \u00e0 400 m\u00e8tres d\u2019altitude et \u00e0 1h de Strasbourg. Direction le ch\u00e2teau de Lichtenberg pour un concert d\u2019exception, dans le cadre de la 22\u00e8me \u00e9dition d\u2019Au Gr\u00e8s du Jazz. Une soir\u00e9e \u00e0 prolonger gr\u00e2ce \u00e0 un ap\u00e9ro insolite avec d\u00e9gustation et visite.<\/b><\/p>\n<p>Et si on profitait de l\u2019\u00e9t\u00e9 pour s\u2019\u00e9vader\u00a0? <b>Le festival Au Gr\u00e8s du Jazz, dont la 22\u00e8me \u00e9dition se tiendra du 9 au 17 ao\u00fbt \u00e0 La Petite-Pierre, s\u2019invite pour un moment suspendu au ch\u00e2teau de Lichtenberg<\/b>.<\/p>\n<p>Situ\u00e9 \u00e0 400 m\u00e8tres d\u2019altitude, <b>au c\u0153ur du Parc naturel r\u00e9gional des Vosges du Nord et \u00e0 1h de route de Strasbourg<\/b>, le ch\u00e2teau est <b>un <\/b><b>\u00ab\u00a0joyau patrimonial\u00a0\u00bb<\/b><b> qui cache 800 ans d\u2019histoire <\/b>derri\u00e8re ses portes.<\/p>\n<p>                <img width=\"375\" height=\"500\" src=\"https:\/\/www.europesays.com\/fr\/wp-content\/uploads\/2025\/08\/fete-medievale-2022-credit-nadine-heitmann-cchlpp-6-scaled-e1680865126258-375x500.jpeg\" class=\"attachment-gallery size-gallery\" alt=\"F\u00eate m\u00e9di\u00e9vale Ch\u00e2teau de Lichtenberg\" data-full-url=\"https:\/\/pokaa.fr\/wp-content\/uploads\/2023\/04\/fete-medievale-2022-credit-nadine-heitmann-cchlpp-6-1500x2000.jpeg\" decoding=\"async\" loading=\"lazy\"  \/>            <\/p>\n<p>                <img width=\"667\" height=\"500\" src=\"https:\/\/www.europesays.com\/fr\/wp-content\/uploads\/2025\/08\/351638282-222262217319135-2972946293996651251-n-667x500.jpg\" class=\"attachment-gallery size-gallery\" alt=\"ch\u00e2teau lichtenberg alsace tourisme (4)\" data-full-url=\"https:\/\/pokaa.fr\/wp-content\/uploads\/2023\/06\/351638282-222262217319135-2972946293996651251-n-1500x1125.jpg\" decoding=\"async\" loading=\"lazy\"  \/>            <\/p>\n<p>                <img width=\"664\" height=\"500\" src=\"https:\/\/www.europesays.com\/fr\/wp-content\/uploads\/2025\/08\/concert-2023-credits-cchlpp-13-664x500.jpeg\" class=\"attachment-gallery size-gallery\" alt=\"Concert 2023 Cr\u00e9dits CCHLPP (13) Lichtenberg\" data-full-url=\"https:\/\/pokaa.fr\/wp-content\/uploads\/2024\/07\/03\/concert-2023-credits-cchlpp-13.jpeg\" decoding=\"async\" loading=\"lazy\"  \/>            <\/p>\n<p>                    1. 3. \u00a9\u00a0CCHLPP \/ Documents remis ; 2. \u00a9 Coraline Lafon \/ Pokaa<\/p>\n<p>    <img width=\"800\" height=\"533\" src=\"https:\/\/www.europesays.com\/fr\/wp-content\/uploads\/2025\/08\/chateau-de-lichtenberg-eric-wilhelmy-cchlpp-10-800x533.jpg\" class=\"attachment-image-size-L size-image-size-L\" alt=\"Ch\u00e2teau de Lichtenberg \u00a9 Eric Wilhelmy-CCHLPP (10)\" decoding=\"async\" loading=\"lazy\"  \/>         Ch\u00e2teau de Lichtenberg. \u00a9 \u00c9ric Wilhelmy &#8211; CCHPP \/ Document remis <\/p>\n<p>Si le festival s\u2019invitera dans divers lieux de la r\u00e9gion (avec \u00e0 l\u2019affiche Ayo, Flavia Coelho et bien d\u2019autres, dont quelques groupes locaux comme T\u00e9kl\u00e9mek ou Las Baklavas), <b>le mercredi 13 ao\u00fbt<\/b>, ce sont les <b>Mountain Men<\/b> qui viendront gravir la colline du ch\u00e2teau.<\/p>\n<p>    <img width=\"800\" height=\"400\" src=\"https:\/\/www.europesays.com\/fr\/wp-content\/uploads\/2025\/08\/tremplin-blues-sur-seine-mountain-men-aurelien-perriaud-800x400.jpg\" class=\"attachment-image-size-L size-image-size-L\" alt=\"Mountain Men\" decoding=\"async\" loading=\"lazy\"  \/>         Mountain Men. \u00a9 Aur\u00e9lien Perriaud \/ Document remis <\/p>\n<p>Mountain Men\u00a0: concert en altitude<\/p>\n<p>Des Mountain Men, les amateurs\/rices de <b>The Voice<\/b> reconna\u00eetront probablement <b>Mister Mat<\/b>, et sa \u00ab\u00a0voix de velours\u00a0\u00bb. <b>Apr\u00e8s trois ans de pause, ce dernier retrouve Barefoot iano<\/b>, \u00ab\u00a0harmoniciste aux semelles libres\u00a0\u00bb et moiti\u00e9 du duo.<\/p>\n<p>\u00ab\u00a0Ensemble, ils reprennent la route qui les avait men\u00e9s \u00e0 <b>plus de 1000 concerts autour du monde<\/b> \u2014 entre \u00e9nergie brute, \u00e9motion sans appr\u00eat et humour fraternel\u00a0\u00bb, nous dit-on.<\/p>\n<\/p>\n<p>Et c\u2019est au sommet du ch\u00e2teau de Lichtenberg qu\u2019ils feront entendre \u00ab\u00a0leur <b>blues aussi puissant que sinc\u00e8re <\/b>[\u2026] entre ciel ouvert et vieilles pierres\u00a0\u00bb. Avec pour paysage : la nature environnante et le cadre majestueux qu\u2019offre ce ch\u00e2teau qui traverse les \u00e2ges.<\/p>\n<p>    <img width=\"800\" height=\"360\" src=\"https:\/\/www.europesays.com\/fr\/wp-content\/uploads\/2025\/08\/chateau-de-lichtenberg-automne-2021-laure-vernuse-credits-cchlpp-53-800x360.jpg\" class=\"attachment-image-size-L size-image-size-L\" alt=\"Chateau de Lichtenberg\" decoding=\"async\" loading=\"lazy\"  \/>         \u00a9 Laure Vernuse \/ CCHLPP &#8211; Document remis <\/p>\n<p>Soir\u00e9e au ch\u00e2teau<\/p>\n<p>Pour se croire ch\u00e2telain(e) le temps d\u2019une soir\u00e9e, pourquoi ne pas prolonger l\u2019exp\u00e9rience ? Apr\u00e8s le concert et la fermeture du site, <b>le ch\u00e2teau proposera une soir\u00e9e intimiste et in\u00e9dite<\/b>.<\/p>\n<p>\u00c0 la carte\u00a0? <b>Une visite guid\u00e9e en toute exclusivit\u00e9<\/b>, suivie d\u2019une<b> d\u00e9gustation de bi\u00e8res artisanales assur\u00e9e par la brasserie Le Centi\u00e8me Singe<\/b> \u2013 celle-ci brassant par ailleurs <b>la 1206, la bi\u00e8re officielle du ch\u00e2teau<\/b>.<\/p>\n<p>Pour accompagner ? Des <b>bouch\u00e9es ap\u00e9ritives<\/b> et un coucher de soleil sur la r\u00e9gion, \u00e0 consommer, lui, sans mod\u00e9ration.<\/p>\n<p>                <a href=\"https:\/\/pokaa.fr\/2025\/03\/26\/le-chateau-de-lichtenberg-20-rendez-vous-festifs-pour-partir-a-laventure-a-1h-de-strasbourg\/\" target=\"_blank\" rel=\"noopener\"><br \/>\n                    <img width=\"450\" height=\"270\" src=\"https:\/\/www.europesays.com\/fr\/wp-content\/uploads\/2025\/08\/chateau-de-lichtenberg-eric-wilhelmy-cchlpp-10-450x270.jpg\" class=\"attachment-card-horizontal--same-subject size-card-horizontal--same-subject wp-post-image\" alt=\"\" decoding=\"async\" loading=\"lazy\"\/>                <\/a><\/p>\n<p>                            Quatre saisons au ch\u00e2teau de Lichtenberg :<\/p>\n<p>    <img width=\"800\" height=\"600\" src=\"https:\/\/www.europesays.com\/fr\/wp-content\/uploads\/2025\/08\/479713950-3808336772713356-839023030499510211-n-800x600.jpg\" class=\"attachment-image-size-L size-image-size-L\" alt=\"brasserie du Centi\u00e8me Singe\" decoding=\"async\" loading=\"lazy\"  \/>         \u00a9 Page Facebook du ch\u00e2teau de Lichtenberg \/ Capture d&rsquo;\u00e9cran <\/p>\n<p>            Au Gr\u00e8s du Jazz\u00a0: Mountain Men &amp; soir\u00e9e d\u00e9gustation au ch\u00e2teau de Lichtenberg<\/p>\n<p>            Quoi ? <\/p>\n<p>Concert de Mountain Men et soir\u00e9e d\u00e9gustation de bi\u00e8res avec visite guid\u00e9e du ch\u00e2teau<\/p>\n<p>\u00a0<\/p>\n<p>                Quand ?<\/p>\n<p>Le mercredi 13 ao\u00fbt<br \/>Concert des Mountain Men \u00e0 17h<br \/>Puis soir\u00e9e d\u00e9gustation en option, apr\u00e8s fermeture du site<\/p>\n<p>            o\u00f9 ?<\/p>\n<p>Au ch\u00e2teau de Lichtenberg, rue des Cochers, \u00e0 Lichtenberg<\/p>\n<p>                Plus d&rsquo;infos ?<\/p>\n<p><a href=\"https:\/\/billetterie-festival-augresdujazz.mapado.com\/event\/513815-mountain-men\" target=\"_blank\" rel=\"noopener\">Infos et billetterie pour le concert<\/a><br \/><a href=\"https:\/\/www.chateaudelichtenberg.alsace\/evenement\/au-gres-du-jazz-mountain-men\/\" target=\"_blank\" rel=\"noopener\">Infos et billetterie pour la soir\u00e9e d\u00e9gustation<\/a><\/p>\n","protected":false},"excerpt":{"rendered":"Accueil \/ Sorties \/ Trinquer \u00e0 400 m\u00e8tres d\u2019altitude : un ch\u00e2teau organise un ap\u00e9ro-concert \u00e0 1h de&hellip;\n","protected":false},"author":2,"featured_media":296845,"comment_status":"","ping_status":"","sticky":false,"template":"","format":"standard","meta":{"footnotes":""},"categories":[2820],"tags":[1111,11,43727,7722,19271,4305,4811,43728,1697,1777,674,652,1011,27,775,43729,1757,43730,43731,873,12,25,640,43732],"class_list":{"0":"post-296844","1":"post","2":"type-post","3":"status-publish","4":"format-standard","5":"has-post-thumbnail","7":"category-strasbourg","8":"tag-actu","9":"tag-actualites","10":"tag-au-gres-du-jazz","11":"tag-biere","12":"tag-blues","13":"tag-brasserie","14":"tag-chateau","15":"tag-chateau-de-lichtenberg","16":"tag-concert","17":"tag-eu","18":"tag-europe","19":"tag-famille","20":"tag-fr","21":"tag-france","22":"tag-grand-est","23":"tag-hanau-la-petite-pierre","24":"tag-insolite","25":"tag-lichtenberg","26":"tag-mountain-men","27":"tag-musique","28":"tag-news","29":"tag-republique-francaise","30":"tag-strasbourg","31":"tag-vosges-du-nord"},"share_on_mastodon":{"url":"https:\/\/pubeurope.com\/@fr\/114973193619157593","error":""},"_links":{"self":[{"href":"https:\/\/www.europesays.com\/fr\/wp-json\/wp\/v2\/posts\/296844","targetHints":{"allow":["GET"]}}],"collection":[{"href":"https:\/\/www.europesays.com\/fr\/wp-json\/wp\/v2\/posts"}],"about":[{"href":"https:\/\/www.europesays.com\/fr\/wp-json\/wp\/v2\/types\/post"}],"author":[{"embeddable":true,"href":"https:\/\/www.europesays.com\/fr\/wp-json\/wp\/v2\/users\/2"}],"replies":[{"embeddable":true,"href":"https:\/\/www.europesays.com\/fr\/wp-json\/wp\/v2\/comments?post=296844"}],"version-history":[{"count":0,"href":"https:\/\/www.europesays.com\/fr\/wp-json\/wp\/v2\/posts\/296844\/revisions"}],"wp:featuredmedia":[{"embeddable":true,"href":"https:\/\/www.europesays.com\/fr\/wp-json\/wp\/v2\/media\/296845"}],"wp:attachment":[{"href":"https:\/\/www.europesays.com\/fr\/wp-json\/wp\/v2\/media?parent=296844"}],"wp:term":[{"taxonomy":"category","embeddable":true,"href":"https:\/\/www.europesays.com\/fr\/wp-json\/wp\/v2\/categories?post=296844"},{"taxonomy":"post_tag","embeddable":true,"href":"https:\/\/www.europesays.com\/fr\/wp-json\/wp\/v2\/tags?post=296844"}],"curies":[{"name":"wp","href":"https:\/\/api.w.org\/{rel}","templated":true}]}}