{"id":296846,"date":"2025-08-04T23:54:15","date_gmt":"2025-08-04T23:54:15","guid":{"rendered":"https:\/\/www.europesays.com\/fr\/296846\/"},"modified":"2025-08-04T23:54:15","modified_gmt":"2025-08-04T23:54:15","slug":"ogc-nice-benfica-ne-sera-pas-diffuse-a-la-television-comment-regarder-le-match","status":"publish","type":"post","link":"https:\/\/www.europesays.com\/fr\/296846\/","title":{"rendered":"OGC Nice &#8211; Benfica ne sera pas diffus\u00e9 \u00e0 la t\u00e9l\u00e9vision : comment regarder le match\u00a0?"},"content":{"rendered":"<p>            Par<br \/>\n        <strong><br \/>\n            <a href=\"https:\/\/actu.fr\/auteur\/ugo-maillard\" title=\"Consulter tous les articles de Ugo Maillard\" target=\"_blank\" rel=\"noopener\">Ugo Maillard<\/a><br \/>\n        <\/strong><\/p>\n<p>        Publi\u00e9 le<\/p>\n<p>            4 ao\u00fbt 2025 \u00e0 15h31        <\/p>\n<p>Une situation rarissime qui ne va pas r\u00e9jouir les supporters du Gym. Ce mercredi 6\u00a0ao\u00fbt 2025, les joueurs de l\u2019OGC <a href=\"https:\/\/actu.fr\/nice\/\" target=\"_blank\" rel=\"noopener\">Nice<\/a> affrontent le SL Benfica en match aller du <strong>3\u1d49 tour de qualification de la Ligue des champions<\/strong>.<\/p>\n<p class=\" wall-content\">Une rencontre \u00e9minemment importante pour le club azur\u00e9en dans sa qu\u00eate de retrouver la C1.<\/p>\n<p class=\" wall-content\">Malheureusement pour les supporters ni\u00e7ois, le match n\u2019a pas trouv\u00e9 d diffuseur et ne sera pas retransmis \u00e0 la t\u00e9l\u00e9vision. Voici comment profiter du match qui se jouera \u00e0 l\u2019<a href=\"https:\/\/actu.fr\/tag\/allianz-riviera\" target=\"_blank\" rel=\"noopener\">Allianz Riviera<\/a>.<\/p>\n<p>Un syst\u00e8me de pay-per-view<\/p>\n<p class=\" wall-content\">Le coup d\u2019envoi de la partie sera donn\u00e9 \u00e0 21h sur la pelouse ni\u00e7oise. Les supporters rouge et noir pourront tout de m\u00eame suivre la rencontre via un syst\u00e8me de pay-per-view, tr\u00e8s utilis\u00e9 pour les sports de combats.<\/p>\n<p class=\" wall-content\">Sur la plateforme <a href=\"https:\/\/www.solidsport.com\/en\/\" target=\"_blank\" rel=\"noopener\">solidsport<\/a>, il sera possible d\u2019<strong>acheter le match<\/strong> pour la somme de <strong>7,95\u20ac<\/strong>. Attention, cette somme unique permet de visionner uniquement le match aller de ce mercredi 6\u00a0juillet. En ce qui concerne le match retour \u00e0 Benfica, la diffusion en France n\u2019est pas act\u00e9e.<\/p>\n<p class=\" wall-content\">\u00c0 noter que le match se jouera \u00e0 guichets ferm\u00e9s selon les informations d\u2019actu Nice. Un stade plein en raison de la nouvelle jauge fix\u00e9e \u00e0 <strong>27\u2009000\u00a0spectateurs<\/strong> puisque des b\u00e2ches recouvrent certaines parties du stade, et ce, durant toute la saison.<\/p>\n<p class=\" wall-content\">Suivez toute l\u2019actualit\u00e9 de vos villes et m\u00e9dias favoris en vous inscrivant \u00e0 <a href=\"https:\/\/moncompte.actu.fr\" title=\"D\u00e9couvez Mon Actu\" rel=\"nofollow noopener\" data-trk=\"{&quot;cta&quot;:{&quot;action&quot;:&quot;https:\\\/\\\/moncompte.actu.fr&quot;,&quot;category&quot;:&quot;mon compte&quot;,&quot;from&quot;:&quot;article footer&quot;,&quot;name&quot;:&quot;Mon actu&quot;,&quot;type&quot;:&quot;cta&quot;}}\" target=\"_blank\">Mon Actu<\/a>.<\/p>\n<ul class=\"ac-article-tag wall-content\">\n<li><a href=\"https:\/\/actu.fr\/tag\/allianz-riviera\" data-trk=\"{&quot;cta&quot;:{&quot;action&quot;:&quot;Allianz Riviera&quot;,&quot;category&quot;:&quot;tag&quot;,&quot;from&quot;:&quot;article footer&quot;,&quot;name&quot;:&quot;Allianz Riviera&quot;,&quot;type&quot;:&quot;cta&quot;}}\" target=\"_blank\" rel=\"noopener\">#Allianz Riviera<\/a><\/li>\n<li><a href=\"https:\/\/actu.fr\/tag\/ligue-des-champions\" data-trk=\"{&quot;cta&quot;:{&quot;action&quot;:&quot;Ligue des Champions&quot;,&quot;category&quot;:&quot;tag&quot;,&quot;from&quot;:&quot;article footer&quot;,&quot;name&quot;:&quot;Ligue des Champions&quot;,&quot;type&quot;:&quot;cta&quot;}}\" target=\"_blank\" rel=\"noopener\">#Ligue des Champions<\/a><\/li>\n<\/ul>\n","protected":false},"excerpt":{"rendered":"Par Ugo Maillard Publi\u00e9 le 4 ao\u00fbt 2025 \u00e0 15h31 Une situation rarissime qui ne va pas r\u00e9jouir&hellip;\n","protected":false},"author":2,"featured_media":296847,"comment_status":"","ping_status":"","sticky":false,"template":"","format":"standard","meta":{"footnotes":""},"categories":[2819],"tags":[1111,11,5529,1777,674,1011,27,447,12,2401,882,25,60],"class_list":{"0":"post-296846","1":"post","2":"type-post","3":"status-publish","4":"format-standard","5":"has-post-thumbnail","7":"category-nice","8":"tag-actu","9":"tag-actualites","10":"tag-allianz-riviera","11":"tag-eu","12":"tag-europe","13":"tag-fr","14":"tag-france","15":"tag-ligue-des-champions","16":"tag-news","17":"tag-nice","18":"tag-provence-alpes-cote-dazur","19":"tag-republique-francaise","20":"tag-sports"},"share_on_mastodon":{"url":"https:\/\/pubeurope.com\/@fr\/114973197327115342","error":""},"_links":{"self":[{"href":"https:\/\/www.europesays.com\/fr\/wp-json\/wp\/v2\/posts\/296846","targetHints":{"allow":["GET"]}}],"collection":[{"href":"https:\/\/www.europesays.com\/fr\/wp-json\/wp\/v2\/posts"}],"about":[{"href":"https:\/\/www.europesays.com\/fr\/wp-json\/wp\/v2\/types\/post"}],"author":[{"embeddable":true,"href":"https:\/\/www.europesays.com\/fr\/wp-json\/wp\/v2\/users\/2"}],"replies":[{"embeddable":true,"href":"https:\/\/www.europesays.com\/fr\/wp-json\/wp\/v2\/comments?post=296846"}],"version-history":[{"count":0,"href":"https:\/\/www.europesays.com\/fr\/wp-json\/wp\/v2\/posts\/296846\/revisions"}],"wp:featuredmedia":[{"embeddable":true,"href":"https:\/\/www.europesays.com\/fr\/wp-json\/wp\/v2\/media\/296847"}],"wp:attachment":[{"href":"https:\/\/www.europesays.com\/fr\/wp-json\/wp\/v2\/media?parent=296846"}],"wp:term":[{"taxonomy":"category","embeddable":true,"href":"https:\/\/www.europesays.com\/fr\/wp-json\/wp\/v2\/categories?post=296846"},{"taxonomy":"post_tag","embeddable":true,"href":"https:\/\/www.europesays.com\/fr\/wp-json\/wp\/v2\/tags?post=296846"}],"curies":[{"name":"wp","href":"https:\/\/api.w.org\/{rel}","templated":true}]}}