{"id":296849,"date":"2025-08-04T23:56:19","date_gmt":"2025-08-04T23:56:19","guid":{"rendered":"https:\/\/www.europesays.com\/fr\/296849\/"},"modified":"2025-08-04T23:56:19","modified_gmt":"2025-08-04T23:56:19","slug":"une-mediatheque-provisoire-dans-un-quartier-de-cette-commune","status":"publish","type":"post","link":"https:\/\/www.europesays.com\/fr\/296849\/","title":{"rendered":"Une m\u00e9diath\u00e8que provisoire dans un quartier de cette commune"},"content":{"rendered":"<p>Le 14\u00a0juin, la m\u00e9diath\u00e8que de <a href=\"https:\/\/nantes.maville.com\/pays-de-la-loire\/loire-atlantique\/carquefou\/\" target=\"_blank\" rel=\"noopener\">Carquefou<\/a> a ferm\u00e9 ses portes en ville pour environ 18\u00a0mois. Un travail de pr\u00e9paration pour le d\u00e9m\u00e9nagement a \u00e9t\u00e9 r\u00e9alis\u00e9\u00a0; grand tri, classement et recotation de plus de 40\u00a0000\u00a0r\u00e9f\u00e9rences, pr\u00e9paration du mobilier, des bureaux, des rayonnages et fournitures. Puis la m\u00e9diath\u00e8que a d\u00e9m\u00e9nag\u00e9 du 21 au 25\u00a0juillet, pour prendre possession de ses locaux provisoires aux Renaudi\u00e8res durant toute la dur\u00e9e des travaux.<\/p>\n<p>Environ 400\u00a0ouvrages seront disponibles au sein de la ludoth\u00e8que<\/p>\n<p>Une fois tout bien install\u00e9 et rang\u00e9, la m\u00e9diath\u00e8que provisoire ouvrira ses portes le samedi 6\u00a0septembre, permettant d\u2019assurer une continuit\u00e9 de service pendant les travaux aupr\u00e8s des Carquefoliens. La r\u00e9ussite de cette p\u00e9riode de pr\u00e9paration, de d\u00e9m\u00e9nagement et de r\u00e9am\u00e9nagement est le r\u00e9sultat d\u2019un important travail collaboratif des agents de la m\u00e9diath\u00e8que aid\u00e9s par ceux de la Ludoth\u00e8que.<\/p>\n<p>Le 27\u00a0septembre, un temps fort avec spectacle et animations marquera les trois\u00a0coups de l\u2019installation de la m\u00e9diath\u00e8que provisoire et du fonctionnement qui l\u2019accompagne.<\/p>\n<p>Les utilisateurs de la m\u00e9diath\u00e8que ne regarderont plus les livres de la m\u00eame mani\u00e8re avec le spectacle C\u2019est bal\u00e8ze un livre, de la compagnie \u00c0 main lev\u00e9e.\u00a0Une fable fantaisiste au milieu des livres.<\/p>\n<p>Une rencontre \u2013 d\u00e9dicace est pr\u00e9vue avec Camille de Peretti, laur\u00e9ate du Prix des Lecteurs 2024-2025 et une balade comment\u00e9e de l\u2019exposition \u201cArt &amp; Nature\u201d est programm\u00e9e dans l\u2019apr\u00e8s-midi.<\/p>\n<p>Quelques modifications du fonctionnement habituel de la m\u00e9diath\u00e8que H\u00e9l\u00e8ne Carr\u00e8re d\u2019Encausse aux Renaudi\u00e8res sont pr\u00e9vues. Le nombre de pr\u00eats est fix\u00e9 \u00e0 dix r\u00e9f\u00e9rences par abonnement dont deux jeux (au lieu de quinze). La dur\u00e9e des pr\u00eats est fix\u00e9e \u00e0 quatre semaines (au lieu de trois).<\/p>\n<p>Environ 400\u00a0ouvrages seront disponibles au sein de la ludoth\u00e8que. Une permanence mensuelle sera propos\u00e9e au CCAS de 10\u00a0h \u00e0 12\u00a0h le premier mardi de chaque mois, permettant de d\u00e9couvrir et d\u2019emprunter de nouveaux ouvrages avec les conseils avis\u00e9s des biblioth\u00e9caires.<\/p>\n<p>Le service de Transport \u00e0 la Demande (TAD) pourra aider les utilisateurs \u00e0 se rendre aux Renaudi\u00e8res, (renseignements au 02\u00a028\u00a022\u00a020\u00a010). La bo\u00eete de retours sera install\u00e9e \u00e0 c\u00f4t\u00e9 de la ludoth\u00e8que.<\/p>\n<p>pratique<\/p>\n<p>\u00c0 compter du 6\u00a0septembre, la m\u00e9diath\u00e8que aux Renaudi\u00e8res sera ouverte le mardi de 16\u00a0h \u00e0 18\u00a0h\u00a030, le mercredi de 10\u00a0h \u00e0 12\u00a0h\u00a030 et 14\u00a0h \u00e0 18\u00a0h\u00a030, le vendredi de 16\u00a0h \u00e0 18\u00a0h\u00a030 et le samedi de 10\u00a0h \u00e0 17\u00a0h. Durant les travaux, les tarifs sont r\u00e9vis\u00e9s \u00e0 la baisse, afin de s\u2019ajuster \u00e0 l\u2019offre propos\u00e9e et l\u2019abonnement sera automatiquement prolong\u00e9 de la dur\u00e9e du d\u00e9m\u00e9nagement.<\/p>\n<p>\u00a0<\/p>\n","protected":false},"excerpt":{"rendered":"Le 14\u00a0juin, la m\u00e9diath\u00e8que de Carquefou a ferm\u00e9 ses portes en ville pour environ 18\u00a0mois. Un travail de&hellip;\n","protected":false},"author":2,"featured_media":296850,"comment_status":"","ping_status":"","sticky":false,"template":"","format":"standard","meta":{"footnotes":""},"categories":[2818],"tags":[1111,11,7052,1777,674,1011,27,16582,766,12,2636,6190,5775,25,3272],"class_list":{"0":"post-296849","1":"post","2":"type-post","3":"status-publish","4":"format-standard","5":"has-post-thumbnail","7":"category-nantes","8":"tag-actu","9":"tag-actualites","10":"tag-commune","11":"tag-eu","12":"tag-europe","13":"tag-fr","14":"tag-france","15":"tag-mediatheque","16":"tag-nantes","17":"tag-news","18":"tag-pays-de-la-loire","19":"tag-provisoire","20":"tag-quartier","21":"tag-republique-francaise","22":"tag-saint-nazaire"},"share_on_mastodon":{"url":"https:\/\/pubeurope.com\/@fr\/114973205231150148","error":""},"_links":{"self":[{"href":"https:\/\/www.europesays.com\/fr\/wp-json\/wp\/v2\/posts\/296849","targetHints":{"allow":["GET"]}}],"collection":[{"href":"https:\/\/www.europesays.com\/fr\/wp-json\/wp\/v2\/posts"}],"about":[{"href":"https:\/\/www.europesays.com\/fr\/wp-json\/wp\/v2\/types\/post"}],"author":[{"embeddable":true,"href":"https:\/\/www.europesays.com\/fr\/wp-json\/wp\/v2\/users\/2"}],"replies":[{"embeddable":true,"href":"https:\/\/www.europesays.com\/fr\/wp-json\/wp\/v2\/comments?post=296849"}],"version-history":[{"count":0,"href":"https:\/\/www.europesays.com\/fr\/wp-json\/wp\/v2\/posts\/296849\/revisions"}],"wp:featuredmedia":[{"embeddable":true,"href":"https:\/\/www.europesays.com\/fr\/wp-json\/wp\/v2\/media\/296850"}],"wp:attachment":[{"href":"https:\/\/www.europesays.com\/fr\/wp-json\/wp\/v2\/media?parent=296849"}],"wp:term":[{"taxonomy":"category","embeddable":true,"href":"https:\/\/www.europesays.com\/fr\/wp-json\/wp\/v2\/categories?post=296849"},{"taxonomy":"post_tag","embeddable":true,"href":"https:\/\/www.europesays.com\/fr\/wp-json\/wp\/v2\/tags?post=296849"}],"curies":[{"name":"wp","href":"https:\/\/api.w.org\/{rel}","templated":true}]}}