{"id":296852,"date":"2025-08-04T23:59:10","date_gmt":"2025-08-04T23:59:10","guid":{"rendered":"https:\/\/www.europesays.com\/fr\/296852\/"},"modified":"2025-08-04T23:59:10","modified_gmt":"2025-08-04T23:59:10","slug":"previsions-du-mardi-5-aout-2025-4","status":"publish","type":"post","link":"https:\/\/www.europesays.com\/fr\/296852\/","title":{"rendered":"pr\u00e9visions du mardi 5 ao\u00fbt 2025"},"content":{"rendered":"<p>Bordeaux aura la chance de pouvoir profiter d&rsquo;une belle journ\u00e9e ensoleill\u00e9e. Les maximales iront jusqu&rsquo;\u00e0 30\u00b0C tandis que les minimales seront de 15\u00b0C. Un vent de nord-ouest soufflera un peu, avec 13 km\/h dans la matin\u00e9e. L&rsquo;air ambiant va se r\u00e9chauffer l&rsquo;apr\u00e8s-midi avec une augmentation de plusieurs degr\u00e9s. L&rsquo;\u00e9pisode de fortes chaleurs est bien l\u00e0, avec des valeurs qui risqueront d&rsquo;aller jusqu&rsquo;\u00e0 30\u00b0C. On passera de mardi \u00e0 mercredi par une nuit claire.<\/p>\n<p>C&rsquo;est un soleil splendide qui va briller demain sur Bordeaux. C&rsquo;est une hausse de quelques degr\u00e9s que vont conna\u00eetre les temp\u00e9ratures. La ville va subir un passage de grosses chaleurs avec des temp\u00e9ratures qui rejoindront parfois les 34\u00b0C. Les valeurs afficheront entre 14 et 34\u00b0C. Un vent de nord-est rafra\u00eechira l\u00e9g\u00e8rement l&rsquo;atmosph\u00e8re. Le matin, le mercure affichera 22\u00b0C en moyenne. Les temp\u00e9ratures vont enregistrer une augmentation de plusieurs degr\u00e9s dans l&rsquo;apr\u00e8s-midi. Les valeurs \u00e9volueront entre 31 et 34\u2009\u00b0C. La soir\u00e9e va se trouver vraiment chaude : pr\u00e8s de 32\u00b0C.<\/p>\n<p>Pour les jours qui suivent, la m\u00e9t\u00e9o ne bougera pas. On anticipe des journ\u00e9es ensoleill\u00e9es, accompagn\u00e9es par des temp\u00e9ratures dans les 39\u00b0C en moyenne.<\/p>\n<p><\/p>\n","protected":false},"excerpt":{"rendered":"Bordeaux aura la chance de pouvoir profiter d&rsquo;une belle journ\u00e9e ensoleill\u00e9e. Les maximales iront jusqu&rsquo;\u00e0 30\u00b0C tandis que&hellip;\n","protected":false},"author":2,"featured_media":296853,"comment_status":"","ping_status":"","sticky":false,"template":"","format":"standard","meta":{"footnotes":""},"categories":[2817],"tags":[1111,11,1997,1777,674,1011,27,12,2219,2119,25],"class_list":{"0":"post-296852","1":"post","2":"type-post","3":"status-publish","4":"format-standard","5":"has-post-thumbnail","7":"category-bordeaux","8":"tag-actu","9":"tag-actualites","10":"tag-bordeaux","11":"tag-eu","12":"tag-europe","13":"tag-fr","14":"tag-france","15":"tag-news","16":"tag-nouvelle-aquitaine","17":"tag-previsions-meteo","18":"tag-republique-francaise"},"share_on_mastodon":{"url":"https:\/\/pubeurope.com\/@fr\/114973216963718039","error":""},"_links":{"self":[{"href":"https:\/\/www.europesays.com\/fr\/wp-json\/wp\/v2\/posts\/296852","targetHints":{"allow":["GET"]}}],"collection":[{"href":"https:\/\/www.europesays.com\/fr\/wp-json\/wp\/v2\/posts"}],"about":[{"href":"https:\/\/www.europesays.com\/fr\/wp-json\/wp\/v2\/types\/post"}],"author":[{"embeddable":true,"href":"https:\/\/www.europesays.com\/fr\/wp-json\/wp\/v2\/users\/2"}],"replies":[{"embeddable":true,"href":"https:\/\/www.europesays.com\/fr\/wp-json\/wp\/v2\/comments?post=296852"}],"version-history":[{"count":0,"href":"https:\/\/www.europesays.com\/fr\/wp-json\/wp\/v2\/posts\/296852\/revisions"}],"wp:featuredmedia":[{"embeddable":true,"href":"https:\/\/www.europesays.com\/fr\/wp-json\/wp\/v2\/media\/296853"}],"wp:attachment":[{"href":"https:\/\/www.europesays.com\/fr\/wp-json\/wp\/v2\/media?parent=296852"}],"wp:term":[{"taxonomy":"category","embeddable":true,"href":"https:\/\/www.europesays.com\/fr\/wp-json\/wp\/v2\/categories?post=296852"},{"taxonomy":"post_tag","embeddable":true,"href":"https:\/\/www.europesays.com\/fr\/wp-json\/wp\/v2\/tags?post=296852"}],"curies":[{"name":"wp","href":"https:\/\/api.w.org\/{rel}","templated":true}]}}