{"id":296854,"date":"2025-08-05T00:00:49","date_gmt":"2025-08-05T00:00:49","guid":{"rendered":"https:\/\/www.europesays.com\/fr\/296854\/"},"modified":"2025-08-05T00:00:49","modified_gmt":"2025-08-05T00:00:49","slug":"pres-de-toulouse-pour-sauver-ses-ruches-des-frelons-asiatiques-cet-apiculteur-utilise-un-systeme-bien-rode","status":"publish","type":"post","link":"https:\/\/www.europesays.com\/fr\/296854\/","title":{"rendered":"Pr\u00e8s de Toulouse. Pour sauver ses ruches des frelons asiatiques, cet apiculteur utilise un syst\u00e8me bien rod\u00e9"},"content":{"rendered":"<p>            Par<br \/>\n        <strong><br \/>\n            <a href=\"https:\/\/actu.fr\/auteur\/nina-hossein-zadeh\" title=\"Consulter tous les articles de Nina Hossein-Zadeh\" rel=\"nofollow noopener\" target=\"_blank\">Nina Hossein-Zadeh<\/a><br \/>\n        <\/strong><\/p>\n<p>        Publi\u00e9 le<\/p>\n<p>            4 ao\u00fbt 2025 \u00e0 13h22        <\/p>\n<p>Elles butinent, passent de fleurs en fleurs et rapportent<a href=\"https:\/\/actu.fr\/occitanie\/toulouse_31555\/toulouse-le-saviez-vous-des-ruches-sont-installees-sur-ce-grand-site-industriel_59965424.html\" rel=\"nofollow noopener\" target=\"_blank\"> dans leur ruche<\/a> le pollen qui servira \u00e0 concevoir un miel savoureux.<strong> Micka\u00ebl Bigarr\u00e9,<\/strong> \u00e9ducateur sp\u00e9cialis\u00e9 de formation, est devenu apiculteur sur son temps libre en 2017 \u00e0 L\u2019Union, pr\u00e8s de <a href=\"https:\/\/actu.fr\/toulouse\/\" rel=\"nofollow noopener\" target=\"_blank\"><strong>Toulouse<\/strong><\/a>, en ouvrant <strong>La Miellerie des Sables.<\/strong> Ses abeilles, il leur rend visite plusieurs fois par semaine et au fil des ann\u00e9es, il a constat\u00e9 une recrudescence des frelons asiatiques.<strong> \u00ab\u2009J\u2019avais dix <a href=\"https:\/\/actu.fr\/occitanie\/plaisance-du-touch_31424\/pres-de-toulouse-une-ecole-fermee-en-raison-de-la-presence-massive-de-frelons-asiatiques_62754256.html\" rel=\"nofollow noopener\" target=\"_blank\">frelons asiatiques<\/a> devant chaque ruche et les abeilles ne sortaient plus.\u2009\u00bb<\/strong> Pour garantir le travail de ses petites ouvri\u00e8res et leur s\u00e9curit\u00e9, il a investi dans un syst\u00e8me bien rod\u00e9.<\/p>\n<p>Des abeilles qui vivent en s\u00e9curit\u00e9<\/p>\n<p class=\" wall-content\">La p\u00e9riode est propice aux frelons asiatiques. Du mois d\u2019ao\u00fbt, jusqu\u2019aux premi\u00e8res gel\u00e9es de novembre, les pr\u00e9dateurs sont de sortie. Autour des ruches, ils tournent en rond, jusqu\u2019\u00e0 attraper une abeille. D\u2019ordinaire,<strong> lorsque les frelons attendent et attaquent leur proie, les abeilles n\u2019osent plus sortir de leurs ruches.<\/strong><\/p>\n<p class=\" wall-content\">\u00ab\u2009Vous voyez, les abeilles vivent ici, elles continuent \u00e0 sortir et revenir avec du pollen\u2009\u00bb, s\u2019enthousiasme Micka\u00ebl Bigarr\u00e9. En effet, ses abeilles ne semblent pas frileuses et continuent de travailler activement. Il faut dire qu\u2019autour de leurs ruches sont positionn\u00e9es plusieurs<strong> harpes \u00e0 frelon<\/strong>, un dispositif \u00e9lectrique qui sauve le rucher de l\u2019apiculteur.<\/p>\n<p class=\" wall-content\">\n<p>Une mauvaise vue et c\u2019est l\u2019\u00e9lectrocution<\/p>\n<p class=\" wall-content\">\u00ab\u2009Je regroupe les ruches par paquet de deux ou trois et je positionne la harpe\u2009: \u00e7a leur offre un couloir d\u2019envol\u2009\u00bb, explique Micka\u00ebl en installant son syst\u00e8me. Sur des tasseaux en bois, plusieurs fils \u00e9lectriques, parfaitement tendus et <strong>espac\u00e9s de 2,5\u00a0cm<\/strong>, laisse les abeilles passer\u2026 Pas les pr\u00e9dateurs\u2009!<\/p>\n<p class=\" wall-content\">\u00ab\u2009Le frelon lui, il va tourner autour de la ruche et finir par se faire attraper par les fils\u2009\u00bb, espac\u00e9s \u00e0 la taille de l\u2019insecte. <strong>\u00ab\u2009Le frelon asiatique n\u2019a pas une bonne vue\u2009\u00bb, explique l\u2019apiculteur, \u00ab\u2009il ne voit pas les fils, donc forc\u00e9ment, il se les prend.\u2009\u00bb<\/strong> Une fois \u00e9lectrocut\u00e9, l\u2019insecte tombe dans une bassine d\u2019eau et de liquide vaisselle. \u00ab\u2009\u00c7a \u00e9vite qu\u2019il puisse repartir.\u2009\u00bb<\/p>\n<p>    <img   decoding=\"async\" loading=\"lazy\" src=\"https:\/\/www.europesays.com\/fr\/wp-content\/uploads\/2025\/08\/bassine-de-frelons-960x640.jpg\" alt=\"Dans cette bassine d'eau et de liquide vaisselle plac\u00e9e sous les harpes, plusieurs frelons morts stagnes.\" width=\"960\" height=\"640\"\/><br \/>\n    Dans cette bassine d\u2019eau et de liquide vaisselle plac\u00e9e sous les harpes, plusieurs frelons morts stagnent. (\u00a9Nina Hossein-Zadeh \/ Actu Toulouse)<\/p>\n<p class=\" wall-content\">C\u2019est en cherchant sur internet, sur des forums, que Micka\u00ebl Bigarr\u00e9 finit par entendre parler de ces harpes \u00e0 frelon. \u00ab\u2009J\u2019en avais achet\u00e9 une \u00e0 l\u2019\u00e9poque, mais c\u2019\u00e9tait tr\u00e8s on\u00e9reux.\u2009\u00bb Bricoleur, il d\u00e9cide d\u2019utiliser les plans du syst\u00e8me, rendus publics, pour<strong> le fabriquer lui-m\u00eame.<\/strong><\/p>\n<p class=\" wall-content\">Un panneau solaire et son g\u00e9n\u00e9rateur achet\u00e9s pour 20 euros, des tasseaux de bois et du mat\u00e9riel de r\u00e9cup\u00e9ration et le tour est jou\u00e9. \u00ab\u2009\u00c7a me revient \u00e0 30 euros la harpe \u00e0 frelon.\u2009\u00bb<\/p>\n<p>    <img   decoding=\"async\" loading=\"lazy\" src=\"https:\/\/www.europesays.com\/fr\/wp-content\/uploads\/2025\/08\/harpe-a-frelon-960x640.jpg\" alt=\"Mcika\u00ebl Bigarr\u00e9 installe les harpes \u00e0 frelon autour de son rucher \u00e0 L'Union pr\u00e8s de Toulouse.\" width=\"960\" height=\"640\"\/><br \/>\n    Mcika\u00ebl Bigarr\u00e9 installe les harpes \u00e0 frelon autour de son rucher \u00e0 L\u2019Union pr\u00e8s de Toulouse. (\u00a9Nina Hossein-Zadeh \/ Actu Toulouse)\u00ab\u2009La meilleure r\u00e9ponse au probl\u00e8me\u2009\u00bb, dit Micka\u00ebl Bigarr\u00e9<\/p>\n<p class=\" wall-content\">Ce dispositif, dit-il, m\u00e9rite de se faire conna\u00eetre aupr\u00e8s des amateurs. \u00ab\u2009Pour les professionnels, ce n\u2019est pas possible \u00e0 utiliser vu la quantit\u00e9 de ruches. Mais lorsqu\u2019on est passionn\u00e9 et amateur, c\u2019est selon moi la meilleure r\u00e9ponse au probl\u00e8me.\u2009\u00bb<\/p>\n<p class=\" wall-content\">Avant de tester ces harpes \u00e0 frelon, Micka\u00ebl Bigarr\u00e9 avait utilis\u00e9 des portes anti-frelons, ou encore des museli\u00e8res \u00ab\u2009pour emp\u00eacher les frelons de passer\u2009\u00bb dans les ruches. \u00ab\u2009Mais je n\u2019ai pas trouv\u00e9 \u00e7a efficace\u2009\u00bb, conclut-il.<\/p>\n<p class=\" wall-content\">Sans ses harpes \u00e0 frelon, \u00ab\u2009c\u2019est <strong>une abeille toutes les deux secondes qui est pr\u00e9lev\u00e9e\u2009\u00bb.<\/strong> Aujourd\u2019hui, il a quelques pertes, mais son rucher continue de vivre et ne meurt pas en hiver. \u00ab\u2009Je pense que si je ne mettais rien, je perdrais quasiment toutes les ruches. Le frelon asiatique, si on ne s\u2019en prot\u00e8ge pas, il d\u00e9cime tout.\u2009\u00bb<\/p>\n<p>    <img   decoding=\"async\" loading=\"lazy\" src=\"https:\/\/www.europesays.com\/fr\/wp-content\/uploads\/2025\/08\/apiculteur-toulouse-960x640.jpg\" alt=\"Les ruches de la Miellerie des sables \u00e0 L'Union pr\u00e8s de Toulouse.\" width=\"960\" height=\"640\"\/><br \/>\n    Les ruches de La Miellerie des Sables \u00e0 L\u2019Union pr\u00e8s de Toulouse. (\u00a9Nina Hossein-Zadeh \/ Actu Toulouse)Un passionn\u00e9 qui esp\u00e8re \u00e9duquer<\/p>\n<p class=\" wall-content\">\u00ab\u2009Piqu\u00e9\u2009\u00bb par ce m\u00e9tier d\u2019apiculteur, il en fait surtout une passion. Apr\u00e8s la r\u00e9colte, il vend son miel au 47 rue des Sables \u00e0 L\u2019Union. Un moyen de \u00ab\u2009continuer de faire vivre le rucher\u2009\u00bb.<\/p>\n<p class=\" wall-content\">Lorsqu\u2019il ne dorlote pas ses abeilles, <strong>Micka\u00ebl Bigarr\u00e9 fait des interventions en \u00e9cole pour faire de la p\u00e9dagogie autour de l\u2019insecte pollinisateur.<\/strong><\/p>\n<p>    <img   decoding=\"async\" loading=\"lazy\" src=\"https:\/\/www.europesays.com\/fr\/wp-content\/uploads\/2025\/08\/mickael-bigarre-960x640.jpg\" alt=\"Micka\u00ebl Bigarr\u00e9 est un apiculteur passionn\u00e9, qui s'occupe de ses abeilles sur son temps libre.\" width=\"960\" height=\"640\"\/><br \/>\n    Micka\u00ebl Bigarr\u00e9 est un apiculteur passionn\u00e9, qui s\u2019occupe de ses abeilles sur son temps libre. (\u00a9Nina Hossein-Zadeh \/ Actu Toulouse)<\/p>\n<p class=\" wall-content\">Aujourd\u2019hui, il esp\u00e8re populariser le dispositif des harpes \u00e0 frelon aupr\u00e8s des apiculteurs pour \u00ab\u2009prot\u00e9ger les ruches\u2009\u00bb.<\/p>\n<p class=\" wall-content\">Suivez toute l\u2019actualit\u00e9 de vos villes et m\u00e9dias favoris en vous inscrivant \u00e0 <a href=\"https:\/\/moncompte.actu.fr\" title=\"D\u00e9couvez Mon Actu\" rel=\"nofollow noopener\" data-trk=\"{&quot;cta&quot;:{&quot;action&quot;:&quot;https:\\\/\\\/moncompte.actu.fr&quot;,&quot;category&quot;:&quot;mon compte&quot;,&quot;from&quot;:&quot;article footer&quot;,&quot;name&quot;:&quot;Mon actu&quot;,&quot;type&quot;:&quot;cta&quot;}}\" target=\"_blank\">Mon Actu<\/a>.<\/p>\n","protected":false},"excerpt":{"rendered":"Par Nina Hossein-Zadeh Publi\u00e9 le 4 ao\u00fbt 2025 \u00e0 13h22 Elles butinent, passent de fleurs en fleurs et&hellip;\n","protected":false},"author":2,"featured_media":296855,"comment_status":"","ping_status":"","sticky":false,"template":"","format":"standard","meta":{"footnotes":""},"categories":[2816],"tags":[1111,11,327,1777,674,1011,27,12,2680,25,104,2312],"class_list":{"0":"post-296854","1":"post","2":"type-post","3":"status-publish","4":"format-standard","5":"has-post-thumbnail","7":"category-toulouse","8":"tag-actu","9":"tag-actualites","10":"tag-agriculture","11":"tag-eu","12":"tag-europe","13":"tag-fr","14":"tag-france","15":"tag-news","16":"tag-occitanie","17":"tag-republique-francaise","18":"tag-societe","19":"tag-toulouse"},"share_on_mastodon":{"url":"https:\/\/pubeurope.com\/@fr\/114973224853826295","error":""},"_links":{"self":[{"href":"https:\/\/www.europesays.com\/fr\/wp-json\/wp\/v2\/posts\/296854","targetHints":{"allow":["GET"]}}],"collection":[{"href":"https:\/\/www.europesays.com\/fr\/wp-json\/wp\/v2\/posts"}],"about":[{"href":"https:\/\/www.europesays.com\/fr\/wp-json\/wp\/v2\/types\/post"}],"author":[{"embeddable":true,"href":"https:\/\/www.europesays.com\/fr\/wp-json\/wp\/v2\/users\/2"}],"replies":[{"embeddable":true,"href":"https:\/\/www.europesays.com\/fr\/wp-json\/wp\/v2\/comments?post=296854"}],"version-history":[{"count":0,"href":"https:\/\/www.europesays.com\/fr\/wp-json\/wp\/v2\/posts\/296854\/revisions"}],"wp:featuredmedia":[{"embeddable":true,"href":"https:\/\/www.europesays.com\/fr\/wp-json\/wp\/v2\/media\/296855"}],"wp:attachment":[{"href":"https:\/\/www.europesays.com\/fr\/wp-json\/wp\/v2\/media?parent=296854"}],"wp:term":[{"taxonomy":"category","embeddable":true,"href":"https:\/\/www.europesays.com\/fr\/wp-json\/wp\/v2\/categories?post=296854"},{"taxonomy":"post_tag","embeddable":true,"href":"https:\/\/www.europesays.com\/fr\/wp-json\/wp\/v2\/tags?post=296854"}],"curies":[{"name":"wp","href":"https:\/\/api.w.org\/{rel}","templated":true}]}}